{"id":1256437,"date":"2026-08-24T00:16:19","date_gmt":"2026-08-24T00:16:19","guid":{"rendered":"https:\/\/www.europesays.com\/de\/1256437\/"},"modified":"2026-08-24T00:16:19","modified_gmt":"2026-08-24T00:16:19","slug":"gegen-schulden-kritiker-in-union-spd-praesidium-feiert-erste-erfolge-des-sondervermoegens","status":"publish","type":"post","link":"https:\/\/www.europesays.com\/de\/1256437\/","title":{"rendered":"Gegen Schulden-Kritiker in Union: SPD-Pr\u00e4sidium feiert erste Erfolge des Sonderverm\u00f6gens"},"content":{"rendered":"<p>Gegen Schulden-Kritiker in UnionSPD-Pr\u00e4sidium feiert erste Erfolge des Sonderverm\u00f6gens<\/p>\n<p>24.08.2026, 00:06 Uhr <\/p>\n<p>Artikel anh\u00f6ren(03:31 min)<\/p>\n<p><img decoding=\"async\" class=\"Image_img__fQCi0 Image_Img_16_9__4BLfH widget-picture-inline_maximizable__t_E7h\" loading=\"eager\" fetchpriority=\"high\" src=\"https:\/\/www.europesays.com\/de\/wp-content\/uploads\/2026\/08\/Lars-Klingbeil-SPD-Bundesminister-der-Finanzen-Vizekanzler-und-SPD-Bundesvorsitzender-nimmt-an-der-W.webp\" alt=\"Lars-Klingbeil-SPD-Bundesminister-der-Finanzen-Vizekanzler-und-SPD-Bundesvorsitzender-nimmt-an-der-Wahlkampfveranstaltung-der-SPD-mit-dem-Buergerdialog-Kohl-Koepfe-teil\"\/>SPD-Chef Klingbeil verantwortet als Finanzminister das schuldenfinanzierte Sonderverm\u00f6gen. (Foto: picture alliance\/dpa)<\/p>\n<p class=\"Typography_text-m__XI0da Typography_weight-bold__uT6mq storyline_lead_text_leadtext__q_wg8\">Aus dem 500-Milliarden-Sonderverm\u00f6gen sind im ersten Jahr wie geplant rund 50 Milliarden Euro abgeflossen. W\u00e4hrend in der Union der Unmut \u00fcber die XXL-Schulden anh\u00e4lt, freut sich das SPD-Pr\u00e4sidium in einem eigenen Beschluss \u00fcber den Geldsegen f\u00fcr die Infrastruktur. <\/p>\n<p class=\"Typography_text-default__P3otY Typography_weight-normal__pqUbH storyline_paragraph_p__qSR5N\">Kurz vor der Kabinettsklausur hebt die SPD-Spitze in einem Pr\u00e4sidiumsbeschluss die Wirksamkeit des 500-Milliarden-Sonderverm\u00f6gens hervor und unterstreicht damit die Bedeutung, die der SPD-Teil der Regierung diesem beimisst. In dem Beschluss, der der &#8222;Rheinischen Post vorliegt, beschreibt die Parteispitze die positiven Wirkungen auf die Infrastruktur im Land: &#8222;Nichtsdestotrotz beschweren sich die Gegner des Sonderverm\u00f6gens \u00fcber die Schulden, die f\u00fcr die Finanzierung der Investitionen aufgenommen werden. Das sind die gleichen Leute, die aus ideologischen Gr\u00fcnden jahrelang eine Sparpolitik zulasten unserer Infrastruktur und der Attraktivit\u00e4t unseres Wirtschaftsstandorts durchgesetzt haben. Die fatalen und teuren Folgen dieser Politik sp\u00fcren B\u00fcrgerinnen und B\u00fcrger sowie Unternehmen heute gleicherma\u00dfen. Mit dieser zukunftsfeindlichen Politik ist jetzt Schluss&#8220;, hei\u00dft es auch mit Blick auf Kritik aus den Reihen des Koalitionspartners Union.\u00a0<\/p>\n<p class=\"Typography_text-default__P3otY Typography_weight-normal__pqUbH storyline_paragraph_p__qSR5N\">SPD-Chef und Finanzminister Lars Klingbeil betont: &#8222;Unsere Investitionen wirken, sie kommen vor Ort an. Von unserem 500-Milliarden-Euro-Paket sind bereits mehr als 50 Milliarden Euro auf dem Weg.&#8220; Damit bringe man Projekte wie Bahnstrecken, sanierungsbed\u00fcrftige Schulgeb\u00e4ude, fehlende Kitas oder Krankenh\u00e4user, die dringend modernisiert werden m\u00fcssen voran und schaffe die Grundlage f\u00fcr sichere Arbeitspl\u00e4tze, neue wirtschaftliche St\u00e4rke und einen Alltag, der f\u00fcr Familien wieder besser funktioniere. &#8222;Wir werden das Tempo hochhalten und in Bund, L\u00e4ndern und Kommunen weiter Druck machen, damit schnell geplant und gebaut wird. So k\u00f6nnen wir Deutschland \u00fcber die n\u00e4chsten Jahre einen kr\u00e4ftigen Modernisierungsschub geben.&#8220;\u00a0<\/p>\n<p>&#8222;Geld kommt unb\u00fcrokratisch vor Ort an&#8220;<\/p>\n<p class=\"Typography_text-default__P3otY Typography_weight-normal__pqUbH storyline_paragraph_p__qSR5N\">Thorsten Kornblum, Bundesvorsitzender der Vereinigung kommunaler SPD-Politikerinnen und -Politiker und Oberb\u00fcrgermeister der Stadt Braunschweig betont, dass das Geld aus dem Sonderverm\u00f6gen unb\u00fcrokratisch in den Kommunen vor Ort ankomme. &#8222;Das ist ein entscheidender Schritt, um den kommunalen Investitionsstau zu verringern und der Modernisierung unserer St\u00e4dte, Kreise und Gemeinde neuen Schub zu verleihen. Das Sonderverm\u00f6gen tr\u00e4gt konkret dazu bei, dass der Alltag der Menschen funktioniert und st\u00e4rkt somit auch das Vertrauen in unseren Staat und die Demokratie insgesamt.&#8220;\u00a0<\/p>\n<p class=\"Typography_text-default__P3otY Typography_weight-normal__pqUbH storyline_paragraph_p__qSR5N\">Insgesamt umfasst das schuldenfinanzierte sogenannte Sonderverm\u00f6gen 500 Milliarden Euro, die \u00fcber zw\u00f6lf Jahre in die Modernisierung des Landes investiert werden sollen. Im Grundgesetz ist geregelt, dass das Geld nur zus\u00e4tzlich zu im Kernhaushalt ohnehin geplanten Investitionen genutzt werden darf. Es soll helfen, den Investitionsstau in Verkehrs- und Energieinfrastruktur, Bildung und Digitalisierung sowie Wohnungsbau aufzul\u00f6sen.\u00a0Bis Ende Juli flossen nach Zahlen des Finanzministeriums rund 51,1 Milliarden Euro ab.\u00a0\u00a0<\/p>\n<p class=\"Typography_text-s__wu_cm Typography_weight-normal__pqUbH Typography_color-darkgrey__sZEnP article-detail-footer_source__KslPc\">Quelle: ntv.de, mau<\/p>\n","protected":false},"excerpt":{"rendered":"Gegen Schulden-Kritiker in UnionSPD-Pr\u00e4sidium feiert erste Erfolge des Sonderverm\u00f6gens 24.08.2026, 00:06 Uhr Artikel anh\u00f6ren(03:31 min) SPD-Chef Klingbeil verantwortet&hellip;\n","protected":false},"author":2,"featured_media":1256438,"comment_status":"","ping_status":"","sticky":false,"template":"","format":"standard","meta":{"footnotes":"","_share_on_mastodon":"0"},"categories":[2],"tags":[29,30,13,10567,776,14,15,16,12,105547,1954,184,10,8,9,11],"class_list":["post-1256437","post","type-post","status-publish","format-standard","has-post-thumbnail","category-deutschland","tag-deutschland","tag-germany","tag-headlines","tag-investitionen-in-infrastruktur","tag-lars-klingbeil","tag-nachrichten","tag-news","tag-politik","tag-schlagzeilen","tag-schuldenstreit","tag-sondervermoegen","tag-spd","tag-top-news","tag-top-meldungen","tag-topmeldungen","tag-topnews"],"share_on_mastodon":{"url":"https:\/\/pubeurope.com\/@de\/117147612859738281","error":""},"_links":{"self":[{"href":"https:\/\/www.europesays.com\/de\/wp-json\/wp\/v2\/posts\/1256437","targetHints":{"allow":["GET"]}}],"collection":[{"href":"https:\/\/www.europesays.com\/de\/wp-json\/wp\/v2\/posts"}],"about":[{"href":"https:\/\/www.europesays.com\/de\/wp-json\/wp\/v2\/types\/post"}],"author":[{"embeddable":true,"href":"https:\/\/www.europesays.com\/de\/wp-json\/wp\/v2\/users\/2"}],"replies":[{"embeddable":true,"href":"https:\/\/www.europesays.com\/de\/wp-json\/wp\/v2\/comments?post=1256437"}],"version-history":[{"count":0,"href":"https:\/\/www.europesays.com\/de\/wp-json\/wp\/v2\/posts\/1256437\/revisions"}],"wp:featuredmedia":[{"embeddable":true,"href":"https:\/\/www.europesays.com\/de\/wp-json\/wp\/v2\/media\/1256438"}],"wp:attachment":[{"href":"https:\/\/www.europesays.com\/de\/wp-json\/wp\/v2\/media?parent=1256437"}],"wp:term":[{"taxonomy":"category","embeddable":true,"href":"https:\/\/www.europesays.com\/de\/wp-json\/wp\/v2\/categories?post=1256437"},{"taxonomy":"post_tag","embeddable":true,"href":"https:\/\/www.europesays.com\/de\/wp-json\/wp\/v2\/tags?post=1256437"}],"curies":[{"name":"wp","href":"https:\/\/api.w.org\/{rel}","templated":true}]}}