{"id":1256467,"date":"2026-08-24T00:41:15","date_gmt":"2026-08-24T00:41:15","guid":{"rendered":"https:\/\/www.europesays.com\/de\/1256467\/"},"modified":"2026-08-24T00:41:15","modified_gmt":"2026-08-24T00:41:15","slug":"einmalig-500-euro-uni-wuppertal-vergibt-stipendien-fuer-praxissemester-blickfeld","status":"publish","type":"post","link":"https:\/\/www.europesays.com\/de\/1256467\/","title":{"rendered":"Einmalig 500 Euro: Uni Wuppertal vergibt Stipendien f\u00fcr Praxissemester &#8211; blickfeld"},"content":{"rendered":"<p class=\"wp-block-paragraph\">Bewerben konnten sich alle <strong>450 Studierenden<\/strong>, die <strong>ab September 2026<\/strong> den <strong>schulpraktischen Teil ihres <a href=\"https:\/\/www.blickfeld-wuppertal.de\/tag\/praxissemester\" target=\"_blank\" rel=\"noreferrer noopener nofollow\">Praxissemesters<\/a><\/strong> im Studium des <strong>Master of Education<\/strong> absolvieren und daf\u00fcr verbindlich angemeldet sind. Knapp <strong>100 Bewerbungen<\/strong> seien bei der Universit\u00e4t eingegangen.<\/p>\n<p>Lehramtsstudium: Herausforderungen des Praxissemesters<\/p>\n<p class=\"wp-block-paragraph\">\u201eDas Praxissemester ist ein zentraler Bestandteil der wissenschaftlich fundierten Lehrer:innenbildung. Zugleich kann es Studierende unter anderem durch <strong>lange Fahrtwege, zus\u00e4tzliche Kosten und hohen Zeitaufwand<\/strong> vor <strong>besondere Herausforderungen<\/strong> stellen. Mit dem neu geschaffenen <strong>Stipendium PS 500<\/strong> m\u00f6chten wir dazu beitragen, solche <strong>pers\u00f6nlichen Belastungen abzufedern<\/strong> und den Studierenden die Konzentration auf diese wichtige Praxisphase im Studium zu erleichtern\u201c, sagt <strong>Dr. Eva Parusel<\/strong> vom Servicebereich der <strong>School of Education<\/strong>.<\/p>\n<p class=\"wp-block-paragraph\">Das Stipendium soll Studierende entlasten, die w\u00e4hrend des<strong> f\u00fcnfmonatigen schulpraktischen Teils des Praxissemesters<\/strong> mit besonderen Herausforderungen konfrontiert sind. Bei der Auswahl der Stipendiat:innen ber\u00fccksichtigte eine Jury <strong>individuelle H\u00e4rten<\/strong>, wie zum Beispiel famili\u00e4re Verpflichtungen oder gesundheitliche Einschr\u00e4nkungen sowie den Aufwand f\u00fcr den Weg zur zugewiesenen Schule, da aufgrund der verf\u00fcgbaren Praktikumspl\u00e4tze nicht immer die Wunschschulen bei der Zuweisung ber\u00fccksichtigt werden k\u00f6nnen.<\/p>\n<p>Unterst\u00fctze die CampusZeitung blickfeld<\/p>\n<p><strong>Schon ein kleiner Beitrag hilft uns, unseren Job noch besser zu machen!<\/strong> So kannst du uns unterst\u00fctzen:<\/p>\n<p>Abo per <a class=\"gofollow\" data-track=\"MTIsMCwxMA==\" href=\"https:\/\/steadyhq.com\/de\/blickfeld-wuppertal\" rel=\"noopener noreferrer nofollow\" target=\"_blank\">Steady<\/a>, <a class=\"gofollow\" data-track=\"MTIsMCwxMA==\" href=\"https:\/\/www.paypal.me\/blickfeldwtal\" rel=\"noopener noreferrer nofollow\" target=\"_blank\">Einmalzahlung<\/a> oder <a class=\"gofollow\" data-track=\"MTIsMCwxMA==\" href=\"https:\/\/www.blickfeld-wuppertal.de\/anzeigen-abo\/werbeanzeige-schalten\" rel=\"noopener noreferrer nofollow\" target=\"_blank\">Anzeige<\/a><\/p>\n<p>Damit wir unser Engagement ausbauen k\u00f6nnen, ist eure Unterst\u00fctzung gefragt &#8211; f\u00fcr mehr Recherchen und Berichte.<\/p>\n<p><strong>Ihr k\u00f6nnt uns mit einem monatlichen oder einmaligen Beitrag unterst\u00fctzen oder eine Anzeige schalten.<\/strong><\/p>\n<p><a class=\"gofollow\" data-track=\"MTIsMCwxMA==\" href=\"https:\/\/steadyhq.com\/de\/blickfeld-wuppertal\" rel=\"noopener noreferrer nofollow\" target=\"_blank\">Abo per Steady<\/a> | <a class=\"gofollow\" data-track=\"MTIsMCwxMA==\" href=\"https:\/\/www.paypal.me\/blickfeldwtal\" rel=\"noopener noreferrer nofollow\" target=\"_blank\">Einmalzahlung mit PayPal<\/a> | <a class=\"gofollow\" data-track=\"MTIsMCwxMA==\" href=\"https:\/\/www.blickfeld-wuppertal.de\/anzeigen-abo\/werbeanzeige-schalten\" rel=\"noopener noreferrer nofollow\" target=\"_blank\">Anzeige schalten<\/a><\/p>\n<p>Zur CampusZeitung blickfeld:<\/p>\n<p>Seit 2011 versorgen wir als <a class=\"gofollow\" data-track=\"MTIsMCwxMA==\" href=\"https:\/\/www.blickfeld-wuppertal.de\/ueber-uns\" rel=\"noopener noreferrer nofollow\" target=\"_blank\">unabh\u00e4ngiges Medium an der Bergischen Universit\u00e4t Wuppertal<\/a> die Studierenden, Mitarbeiter\/-innen und alle Interessierten aus dem Bergischen St\u00e4dtedreieck und dar\u00fcber hinaus mit Nachrichten vom Campus und aus dem Tal. Unsere <strong>Unabh\u00e4ngigkeit<\/strong> ist unsere st\u00e4rkste Eigenschaft. Wir sind weder eine Zeitung des Allgemeinen Studierendenausschusses (AStA) noch eine Publikation unter der Schirmherrschaft der Universit\u00e4t. Damit sind wir keinen fremden Interessen verpflichtet, k\u00f6nnen frei Themen w\u00e4hlen und dabei auch unbequem werden. <a class=\"gofollow\" data-track=\"MTIsMCwxMA==\" href=\"https:\/\/www.blickfeld-wuppertal.de\/ueber-uns\" rel=\"noopener noreferrer nofollow\" target=\"_blank\">Mehr \u00fcber uns &#8230;<\/a><\/p>\n<p>Praxissemester: 20 Stipendien f\u00fcr Februar 2027<\/p>\n<p class=\"wp-block-paragraph\">Am <strong>20. August 2026<\/strong> erhielten die diesj\u00e4hrigen Stipendiat:innen ihre <strong>F\u00f6rderzusage<\/strong>. Sie haben nun eine Woche Zeit, die Annahme des Stipendiums zu best\u00e4tigen und die erforderlichen Angaben einzureichen. Die Auszahlung der <strong>einmaligen F\u00f6rderung<\/strong> von jeweils 500 Euro ist f\u00fcr <strong>September 2026<\/strong> vorgesehen. Sollten Stipendien nicht angenommen werden, r\u00fccken weitere von der Jury ausgew\u00e4hlte Studierende nach.<\/p>\n<p class=\"wp-block-paragraph\">Auch f\u00fcr das Praxissemesters, das im <strong>Februar 2027<\/strong> beginnt, sind erneut <strong>Stipendien<\/strong> vorgesehen. Dann sollen <strong>20 Studierende <\/strong>gef\u00f6rdert werden. Die <strong>Bewerbungsphase <\/strong>beginnt voraussichtlich im <strong>Dezember 2026 oder Januar 2027<\/strong>. Aktuelle <strong>Ausschreibungen <\/strong>und weitere Informationen finden Interessierte auf den <strong><a href=\"https:\/\/stipendien.uni-wuppertal.de\/de\/studierende-studieninteressierte\/praxissemester-stipendium\/\" target=\"_blank\" rel=\"noreferrer noopener nofollow\">Webseiten des Stiftungs- und Kooperationsmanagement<\/a><\/strong> der Bergischen Universit\u00e4t Wuppertal. \u00bb<a href=\"https:\/\/www.blickfeld-wuppertal.de\/ueber-uns\/blickfeld-redaktion\" rel=\"nofollow noopener\" target=\"_blank\">red<\/a>\u00ab<\/p>\n","protected":false},"excerpt":{"rendered":"Bewerben konnten sich alle 450 Studierenden, die ab September 2026 den schulpraktischen Teil ihres Praxissemesters im Studium des&hellip;\n","protected":false},"author":2,"featured_media":911177,"comment_status":"","ping_status":"","sticky":false,"template":"","format":"standard","meta":{"footnotes":"","_share_on_mastodon":"0"},"categories":[1840],"tags":[3364,29,30,25318,1209,259867,16375,259868,34337,52965,4418],"class_list":["post-1256467","post","type-post","status-publish","format-standard","has-post-thumbnail","category-wuppertal","tag-de","tag-deutschland","tag-germany","tag-lehramt","tag-nordrhein-westfalen","tag-praxissemester","tag-red","tag-school-of-education","tag-stipendium","tag-studienfinanzierung","tag-wuppertal"],"share_on_mastodon":{"url":"https:\/\/pubeurope.com\/@de\/117147709409446443","error":""},"_links":{"self":[{"href":"https:\/\/www.europesays.com\/de\/wp-json\/wp\/v2\/posts\/1256467","targetHints":{"allow":["GET"]}}],"collection":[{"href":"https:\/\/www.europesays.com\/de\/wp-json\/wp\/v2\/posts"}],"about":[{"href":"https:\/\/www.europesays.com\/de\/wp-json\/wp\/v2\/types\/post"}],"author":[{"embeddable":true,"href":"https:\/\/www.europesays.com\/de\/wp-json\/wp\/v2\/users\/2"}],"replies":[{"embeddable":true,"href":"https:\/\/www.europesays.com\/de\/wp-json\/wp\/v2\/comments?post=1256467"}],"version-history":[{"count":0,"href":"https:\/\/www.europesays.com\/de\/wp-json\/wp\/v2\/posts\/1256467\/revisions"}],"wp:featuredmedia":[{"embeddable":true,"href":"https:\/\/www.europesays.com\/de\/wp-json\/wp\/v2\/media\/911177"}],"wp:attachment":[{"href":"https:\/\/www.europesays.com\/de\/wp-json\/wp\/v2\/media?parent=1256467"}],"wp:term":[{"taxonomy":"category","embeddable":true,"href":"https:\/\/www.europesays.com\/de\/wp-json\/wp\/v2\/categories?post=1256467"},{"taxonomy":"post_tag","embeddable":true,"href":"https:\/\/www.europesays.com\/de\/wp-json\/wp\/v2\/tags?post=1256467"}],"curies":[{"name":"wp","href":"https:\/\/api.w.org\/{rel}","templated":true}]}}