{"id":1256548,"date":"2026-08-24T01:39:36","date_gmt":"2026-08-24T01:39:36","guid":{"rendered":"https:\/\/www.europesays.com\/de\/1256548\/"},"modified":"2026-08-24T01:39:36","modified_gmt":"2026-08-24T01:39:36","slug":"mithilfe-von-gullydeckel-maenner-brechen-in-berliner-supermarkt-ein","status":"publish","type":"post","link":"https:\/\/www.europesays.com\/de\/1256548\/","title":{"rendered":"Mithilfe von Gullydeckel: M\u00e4nner brechen in Berliner Supermarkt ein"},"content":{"rendered":"<p class=\"tspCKpk tspCKpl\">Zwei unbekannte M\u00e4nner sind mitten in der Nacht in einen Berliner Supermarkt eingebrochen. Sie verschafften sich gewaltsam Zutritt zu einem Lebensmittelgesch\u00e4ft in Dahlem und sollen dabei einen Gullydeckel eingesetzt haben, wie die Polizei mitteilte.<\/p>\n<p>Weitere aktuelle Nachrichten aus Berlin:<a href=\"https:\/\/www.tagesspiegel.de\/berlin\/feuerwehr-musste-ampelmast-absagen-auto-fahrt-in-berlin-gegen-ampel--funf-verletzte-15972698.html?icid=topic-list_15972945___\" data-gtm-class=\"article-mzt-link\" data-hydrate-fingerprint=\"09740a54944caac75fd2c0c63fd5c5df\" data-hydrate-props=\"{&amp;escapedquot;element&amp;escapedquot;:{&amp;escapedquot;type&amp;escapedquot;:&amp;escapedquot;relatedContent&amp;escapedquot;,&amp;escapedquot;fieldMap&amp;escapedquot;:{},&amp;escapedquot;relation&amp;escapedquot;:{&amp;escapedquot;fields&amp;escapedquot;:{&amp;escapedquot;isPaid&amp;escapedquot;:null},&amp;escapedquot;href&amp;escapedquot;:&amp;escapedquot;\/berlin\/feuerwehr-musste-ampelmast-absagen-auto-fahrt-in-berlin-gegen-ampel--funf-verletzte-15972698.html&amp;escapedquot;,&amp;escapedquot;teaserTitle&amp;escapedquot;:{&amp;escapedquot;kicker&amp;escapedquot;:&amp;escapedquot;Feuerwehr musste Ampelmast abs\u00e4gen&amp;escapedquot;,&amp;escapedquot;headline&amp;escapedquot;:&amp;escapedquot;Auto f\u00e4hrt in Berlin gegen Ampel\u00a0\u2013 f\u00fcnf Verletzte&amp;escapedquot;},&amp;escapedquot;id&amp;escapedquot;:&amp;escapedquot;15972698&amp;escapedquot;,&amp;escapedquot;type&amp;escapedquot;:&amp;escapedquot;story&amp;escapedquot;},&amp;escapedquot;isPartOfList&amp;escapedquot;:true,&amp;escapedquot;topicListType&amp;escapedquot;:&amp;escapedquot;topic-list&amp;escapedquot;},&amp;escapedquot;showArrow&amp;escapedquot;:true}\" data-hydrate-slots=\"{&#039;default&#039;:[]}\" class=\"tspDDr7 tspDCr5\" rel=\"nofollow noopener\" target=\"_blank\">Feuerwehr musste Ampelmast abs\u00e4gen Auto f\u00e4hrt in Berlin gegen Ampel\u00a0\u2013 f\u00fcnf Verletzte <\/a><a href=\"https:\/\/www.tagesspiegel.de\/berlin\/ende-der-sommerferien-in-berlin-und-brandenburg-ber-erwartet-90000-passagiere--heimkehrer-fullen-strassen-15972618.html?icid=topic-list_15972945___\" data-gtm-class=\"article-mzt-link\" data-hydrate-fingerprint=\"09740a54944caac75fd2c0c63fd5c5df\" data-hydrate-props=\"{&amp;escapedquot;element&amp;escapedquot;:{&amp;escapedquot;type&amp;escapedquot;:&amp;escapedquot;relatedContent&amp;escapedquot;,&amp;escapedquot;fieldMap&amp;escapedquot;:{},&amp;escapedquot;relation&amp;escapedquot;:{&amp;escapedquot;fields&amp;escapedquot;:{&amp;escapedquot;isPaid&amp;escapedquot;:null},&amp;escapedquot;href&amp;escapedquot;:&amp;escapedquot;\/berlin\/ende-der-sommerferien-in-berlin-und-brandenburg-ber-erwartet-90000-passagiere--heimkehrer-fullen-strassen-15972618.html&amp;escapedquot;,&amp;escapedquot;teaserTitle&amp;escapedquot;:{&amp;escapedquot;kicker&amp;escapedquot;:&amp;escapedquot;Ende der Sommerferien&amp;escapedquot;,&amp;escapedquot;headline&amp;escapedquot;:&amp;escapedquot;BER erwartet 90.000 Passagiere \u2013 Heimkehrer f\u00fcllen Stra\u00dfen&amp;escapedquot;},&amp;escapedquot;id&amp;escapedquot;:&amp;escapedquot;15972618&amp;escapedquot;,&amp;escapedquot;type&amp;escapedquot;:&amp;escapedquot;story&amp;escapedquot;},&amp;escapedquot;isPartOfList&amp;escapedquot;:true,&amp;escapedquot;topicListType&amp;escapedquot;:&amp;escapedquot;topic-list&amp;escapedquot;},&amp;escapedquot;showArrow&amp;escapedquot;:true}\" data-hydrate-slots=\"{&#039;default&#039;:[]}\" class=\"tspDDr7 tspDCr5\" rel=\"nofollow noopener\" target=\"_blank\">Ende der Sommerferien BER erwartet 90.000 Passagiere \u2013 Heimkehrer f\u00fcllen Stra\u00dfen <\/a><a href=\"https:\/\/www.tagesspiegel.de\/berlin\/ich-will-dass-alle-sich-uberall-in-berlin-sicher-fuhlen-evers-spricht-sich-fur-mehr-ki-basierte-videouberwachung-aus-15972233.html?icid=topic-list_15972945___\" data-gtm-class=\"article-mzt-link\" data-hydrate-fingerprint=\"09740a54944caac75fd2c0c63fd5c5df\" data-hydrate-props=\"{&amp;escapedquot;element&amp;escapedquot;:{&amp;escapedquot;type&amp;escapedquot;:&amp;escapedquot;relatedContent&amp;escapedquot;,&amp;escapedquot;fieldMap&amp;escapedquot;:{},&amp;escapedquot;relation&amp;escapedquot;:{&amp;escapedquot;fields&amp;escapedquot;:{&amp;escapedquot;isPaid&amp;escapedquot;:null},&amp;escapedquot;href&amp;escapedquot;:&amp;escapedquot;\/berlin\/ich-will-dass-alle-sich-uberall-in-berlin-sicher-fuhlen-evers-spricht-sich-fur-mehr-ki-basierte-videouberwachung-aus-15972233.html&amp;escapedquot;,&amp;escapedquot;teaserTitle&amp;escapedquot;:{&amp;escapedquot;kicker&amp;escapedquot;:&amp;escapedquot;\u201eIch will, dass alle sich \u00fcberall in Berlin sicher f\u00fchlen\u201c&amp;escapedquot;,&amp;escapedquot;headline&amp;escapedquot;:&amp;escapedquot;Evers spricht sich f\u00fcr mehr KI-basierte Video\u00fcberwachung aus&amp;escapedquot;},&amp;escapedquot;id&amp;escapedquot;:&amp;escapedquot;15972233&amp;escapedquot;,&amp;escapedquot;type&amp;escapedquot;:&amp;escapedquot;story&amp;escapedquot;},&amp;escapedquot;isPartOfList&amp;escapedquot;:true,&amp;escapedquot;topicListType&amp;escapedquot;:&amp;escapedquot;topic-list&amp;escapedquot;},&amp;escapedquot;showArrow&amp;escapedquot;:true}\" data-hydrate-slots=\"{&#039;default&#039;:[]}\" class=\"tspDDr7 tspDCr5\" rel=\"nofollow noopener\" target=\"_blank\">\u201eIch will, dass alle sich \u00fcberall in Berlin sicher f\u00fchlen\u201c Evers spricht sich f\u00fcr mehr KI-basierte Video\u00fcberwachung aus <\/a><\/p>\n<p class=\"tspCKpk\">Sie erbeuteten demnach bei der Tat in der Nacht zum Samstag gr\u00f6\u00dfere Mengen Zigaretten und E-Zigaretten. Zur Schadenssumme machten die Ermittler zun\u00e4chst keine Angaben. Die beiden M\u00e4nner fl\u00fcchteten. (dpa)<\/p>\n","protected":false},"excerpt":{"rendered":"Zwei unbekannte M\u00e4nner sind mitten in der Nacht in einen Berliner Supermarkt eingebrochen. Sie verschafften sich gewaltsam Zutritt&hellip;\n","protected":false},"author":2,"featured_media":1255259,"comment_status":"","ping_status":"","sticky":false,"template":"","format":"standard","meta":{"footnotes":"","_share_on_mastodon":"0"},"categories":[1825],"tags":[296,29,30,523],"class_list":["post-1256548","post","type-post","status-publish","format-standard","has-post-thumbnail","category-berlin","tag-berlin","tag-deutschland","tag-germany","tag-steglitz-zehlendorf"],"share_on_mastodon":{"url":"https:\/\/pubeurope.com\/@de\/117147937223889924","error":""},"_links":{"self":[{"href":"https:\/\/www.europesays.com\/de\/wp-json\/wp\/v2\/posts\/1256548","targetHints":{"allow":["GET"]}}],"collection":[{"href":"https:\/\/www.europesays.com\/de\/wp-json\/wp\/v2\/posts"}],"about":[{"href":"https:\/\/www.europesays.com\/de\/wp-json\/wp\/v2\/types\/post"}],"author":[{"embeddable":true,"href":"https:\/\/www.europesays.com\/de\/wp-json\/wp\/v2\/users\/2"}],"replies":[{"embeddable":true,"href":"https:\/\/www.europesays.com\/de\/wp-json\/wp\/v2\/comments?post=1256548"}],"version-history":[{"count":0,"href":"https:\/\/www.europesays.com\/de\/wp-json\/wp\/v2\/posts\/1256548\/revisions"}],"wp:featuredmedia":[{"embeddable":true,"href":"https:\/\/www.europesays.com\/de\/wp-json\/wp\/v2\/media\/1255259"}],"wp:attachment":[{"href":"https:\/\/www.europesays.com\/de\/wp-json\/wp\/v2\/media?parent=1256548"}],"wp:term":[{"taxonomy":"category","embeddable":true,"href":"https:\/\/www.europesays.com\/de\/wp-json\/wp\/v2\/categories?post=1256548"},{"taxonomy":"post_tag","embeddable":true,"href":"https:\/\/www.europesays.com\/de\/wp-json\/wp\/v2\/tags?post=1256548"}],"curies":[{"name":"wp","href":"https:\/\/api.w.org\/{rel}","templated":true}]}}