{"id":1256575,"date":"2026-08-24T01:57:16","date_gmt":"2026-08-24T01:57:16","guid":{"rendered":"https:\/\/www.europesays.com\/de\/1256575\/"},"modified":"2026-08-24T01:57:16","modified_gmt":"2026-08-24T01:57:16","slug":"waldbrand-in-den-usa-90-000-menschen-in-nevada-evakuiert-news","status":"publish","type":"post","link":"https:\/\/www.europesays.com\/de\/1256575\/","title":{"rendered":"Waldbrand in den USA: 90.000 Menschen in Nevada evakuiert | News"},"content":{"rendered":"<p><a class=\"skip-content skip-content--link\" href=\"#in-content-skip-link-target-v-0-0\">TTS-Player \u00fcberspringen\u21b5<\/a><a id=\"in-content-skip-link-target-v-0-0\" class=\"skip-content--target-link-hidden skip-content skip-content--target-link\" href=\"#in-content-skip-link-target-v-0-0\">Artikel weiterlesen<\/a><\/p>\n<p data-bbd632a7=\"0-1001\">Reno (Nevada) \u2013 <b>Wegen eines Waldbrands sind Tausende Menschen im US-Bundesstaat Nevada zur Evakuierung ihrer H\u00e4user aufgerufen worden. Fast 90.000 sind von den Ma\u00dfnahmen betroffen, wie die Beh\u00f6rden am Sonntag mitteilten. Mindestens sechs Menschen wurden verletzt. Das sogenannte \u201eHawk Fire\u201c breitete sich in kurzer Zeit auf eine Fl\u00e4che von mehr als 60 Quadratkilometern aus und n\u00e4herte sich am Sonntag Wohnvierteln im Nordwesten der Stadt Reno. Die Evakuierungszone grenzte auch an den Campus der University of Nevada.<\/b><\/p>\n<p data-bbd632a7=\"0-1001\">Gouverneur Joe Lombardo rief den Notstand f\u00fcr den Bezirk Washoe County aus, in dem Reno liegt. Er mobilisierte au\u00dferdem die Nationalgarde, um bei den L\u00f6scharbeiten aus der Luft und der Sicherung evakuierter Viertel zu helfen. In Reno, einem Zocker-Paradies mit vielen Casinos, leben mehr als 280.000 Menschen.<\/p>\n<p>\u201eEs herrschte v\u00f6llige Verwirrung\u201c<\/p>\n<p data-bbd632a7=\"0-1001\">Der Brand sei offenbar am Samstag ausgebrochen und habe sich durch starke Windb\u00f6en und die trockene Vegetation in einem unzug\u00e4nglichen Teil des Humboldt-Toiyabe National Forests sehr rasch ausgebreitet, teilte die Feuerwehr mit. Das Feuer sei \u00fcber L\u00f6schfahrzeuge \u00fcbergesprungen und habe den Einsatzkr\u00e4ften den Zugang zu den Brandherden erschwert. Gleichzeitig h\u00e4tten Anwohner versucht, das Gebiet zu verlassen, sagte der Sheriff von Washoe County, Darin Balaam.<\/p>\n<p><img decoding=\"async\" width=\"992\" height=\"1178\" alt=\"In den sozialen Netzwerken sind zahlreiche Amateuraufnahmen der Feuerwand\" loading=\"lazy\" src=\"https:\/\/www.europesays.com\/de\/wp-content\/uploads\/2026\/08\/027765c9271bcca100e2b755a39a046b,fd3bfadb.jpeg\"   class=\"portrait\"\/><\/p>\n<p class=\"fig__caption__text\">In den sozialen Netzwerken sind zahlreiche Amateuraufnahmen der Feuerwand<\/p>\n<p>Foto: Cari Kieffer via AP<\/p>\n<p><img decoding=\"async\" width=\"992\" height=\"1178\" alt=\"Inzwischen sind mehr als 60 Quadratkilometer verbrannt\" loading=\"lazy\" src=\"https:\/\/www.europesays.com\/de\/wp-content\/uploads\/2026\/08\/63b073c1a04694cce3dc72e8c4405b4d,20e1925f.jpeg\"   class=\"portrait\"\/><\/p>\n<p class=\"fig__caption__text\">Inzwischen sind mehr als 60 Quadratkilometer verbrannt<\/p>\n<p>Foto: Getty Images via AFP<\/p>\n<p data-bbd632a7=\"1002-1878\">\u201eEs herrschte v\u00f6llige Verwirrung\u201c, sagte Balaam und schilderte, wie wechselnde Winde die Flammen immer wieder in unterschiedliche Richtungen trieben. Mehrere H\u00e4user am Fu\u00df einer Bergkette in der Gegend seien niedergebrannt. Unter den Verletzten waren drei Zivilisten und drei Einsatzkr\u00e4fte, wie die Beh\u00f6rden mitteilten. Die Brandursache war zun\u00e4chst unklar.<\/p>\n<p>Autobahn in Teilen gesperrt<\/p>\n<p data-bbd632a7=\"1002-1878\">Am Sonntag waren im Washoe County fast 10.000 Haushalte und Unternehmen ohne Strom. Teile der Route 395, einer wichtigen Nord-S\u00fcd-Autobahn, wurden aufgrund des Brandes gesperrt. \u201eWenn Ihnen gesagt wurde, Sie sollen evakuieren, warten Sie bitte nicht!\u201c, sagte die B\u00fcrgermeisterin von Reno, Hillary Schieve, in einer Erkl\u00e4rung, die sie am sp\u00e4ten Samstagabend in den sozialen Medien ver\u00f6ffentlichte.<\/p>\n<p data-bbd632a7=\"1879-2504\">Cari Kieffer ver\u00f6ffentlichte im Internet ein Video von ihrem vollst\u00e4ndig niedergebrannten Haus. Nur ein verkohlter Basketballkorb stehe noch, sagte sie. \u201eIch bin heute Morgen aufgewacht und habe einfach angefangen zu weinen \u2013 alle meine Kinder haben alles verloren\u201c, sagte Kieffer am Sonntag. \u201eWir haben all unsere Sachen verloren. Alles, was wir besitzen, ist weg.\u201c (AP\/ias)<\/p>\n","protected":false},"excerpt":{"rendered":"TTS-Player \u00fcberspringen\u21b5Artikel weiterlesen Reno (Nevada) \u2013 Wegen eines Waldbrands sind Tausende Menschen im US-Bundesstaat Nevada zur Evakuierung ihrer&hellip;\n","protected":false},"author":2,"featured_media":1256576,"comment_status":"","ping_status":"","sticky":false,"template":"","format":"standard","meta":{"footnotes":"","_share_on_mastodon":"0"},"categories":[3],"tags":[2919,985,13,14,8491,15,121,12,138370,10,8,9,11,64,5666,103,104],"class_list":["post-1256575","post","type-post","status-publish","format-standard","has-post-thumbnail","category-welt","tag-brand","tag-feuerwehr","tag-headlines","tag-nachrichten","tag-nevada","tag-news","tag-polizei","tag-schlagzeilen","tag-team-first","tag-top-news","tag-top-meldungen","tag-topmeldungen","tag-topnews","tag-usa","tag-waldbrand","tag-welt","tag-world"],"share_on_mastodon":{"url":"https:\/\/pubeurope.com\/@de\/117148008476173904","error":""},"_links":{"self":[{"href":"https:\/\/www.europesays.com\/de\/wp-json\/wp\/v2\/posts\/1256575","targetHints":{"allow":["GET"]}}],"collection":[{"href":"https:\/\/www.europesays.com\/de\/wp-json\/wp\/v2\/posts"}],"about":[{"href":"https:\/\/www.europesays.com\/de\/wp-json\/wp\/v2\/types\/post"}],"author":[{"embeddable":true,"href":"https:\/\/www.europesays.com\/de\/wp-json\/wp\/v2\/users\/2"}],"replies":[{"embeddable":true,"href":"https:\/\/www.europesays.com\/de\/wp-json\/wp\/v2\/comments?post=1256575"}],"version-history":[{"count":0,"href":"https:\/\/www.europesays.com\/de\/wp-json\/wp\/v2\/posts\/1256575\/revisions"}],"wp:featuredmedia":[{"embeddable":true,"href":"https:\/\/www.europesays.com\/de\/wp-json\/wp\/v2\/media\/1256576"}],"wp:attachment":[{"href":"https:\/\/www.europesays.com\/de\/wp-json\/wp\/v2\/media?parent=1256575"}],"wp:term":[{"taxonomy":"category","embeddable":true,"href":"https:\/\/www.europesays.com\/de\/wp-json\/wp\/v2\/categories?post=1256575"},{"taxonomy":"post_tag","embeddable":true,"href":"https:\/\/www.europesays.com\/de\/wp-json\/wp\/v2\/tags?post=1256575"}],"curies":[{"name":"wp","href":"https:\/\/api.w.org\/{rel}","templated":true}]}}