{"id":1256693,"date":"2026-08-24T03:32:16","date_gmt":"2026-08-24T03:32:16","guid":{"rendered":"https:\/\/www.europesays.com\/de\/1256693\/"},"modified":"2026-08-24T03:32:16","modified_gmt":"2026-08-24T03:32:16","slug":"berlin-siemens-healthineers-chef-brauchen-keine-ki-strategie","status":"publish","type":"post","link":"https:\/\/www.europesays.com\/de\/1256693\/","title":{"rendered":"Berlin | Siemens-Healthineers-Chef: \u00abBrauchen keine KI-Strategie\u00bb"},"content":{"rendered":"<p>Berlin (dpa) &#8211; Der Medizintechnik-Hersteller Siemens Healthineers sieht in der K\u00fcnstlichen Intelligenz keinen Selbstzweck, aber einen n\u00fctzlichen Helfer auf dem Weg zu einer besseren Medizin. K\u00fcnstliche Intelligenz werde die Medizintechnik aus sich heraus nicht unbedingt besser machen &#8211; aber effizienter, sagte der Vorstandschef des Unternehmens, Bernd Montag, der Deutschen Presse-Agentur.\u00a0<\/p>\n<p>\u00abKI ist kein Endpunkt\u00bb<\/p>\n<p>\u00abWenn mich jemand fragt: Was ist eure KI-Strategie? &#8211; dann sage ich: Wir brauchen keine. Weil KI kein Endpunkt ist. Sondern dann sage ich:\u00a0Wir wollen den Krebs besiegen. Und dann \u00fcberlegen wir auf dem Weg, Krebs zu bek\u00e4mpfen, welche Rolle kann KI spielen. Aber der Endpunkt ist bessere Krebstherapien\u00bb, beschrieb Montag die Strategie des Unternehmens.\u00a0<\/p>\n<p>Siemens Healthineers fokussiere sich auf die Diagnose und Therapie der Krankheiten, die haupts\u00e4chlich f\u00fcr eine gro\u00dfe Zahl von Todesf\u00e4llen verantwortlich sind: Krebs, Herz-Kreislauf-Erkrankungen, Schlaganf\u00e4lle. \u00abDem stehen\u00a0Gesundheitssysteme gegen\u00fcber, die die nicht nur ein Problem mit Bezahlbarkeit haben, sondern ein immer st\u00e4rkeres Problem damit, dass es nicht genug Fachkr\u00e4fte gibt &#8211; wie wir vielleicht alle merken, wenn wir einen Arzt brauchen\u00bb, sagte der Healthineers-Chef. \u00abUnd jetzt geht es darum, wie schaffe ich es, dass die KI da wirklich hilft und bestimmte Routinen rausnimmt.\u00bb<\/p>\n<p>Gute \u00c4rzte unersetzlich<\/p>\n<p>\u00c4rztliches Wissen und K\u00f6nnen sei dabei nicht vollst\u00e4ndig zu ersetzen. \u00abUm Diagnosen besser zu machen, brauche ich CT-Bilder, aber auch einen Befund &#8211; also: Was hat ein Radiologe darin gesehen\u00bb, beschrieb Montag. \u00abUnd dann muss ich noch das Gef\u00fchl haben, das war ein guter Radiologe.\u00bb Erst, wenn ein kuratierter Datensatz zur Verf\u00fcgung stehe, k\u00f6nnten darauf Algorithmen mit KI trainiert werden. \u00abDas machen wir, aber dazu brauchen wir nicht drei Milliarden Daten, sondern gute Daten.\u00bb<\/p>\n<p>Siemens Healthineers ist seit 2021 im Dax, dem Leitindex mit den 40 f\u00fchrenden b\u00f6rsennotierten Unternehmen Deutschlands gelistet. Es gilt gemessen am Umsatz als eines der f\u00fcnf gr\u00f6\u00dften Unternehmen f\u00fcr Medizintechnik weltweit und als gr\u00f6\u00dftes Europas. Im abgelaufenen Gesch\u00e4ftsjahr setzte der Konzern mit rund 75.000 Besch\u00e4ftigten mehr als 23 Milliarden Euro um.<\/p>\n","protected":false},"excerpt":{"rendered":"Berlin (dpa) &#8211; Der Medizintechnik-Hersteller Siemens Healthineers sieht in der K\u00fcnstlichen Intelligenz keinen Selbstzweck, aber einen n\u00fctzlichen Helfer&hellip;\n","protected":false},"author":2,"featured_media":1256694,"comment_status":"","ping_status":"","sticky":false,"template":"","format":"standard","meta":{"footnotes":"","_share_on_mastodon":"0"},"categories":[1825],"tags":[772,296,29,30,54],"class_list":["post-1256693","post","type-post","status-publish","format-standard","has-post-thumbnail","category-berlin","tag-bayern","tag-berlin","tag-deutschland","tag-germany","tag-industrie"],"share_on_mastodon":{"url":"https:\/\/pubeurope.com\/@de\/117148381736942402","error":""},"_links":{"self":[{"href":"https:\/\/www.europesays.com\/de\/wp-json\/wp\/v2\/posts\/1256693","targetHints":{"allow":["GET"]}}],"collection":[{"href":"https:\/\/www.europesays.com\/de\/wp-json\/wp\/v2\/posts"}],"about":[{"href":"https:\/\/www.europesays.com\/de\/wp-json\/wp\/v2\/types\/post"}],"author":[{"embeddable":true,"href":"https:\/\/www.europesays.com\/de\/wp-json\/wp\/v2\/users\/2"}],"replies":[{"embeddable":true,"href":"https:\/\/www.europesays.com\/de\/wp-json\/wp\/v2\/comments?post=1256693"}],"version-history":[{"count":0,"href":"https:\/\/www.europesays.com\/de\/wp-json\/wp\/v2\/posts\/1256693\/revisions"}],"wp:featuredmedia":[{"embeddable":true,"href":"https:\/\/www.europesays.com\/de\/wp-json\/wp\/v2\/media\/1256694"}],"wp:attachment":[{"href":"https:\/\/www.europesays.com\/de\/wp-json\/wp\/v2\/media?parent=1256693"}],"wp:term":[{"taxonomy":"category","embeddable":true,"href":"https:\/\/www.europesays.com\/de\/wp-json\/wp\/v2\/categories?post=1256693"},{"taxonomy":"post_tag","embeddable":true,"href":"https:\/\/www.europesays.com\/de\/wp-json\/wp\/v2\/tags?post=1256693"}],"curies":[{"name":"wp","href":"https:\/\/api.w.org\/{rel}","templated":true}]}}