{"id":1256736,"date":"2026-08-24T04:09:15","date_gmt":"2026-08-24T04:09:15","guid":{"rendered":"https:\/\/www.europesays.com\/de\/1256736\/"},"modified":"2026-08-24T04:09:15","modified_gmt":"2026-08-24T04:09:15","slug":"gruenen-politiker-hans-henning-kleb-und-sein-klarer-blick-fuer-die-anliegen-in-friesenheim-85-geburtstag","status":"publish","type":"post","link":"https:\/\/www.europesays.com\/de\/1256736\/","title":{"rendered":"Gr\u00fcnen-Politiker Hans-Henning Kleb und sein \u201eklarer Blick f\u00fcr die Anliegen in Friesenheim\u201c &#8211; 85. Geburtstag"},"content":{"rendered":"<p class=\"rhp-dpa-teaser\"><b>Er ist ein gr\u00fcnes Urgestein und \u00fcberzeugter Friesenheimer : Am 24. August  feiert Hans-Henning Kleb   85. Geburtstag. Die Partei gratuliert einem unerm\u00fcdlichem Mitstreiter.<\/b><\/p>\n<p> Die  Ludwigshafener Partei w\u00fcrdigt aus  Anlass seines Geburtstags  Klebs  \u201elangj\u00e4hriges und au\u00dfergew\u00f6hnliches lokalpolitisches Engagement\u201c f\u00fcr den Stadtteil <a class=\"rtr-entity\" data-rtr-entity=\"Friesenheim\" data-rtr-id=\"2995a37ac3df05ef2ac4bdc08ec45cb996a9ab96\" data-rtr-score=\"119.3151913875598\" data-rtr-etype=\"location\" data-rtr-index=\"6\" href=\"https:\/\/www.rheinpfalz.de\/themen\/friesenheim\" rel=\"nofollow noopener\" target=\"_blank\">Friesenheim<\/a>. Seit dem 1. Juni 1999 geh\u00f6rt  Kleb dem Ortsbeirat  an. Damit begleitet er dieses politische Amt inzwischen seit 27 Jahren.<\/p>\n<p class=\"rhp-teaser\"><b>Er ist ein gr\u00fcnes Urgestein und \u00fcberzeugter Friesenheimer : Am 24. August  feiert Hans-Henning Kleb   85. Geburtstag. Die Partei gratuliert einem unerm\u00fcdlichem Mitstreiter.<\/b><\/p>\n","protected":false},"excerpt":{"rendered":"Er ist ein gr\u00fcnes Urgestein und \u00fcberzeugter Friesenheimer : Am 24. August feiert Hans-Henning Kleb 85. Geburtstag. Die&hellip;\n","protected":false},"author":2,"featured_media":1256737,"comment_status":"","ping_status":"","sticky":false,"template":"","format":"standard","meta":{"footnotes":"","_share_on_mastodon":"0"},"categories":[1845],"tags":[1634,3364,29,548,663,3934,38692,30,259918,13,4060,25476,2096,14,15,12],"class_list":["post-1256736","post","type-post","status-publish","format-standard","has-post-thumbnail","category-mannheim","tag-baden-wuerttemberg","tag-de","tag-deutschland","tag-eu","tag-europa","tag-europe","tag-friesenheim","tag-germany","tag-hans-henning-kleb","tag-headlines","tag-lokal","tag-ludwigshafen","tag-mannheim","tag-nachrichten","tag-news","tag-schlagzeilen"],"share_on_mastodon":{"url":"https:\/\/pubeurope.com\/@de\/117148527394510420","error":""},"_links":{"self":[{"href":"https:\/\/www.europesays.com\/de\/wp-json\/wp\/v2\/posts\/1256736","targetHints":{"allow":["GET"]}}],"collection":[{"href":"https:\/\/www.europesays.com\/de\/wp-json\/wp\/v2\/posts"}],"about":[{"href":"https:\/\/www.europesays.com\/de\/wp-json\/wp\/v2\/types\/post"}],"author":[{"embeddable":true,"href":"https:\/\/www.europesays.com\/de\/wp-json\/wp\/v2\/users\/2"}],"replies":[{"embeddable":true,"href":"https:\/\/www.europesays.com\/de\/wp-json\/wp\/v2\/comments?post=1256736"}],"version-history":[{"count":0,"href":"https:\/\/www.europesays.com\/de\/wp-json\/wp\/v2\/posts\/1256736\/revisions"}],"wp:featuredmedia":[{"embeddable":true,"href":"https:\/\/www.europesays.com\/de\/wp-json\/wp\/v2\/media\/1256737"}],"wp:attachment":[{"href":"https:\/\/www.europesays.com\/de\/wp-json\/wp\/v2\/media?parent=1256736"}],"wp:term":[{"taxonomy":"category","embeddable":true,"href":"https:\/\/www.europesays.com\/de\/wp-json\/wp\/v2\/categories?post=1256736"},{"taxonomy":"post_tag","embeddable":true,"href":"https:\/\/www.europesays.com\/de\/wp-json\/wp\/v2\/tags?post=1256736"}],"curies":[{"name":"wp","href":"https:\/\/api.w.org\/{rel}","templated":true}]}}