{"id":1256783,"date":"2026-08-24T04:53:22","date_gmt":"2026-08-24T04:53:22","guid":{"rendered":"https:\/\/www.europesays.com\/de\/1256783\/"},"modified":"2026-08-24T04:53:22","modified_gmt":"2026-08-24T04:53:22","slug":"fahrradfahrer-bei-verkehrsunfall-in-hannover-mitte-leicht-verletzt","status":"publish","type":"post","link":"https:\/\/www.europesays.com\/de\/1256783\/","title":{"rendered":"Fahrradfahrer bei Verkehrsunfall in Hannover-Mitte leicht verletzt"},"content":{"rendered":"<p>Ein 73 Jahre alter Fahrradfahrer ist am Freitagabend, 21.08.2026, bei einem Verkehrsunfall mit einem Pkw in Hannover-Mitte leicht verletzt worden. Da die Angaben der Beteiligten zur Ampelschaltung widerspr\u00fcchlich sind, sucht die Polizei Zeuginnen und Zeugen.<\/p>\n<p>Nach bisherigen Erkenntnissen des Verkehrsunfalldienstes Hannover befuhr der 73-J\u00e4hrige gegen 19:40 Uhr, von der Friederikenbr\u00fccke kommend, die Fu\u00df- und Radwegfurt in Richtung <a href=\"https:\/\/www.hannover-entdecken.de\/lavesallee-hannover\/\" data-internallinksmanager029f6b8e52c=\"720\" title=\"Lavesallee\" rel=\"nofollow noopener\" target=\"_blank\">Lavesallee<\/a>. Die Furt f\u00fchrt \u00fcber die Abbiegespur vom <a href=\"https:\/\/www.hannover-entdecken.de\/friederikenplatz-hannover\/\" data-internallinksmanager029f6b8e52c=\"2246\" title=\"Friederikenplatz\" rel=\"nofollow noopener\" target=\"_blank\">Friederikenplatz<\/a> auf das <a href=\"https:\/\/www.hannover-entdecken.de\/leibnizufer-hannover\/\" data-internallinksmanager029f6b8e52c=\"2361\" title=\"Leibnizufer\" rel=\"nofollow noopener\" target=\"_blank\">Leibnizufer<\/a>. Zeitgleich bog ein 27 Jahre alter Hannoveraner mit einem schwarzen 7er BMW vom Friederikenplatz auf das Leibnizufer ab. Im Bereich der Furt erfasste der Pkw den Fahrradfahrer mit der Front.<\/p>\n<p>Durch den Aufprall wurde der 73-J\u00e4hrige zun\u00e4chst auf die Motorhaube und anschlie\u00dfend auf die Fahrbahn geschleudert. Dabei erlitt er leichte Verletzungen. Eine Rettungswagenbesatzung versorgte den Verletzten noch am Unfallort und brachte ihn zur weiteren Behandlung in ein Krankenhaus.<\/p>\n<p>Der Verkehrsunfalldienst Hannover nahm den Unfall vor Ort auf und leitete ein Ermittlungsverfahren wegen fahrl\u00e4ssiger K\u00f6rperverletzung ein.<\/p>\n<p>Da beide Beteiligten angaben, bei Gr\u00fcn gefahren zu sein, sucht die Polizei Zeuginnen und Zeugen, die den Unfall beobachtet haben oder Angaben zur Ampelschaltung zum Unfallzeitpunkt machen k\u00f6nnen. Hinweise nimmt der Verkehrsunfalldienst Hannover unter der Telefonnummer 0511 109-1888 entgegen.<\/p>\n<p class=\"isc_image_list_title\">Bildquellen:<\/p>\n<ul class=\"isc_image_list\">\n<li>Feuerwehr Nachrichten: www.hannover-entdecken.de<\/li>\n<li>Polizei Nachrichten: www.hannover-entdecken.de<\/li>\n<li>Polizei Hannover: KI generiert von hannover-entdecken.de<\/li>\n<\/ul>\n<p>Kategorie: <a href=\"https:\/\/www.hannover-entdecken.de\/category\/aktuelles\/blaulicht\/\" rel=\"category tag nofollow noopener\" target=\"_blank\">Blaulicht<\/a>, <a href=\"https:\/\/www.hannover-entdecken.de\/category\/stadtbezirke\/stadtbezirk-mitte\/\" rel=\"category tag nofollow noopener\" target=\"_blank\">Mitte<\/a>                <\/p>\n<p><a href=\"https:\/\/www.hannover-entdecken.de\/author\/pressemitteilung-polizei\/\" title=\"Alle Artikel von Pressemitteilung Polizei Hannover\" rel=\"nofollow noopener\" target=\"_blank\">Pressemitteilung Polizei Hannover<\/a>                                <\/p>\n","protected":false},"excerpt":{"rendered":"Ein 73 Jahre alter Fahrradfahrer ist am Freitagabend, 21.08.2026, bei einem Verkehrsunfall mit einem Pkw in Hannover-Mitte leicht&hellip;\n","protected":false},"author":2,"featured_media":1038487,"comment_status":"","ping_status":"","sticky":false,"template":"","format":"standard","meta":{"footnotes":"","_share_on_mastodon":"0"},"categories":[1836],"tags":[3364,29,1234,30,46,525,1411],"class_list":["post-1256783","post","type-post","status-publish","format-standard","has-post-thumbnail","category-hannover","tag-de","tag-deutschland","tag-fahrrad","tag-germany","tag-hannover","tag-mitte","tag-niedersachsen"],"share_on_mastodon":{"url":"https:\/\/pubeurope.com\/@de\/117148700234059417","error":""},"_links":{"self":[{"href":"https:\/\/www.europesays.com\/de\/wp-json\/wp\/v2\/posts\/1256783","targetHints":{"allow":["GET"]}}],"collection":[{"href":"https:\/\/www.europesays.com\/de\/wp-json\/wp\/v2\/posts"}],"about":[{"href":"https:\/\/www.europesays.com\/de\/wp-json\/wp\/v2\/types\/post"}],"author":[{"embeddable":true,"href":"https:\/\/www.europesays.com\/de\/wp-json\/wp\/v2\/users\/2"}],"replies":[{"embeddable":true,"href":"https:\/\/www.europesays.com\/de\/wp-json\/wp\/v2\/comments?post=1256783"}],"version-history":[{"count":0,"href":"https:\/\/www.europesays.com\/de\/wp-json\/wp\/v2\/posts\/1256783\/revisions"}],"wp:featuredmedia":[{"embeddable":true,"href":"https:\/\/www.europesays.com\/de\/wp-json\/wp\/v2\/media\/1038487"}],"wp:attachment":[{"href":"https:\/\/www.europesays.com\/de\/wp-json\/wp\/v2\/media?parent=1256783"}],"wp:term":[{"taxonomy":"category","embeddable":true,"href":"https:\/\/www.europesays.com\/de\/wp-json\/wp\/v2\/categories?post=1256783"},{"taxonomy":"post_tag","embeddable":true,"href":"https:\/\/www.europesays.com\/de\/wp-json\/wp\/v2\/tags?post=1256783"}],"curies":[{"name":"wp","href":"https:\/\/api.w.org\/{rel}","templated":true}]}}