{"id":1256816,"date":"2026-08-24T05:19:17","date_gmt":"2026-08-24T05:19:17","guid":{"rendered":"https:\/\/www.europesays.com\/de\/1256816\/"},"modified":"2026-08-24T05:19:17","modified_gmt":"2026-08-24T05:19:17","slug":"touristen-auf-dem-oktoberfest-aus-diesen-laendern-kommen-die-besucher-auf-der-wiesn-2","status":"publish","type":"post","link":"https:\/\/www.europesays.com\/de\/1256816\/","title":{"rendered":"Touristen auf dem Oktoberfest: Aus diesen L\u00e4ndern kommen die Besucher auf der Wiesn"},"content":{"rendered":"<p class=\"mb-6 text-xs-varying md:text-m lg:text-l font-serif group-[.font-sans]:font-sans \">\n    Das <a href=\"https:\/\/www.augsburger-allgemeine.de\/veranstaltungen\/aa-oktoberfest\" target=\"_self\" class=\"underline \" rel=\"nofollow noopener\">Oktoberfest<\/a> ist f\u00fcr viele der Inbegriff bayerischer Tradition. Doch auch wenn das Volksfest eine lange heimatverbundene Geschichte hat, so ist die Wiesn inzwischen eine recht internationale Veranstaltung. Wer das Festgel\u00e4nde besucht, beobachtet h\u00e4ufig zuerst eine Gruppe Australier in Stofflederhosen, f\u00e4hrt dann mit einer Brasilianerin Achterbahn und prostet danach <a href=\"https:\/\/www.augsburger-allgemeine.de\/bayern\/wiesn-zelte-2025-das-sind-die-bierzelte-auf-dem-oktoberfest-2-110629489\" target=\"_self\" class=\"underline \" rel=\"nofollow noopener\">in einem der Bierzelte<\/a> Italienerinnen, Briten und Holl\u00e4ndern zu.\n  <\/p>\n<p class=\"mb-6 text-xs-varying md:text-m lg:text-l font-serif group-[.font-sans]:font-sans \">\n    Bei der zweiw\u00f6chigen Party kommt gef\u00fchlt die halbe Welt auf der Theresienwiese zusammen. Verst\u00e4ndigt wird sich oft eher auf Englisch als auf Bayerisch.\n  <\/p>\n<p>            Stadt M\u00fcnchen: \u201eOktoberfest ist nach wie vor ein bayerisches Fest\u201c<\/p>\n<p class=\"mb-6 text-xs-varying md:text-m lg:text-l font-serif group-[.font-sans]:font-sans \">\n    Doch aus welchen Nationalit\u00e4ten setzt sich <a href=\"https:\/\/www.augsburger-allgemeine.de\/bayern\/oktoberfest-wiesn-bilanz-2025-trotz-mehrfacher-sperrungen-positiv-111772591\" target=\"_self\" class=\"underline \" rel=\"nofollow noopener\">die 6- bis 7-Millionen-Menschen-Masse der Oktoberfestbesucherinnen und -besucher<\/a> zusammen? Die Stadt <a href=\"https:\/\/www.augsburger-allgemeine.de\/orte\/aa-muenchen\" target=\"_self\" class=\"underline \" rel=\"nofollow noopener\">M\u00fcnchen<\/a> hat Zahlen dazu erheben lassen und kommt zu dem Schluss: \u201eDas Oktoberfest ist nach wie vor ein bayerisches Fest.\u201c\n  <\/p>\n<p>      <a href=\"https:\/\/www.augsburger-allgemeine.de\/bayern\/wiesnwirte-auf-dem-oktoberfest-diese-menschen-verdienen-millionen-mit-den-zelten-7-110625001\" class=\"hidden  &#010;                md:block md:mr-5 md:min-w-[140px]  aspect-photo md:aspect-tv lg:aspect-tv w-fullXXX relative self-start inline overflow-hidden\" rel=\"nofollow noopener\" target=\"_blank\"><\/p>\n<p>    <img decoding=\"async\" src=\"\" alt=\"Die Wiesnwirte, hier bei der Vorstellung des Krugs zum Oktoberfest 2023.\" title=\"Die Wiesnwirte, hier bei der Vorstellung des Krugs zum Oktoberfest 2023.\" loading=\"lazy\" class=\"h-full w-full object-cover\"\/><br \/>\n   <\/a><\/p>\n<p class=\"mb-6 text-xs-varying md:text-m lg:text-l font-serif group-[.font-sans]:font-sans \">\n    Einer repr\u00e4sentativen Umfrage im Auftrag des Referates f\u00fcr Arbeit und Wirtschaft zufolge stammten 2025 rund 41 Prozent der Menschen auf dem Gel\u00e4nde aus der Stadt M\u00fcnchen. Weitere 25 Prozent kamen aus dem Umland \u2013 damit werden in der Regel die direkt an die Stadt angrenzenden Landkreise bezeichnet. Noch einmal <a href=\"https:\/\/www.augsburger-allgemeine.de\/bayern\/zum-oktoberfest-fahren-bus-bahn-auto-zur-wiesn-von-augsburg-aus-29-09-25-110744488\" target=\"_self\" class=\"underline \" rel=\"nofollow noopener\">neun Prozent kommen aus dem restlichen Bayern.<\/a> Zusammengerechnet hei\u00dft das: Drei von vier Menschen auf dem Oktoberfest kamen 2025 aus dem Freistaat.\n  <\/p>\n<p>            Etwa jeder f\u00fcnfte Oktoberfest-Besucher kommt aus dem Ausland<\/p>\n<p class=\"mb-6 text-xs-varying md:text-m lg:text-l font-serif group-[.font-sans]:font-sans \">\n    Verh\u00e4ltnism\u00e4\u00dfig wenig machen Menschen aus dem Rest Deutschlands aus, sie stellen etwa vier Prozent der Besucherinnen und Besucher. Das bedeutet auch: Etwas mehr als einer von f\u00fcnf Wiesng\u00e4sten kommt aus dem Ausland. Und woher? Auch das hat die Stadt M\u00fcnchen analysieren lassen.\n  <\/p>\n<p class=\"mb-6 text-xs-varying md:text-m lg:text-l font-serif group-[.font-sans]:font-sans \">\n    Wer das \u201eItaliener-Wochenende\u201c kennt und wei\u00df, <a href=\"https:\/\/www.augsburger-allgemeine.de\/bayern\/sonderzug-espresso-monaco-was-suchen-italiener-beim-oktoberfest-in-muenchen-110818665\" target=\"_self\" class=\"underline \" rel=\"nofollow noopener\">dass die italienische Bahn inzwischen den\u00a0\u201eEspresso Monaco\u201c als Sonderzug nach M\u00fcnchen schickt<\/a>, k\u00f6nnte auf die Idee kommen, dass die gr\u00f6\u00dfte Touristengruppe aus Italien kommt. Tats\u00e4chlich liegen die Italienerinnen und Italiener aber nur auf Platz 2, hinter Menschen, die eine halbe Weltreise f\u00fcr das \u201eBeerfest\u201c auf sich genommen haben: Mit fast 20 Prozent unter den ausl\u00e4ndischen G\u00e4sten sind US-Amerikanerinnen und -Amerikaner auf dem ersten Platz. In absoluten Zahlen waren es mehr als 270.000 Menschen aus den USA, die das Oktoberfest 2025 besucht haben. Italienische G\u00e4ste landen mit  etwas mehr als 13 Prozent auf dem zweiten Platz.\n  <\/p>\n<p>            Viele Oktoberfest-G\u00e4ste kommen aus den USA, Italien und Gro\u00dfbritannien<\/p>\n<p class=\"mb-6 text-xs-varying md:text-m lg:text-l font-serif group-[.font-sans]:font-sans \">\n    Ebenfalls viele Menschen kommen aus Gro\u00dfbritannien und \u00d6sterreich. Jeweils einstellige Prozentbereiche erreichen Polen, Spanien, die Schweiz, Frankreich und die in der Statistik zusammengefassten L\u00e4nder Skandinaviens. Menschen aus Indien machen knapp 3 Prozent der internationalen G\u00e4ste aus, Niederl\u00e4nderinnen und Niederl\u00e4nder kommen auf 2 Prozent. Menschen aus Brasilien schaffen es mit 1,7 Prozent noch vor den Australierinnen und Australiern in die Top 10. Wie international das Oktoberfest inzwischen ist, zeigt sich auch daran, dass noch fast 14 Prozent der internationalen Besucher \u00fcbrig bleiben, die sich auf eine Vielzahl anderer L\u00e4nder verteilen.\n  <\/p>\n<p class=\"mb-6 text-xs-varying md:text-m lg:text-l font-serif group-[.font-sans]:font-sans \">\n    Zur Verdeutlichung erkl\u00e4rt die Stadt M\u00fcnchen, wie ein durchschnittlicher Wiesn-Tisch mit zehn Personen aussehen w\u00fcrde: Sechs G\u00e4ste k\u00e4men aus M\u00fcnchen oder der direkten Umgebung, einer aus dem restlichen Bayern. Ein Gast k\u00e4me aus dem Rest Deutschlands oder dem deutschsprachigen Ausland. Fremdsprachenkenntnisse w\u00e4ren daher nur f\u00fcr die letzten beiden Pl\u00e4tze n\u00f6tig, die von internationalen G\u00e4sten besetzt werden \u2013 mit recht hoher Wahrscheinlichkeit aus den USA, Italien oder Gro\u00dfbritannien.\n  <\/p>\n","protected":false},"excerpt":{"rendered":"Das Oktoberfest ist f\u00fcr viele der Inbegriff bayerischer Tradition. Doch auch wenn das Volksfest eine lange heimatverbundene Geschichte&hellip;\n","protected":false},"author":2,"featured_media":1251182,"comment_status":"","ping_status":"","sticky":false,"template":"","format":"standard","meta":{"footnotes":"","_share_on_mastodon":"0"},"categories":[1827],"tags":[772,29,85846,30,551,355,1222,1268,6927,2959,64,55],"class_list":["post-1256816","post","type-post","status-publish","format-standard","has-post-thumbnail","category-muenchen","tag-bayern","tag-deutschland","tag-festgelaende","tag-germany","tag-grossbritannien","tag-italien","tag-monaco","tag-muenchen","tag-oktoberfest","tag-theresienwiese","tag-usa","tag-wirtschaft"],"share_on_mastodon":{"url":"https:\/\/pubeurope.com\/@de\/117148802566634776","error":""},"_links":{"self":[{"href":"https:\/\/www.europesays.com\/de\/wp-json\/wp\/v2\/posts\/1256816","targetHints":{"allow":["GET"]}}],"collection":[{"href":"https:\/\/www.europesays.com\/de\/wp-json\/wp\/v2\/posts"}],"about":[{"href":"https:\/\/www.europesays.com\/de\/wp-json\/wp\/v2\/types\/post"}],"author":[{"embeddable":true,"href":"https:\/\/www.europesays.com\/de\/wp-json\/wp\/v2\/users\/2"}],"replies":[{"embeddable":true,"href":"https:\/\/www.europesays.com\/de\/wp-json\/wp\/v2\/comments?post=1256816"}],"version-history":[{"count":0,"href":"https:\/\/www.europesays.com\/de\/wp-json\/wp\/v2\/posts\/1256816\/revisions"}],"wp:featuredmedia":[{"embeddable":true,"href":"https:\/\/www.europesays.com\/de\/wp-json\/wp\/v2\/media\/1251182"}],"wp:attachment":[{"href":"https:\/\/www.europesays.com\/de\/wp-json\/wp\/v2\/media?parent=1256816"}],"wp:term":[{"taxonomy":"category","embeddable":true,"href":"https:\/\/www.europesays.com\/de\/wp-json\/wp\/v2\/categories?post=1256816"},{"taxonomy":"post_tag","embeddable":true,"href":"https:\/\/www.europesays.com\/de\/wp-json\/wp\/v2\/tags?post=1256816"}],"curies":[{"name":"wp","href":"https:\/\/api.w.org\/{rel}","templated":true}]}}