{"id":125687,"date":"2025-05-20T14:58:09","date_gmt":"2025-05-20T14:58:09","guid":{"rendered":"https:\/\/www.europesays.com\/de\/125687\/"},"modified":"2025-05-20T14:58:09","modified_gmt":"2025-05-20T14:58:09","slug":"fuenfergruppe-bricht-mann-wegen-religion-die-nase","status":"publish","type":"post","link":"https:\/\/www.europesays.com\/de\/125687\/","title":{"rendered":"F\u00fcnfergruppe bricht Mann wegen Religion die Nase"},"content":{"rendered":"<p class=\"tspAWh4 tspAWh5\">Einem 24-J\u00e4hrigen wurde in Berlin-Wedding mutma\u00dflich wegen seines christlichen Glaubens die Nase gebrochen. Wie die Polizei Berlin berichtet, soll der Mann gegen 22.45 Uhr auf der M\u00fcllerstra\u00dfe\/Seestra\u00dfe von einer F\u00fcnfergruppe angesprochen worden sein.&#13;<\/p>\n<p><a href=\"https:\/\/abo.tagesspiegel.de\/tagesspiegel-app?icid=single-topic_13725289___\" data-gtm-class=\"article-mzt-link\" class=\"tspB5md\" rel=\"nofollow noopener\" target=\"_blank\">Die Tagesspiegel-App Aktuelle Nachrichten, Hintergr\u00fcnde und Analysen direkt auf Ihr Smartphone. Dazu die digitale Zeitung. Hier gratis herunterladen.  <\/a><\/p>\n<p class=\"tspAWh4\">Nach ersten Erkenntnissen soll die Gruppe den Mann nach seiner Religionszugeh\u00f6rigkeit gefragt haben. Nachdem er geantwortet hatte, dass er christlich getauft sei, sollen die Unbekannten mehrfach zugeschlagen haben. Dabei erlitt er einen Nasenbeinbruch, der im Krankenhaus behandelt werden musste, teilte eine Polizeisprecherin am Nachmittag mit.<\/p>\n<p class=\"tspAWh4\">Anschlie\u00dfend soll die Gruppe in eine unbekannte Richtung gefl\u00fcchtet sein. Der Polizeiliche Staatsschutz hat die Ermittlungen \u00fcbernommen. (Tsp)&#13;<\/p>\n","protected":false},"excerpt":{"rendered":"Einem 24-J\u00e4hrigen wurde in Berlin-Wedding mutma\u00dflich wegen seines christlichen Glaubens die Nase gebrochen. Wie die Polizei Berlin berichtet,&hellip;\n","protected":false},"author":2,"featured_media":125688,"comment_status":"","ping_status":"","sticky":false,"template":"","format":"standard","meta":{"footnotes":""},"categories":[1825],"tags":[296,29,30,682,525,121],"class_list":{"0":"post-125687","1":"post","2":"type-post","3":"status-publish","4":"format-standard","5":"has-post-thumbnail","7":"category-berlin","8":"tag-berlin","9":"tag-deutschland","10":"tag-germany","11":"tag-koerperverletzung","12":"tag-mitte","13":"tag-polizei"},"share_on_mastodon":{"url":"https:\/\/pubeurope.com\/@de\/114540753995747610","error":""},"_links":{"self":[{"href":"https:\/\/www.europesays.com\/de\/wp-json\/wp\/v2\/posts\/125687","targetHints":{"allow":["GET"]}}],"collection":[{"href":"https:\/\/www.europesays.com\/de\/wp-json\/wp\/v2\/posts"}],"about":[{"href":"https:\/\/www.europesays.com\/de\/wp-json\/wp\/v2\/types\/post"}],"author":[{"embeddable":true,"href":"https:\/\/www.europesays.com\/de\/wp-json\/wp\/v2\/users\/2"}],"replies":[{"embeddable":true,"href":"https:\/\/www.europesays.com\/de\/wp-json\/wp\/v2\/comments?post=125687"}],"version-history":[{"count":0,"href":"https:\/\/www.europesays.com\/de\/wp-json\/wp\/v2\/posts\/125687\/revisions"}],"wp:featuredmedia":[{"embeddable":true,"href":"https:\/\/www.europesays.com\/de\/wp-json\/wp\/v2\/media\/125688"}],"wp:attachment":[{"href":"https:\/\/www.europesays.com\/de\/wp-json\/wp\/v2\/media?parent=125687"}],"wp:term":[{"taxonomy":"category","embeddable":true,"href":"https:\/\/www.europesays.com\/de\/wp-json\/wp\/v2\/categories?post=125687"},{"taxonomy":"post_tag","embeddable":true,"href":"https:\/\/www.europesays.com\/de\/wp-json\/wp\/v2\/tags?post=125687"}],"curies":[{"name":"wp","href":"https:\/\/api.w.org\/{rel}","templated":true}]}}