{"id":1256871,"date":"2026-08-24T05:56:26","date_gmt":"2026-08-24T05:56:26","guid":{"rendered":"https:\/\/www.europesays.com\/de\/1256871\/"},"modified":"2026-08-24T05:56:26","modified_gmt":"2026-08-24T05:56:26","slug":"schlachtfeld-von-kriminellen-schande-von-mannheim-entfacht-die-sicherheitsdebatte-neu","status":"publish","type":"post","link":"https:\/\/www.europesays.com\/de\/1256871\/","title":{"rendered":"&#8222;Schlachtfeld&#8220; von &#8222;Kriminellen&#8220;: &#8222;Schande von Mannheim&#8220; entfacht die Sicherheitsdebatte neu"},"content":{"rendered":"<p>Die schweren Krawalle beim Derby zwischen Waldhof Mannheim und dem 1. FC Kaiserslautern in der ersten Runde des DFB-Pokals werden ein Nachspiel haben. Konsequenzen drohen auf verschiedenen Ebenen.<\/p>\n<p>85 Verletzte, Ermittlungen wegen diverser Straftaten, Unsummen an Steuergeldern f\u00fcr den Einsatz von 1400 Polizisten, eine Stadt in Geiselhaft &#8211; das Skandalspiel in der ersten Runde des DFB-Pokals zwischen Waldhof Mannheim und dem 1. FC Kaiserslautern hat seinen unr\u00fchmlichen Eintrag in die Fu\u00dfball-Geschichtsb\u00fccher als &#8222;Schande von Mannheim&#8220; bereits sicher.<\/p>\n<p>Nach den schweren Krawallen beim S\u00fcdwestderby am Freitagabend drohen beiden Klubs drakonische Strafen &#8211; und die Debatte um den Umgang mit Hochrisikospielen ist neu entfacht.<\/p>\n<p>&#8222;Wer Fu\u00dfballpl\u00e4tze in Schlachtfelder verwandelt, ist kein Fan. Da gibt es von uns null Toleranz. So werden wir diese Typen auch behandeln &#8211; es sind Kriminelle&#8220;, kommentierte Baden-W\u00fcrttembergs Innenminister Manuel Hagel im SWR die schlimmen Szenen rund um das 1:0 nach Verl\u00e4ngerung f\u00fcr den Zweitligisten aus Kaiserslautern beim benachbarten Drittligisten.<\/p>\n<p>Doch obwohl Hagel die Klubs bei der Stadionsicherheit in der Verantwortung sieht, will er keine Rechnungen schreiben: &#8222;Durch unsere Stadionallianzen gehen Kosten und Gewalt zur\u00fcck. Diesen Weg werden wir weitergehen.&#8220;<\/p>\n<p>Polizeigewerkschaft nimmt die Vereine in die Pflicht<\/p>\n<p>Das sehen allerdings nicht nur diverse Kollegen Hagels aus anderen Bundesl\u00e4ndern ganz anders. Auch die Gewerkschaft der Polizei (GdP) verlangt, dass das Geld bei den Klubs eingetrieben werden &#8211; wie es mittlerweile h\u00f6chstrichterlich erlaubt ist.<\/p>\n<p>&#8222;Die Vereine m\u00fcssen die Kosten f\u00fcr die Polizeieins\u00e4tze zwingend \u00fcbernehmen&#8220;, sagte Andreas Ro\u00dfkopf, der GdP-Vorsitzende f\u00fcr den Bereich Bundespolizei, der Rheinischen Post. Die Vorkommnisse seien unertr\u00e4glich: &#8222;Geldstrafen reichen hier nicht mehr aus. Ein Spielabbruch sowie das Disqualifizieren aus dem DFB-Pokal w\u00e4ren aus unserer Sicht die richtige Konsequenz gewesen.&#8220;<\/p>\n<p>Obwohl es aufgrund des massiven Polizeieinsatzes im Stadion mit berittenen Beamten sowie Hunden und der Umsicht von Schiedsrichter Robert Schr\u00f6der nicht zum Abbruch kam, ist der Ausschluss vom laufenden oder k\u00fcnftigen Wettbewerb genau wie andere heftige Sanktionen l\u00e4ngst nicht vom Tisch.<\/p>\n<p>Der Deutsche Fu\u00dfball-Bund (DFB) best\u00e4tigte auf SID-Anfrage eine Untersuchung der Vorf\u00e4lle durch den Kontrollausschuss. Neben horrenden Geldstrafen scheinen zumindest Zuschauer-Ausschl\u00fcsse f\u00fcr k\u00fcnftige Partien sicher.<\/p>\n<p>FCK-Boss Hengen: &#8222;Furchtbar! Das schadet uns und dem Fu\u00dfball&#8220;<\/p>\n<p>Abstruse Schuldzuweisungen sowie verharmlosende Aussagen diverser Spieler und Vereinsvertreter im Nachgang d\u00fcrften die Lage f\u00fcr beide Klubs nicht verbessern.<\/p>\n<p>Immerhin FCK-Gesch\u00e4ftsf\u00fchrer Thomas Hengen hatte das Ausma\u00df der eskalierten Gewalt erkannt und zeigte sich entsprechend entsetzt: &#8222;Was auf den R\u00e4ngen abgegangen ist, war furchtbar \u2013 von beiden Seiten. So ein Derby darf nicht ausarten, das schadet uns und dem Fu\u00dfball.&#8220;<\/p>\n<p>Was Hengen zuvor gesehen hatte, waren purer Hass und Gewalt. Gegenst\u00e4nde flogen, Raketen wurden in Richtung der Spieler sowie in die Zuschauer geschossen, ein Platzsturm musste vom massiven Polizeiaufgebot verhindert werden. Rund eine halbe Stunde war die Partie vor der Verl\u00e4ngerung unterbrochen. Auch in der Stadt herrschte Ausnahmezustand. Wasserwerfer wurden aufgefahren, Kitas in Stadionn\u00e4he fr\u00fchzeitig geschlossen, der Verkehr brach stellenweise zusammen.<\/p>\n<p>Am Ende stand der Polizeibericht, in dem es unter anderem um K\u00f6rperverletzungen, Sachbesch\u00e4digungen, Landfriedensbruch, t\u00e4tliche Angriffe auf Polizeibeamte sowie Verst\u00f6\u00dfe gegen das Sprengstoffgesetz ging &#8211; in den Fu\u00dfball-Chroniken zuk\u00fcnftig zusammengefasst unter der \u00dcberschrift &#8222;Schande von Mannheim&#8220;.<\/p>\n","protected":false},"excerpt":{"rendered":"Die schweren Krawalle beim Derby zwischen Waldhof Mannheim und dem 1. FC Kaiserslautern in der ersten Runde des&hellip;\n","protected":false},"author":2,"featured_media":1256872,"comment_status":"","ping_status":"","sticky":false,"template":"","format":"standard","meta":{"footnotes":"","_share_on_mastodon":"0"},"categories":[1845],"tags":[1634,3364,29,50184,1264,548,663,3934,2033,347,30,13,15352,2096,14,15,12,4604,17594,259027],"class_list":["post-1256871","post","type-post","status-publish","format-standard","has-post-thumbnail","category-mannheim","tag-baden-wuerttemberg","tag-de","tag-deutschland","tag-deutschland-dfb-pokal","tag-dfb-pokal","tag-eu","tag-europa","tag-europe","tag-features","tag-fussball","tag-germany","tag-headlines","tag-kaiserslautern","tag-mannheim","tag-nachrichten","tag-news","tag-schlagzeilen","tag-soccer","tag-waldhof-mannheim","tag-waldhof-mannheim-vs-kaiserslautern"],"share_on_mastodon":{"url":"https:\/\/pubeurope.com\/@de\/117148947875898708","error":""},"_links":{"self":[{"href":"https:\/\/www.europesays.com\/de\/wp-json\/wp\/v2\/posts\/1256871","targetHints":{"allow":["GET"]}}],"collection":[{"href":"https:\/\/www.europesays.com\/de\/wp-json\/wp\/v2\/posts"}],"about":[{"href":"https:\/\/www.europesays.com\/de\/wp-json\/wp\/v2\/types\/post"}],"author":[{"embeddable":true,"href":"https:\/\/www.europesays.com\/de\/wp-json\/wp\/v2\/users\/2"}],"replies":[{"embeddable":true,"href":"https:\/\/www.europesays.com\/de\/wp-json\/wp\/v2\/comments?post=1256871"}],"version-history":[{"count":0,"href":"https:\/\/www.europesays.com\/de\/wp-json\/wp\/v2\/posts\/1256871\/revisions"}],"wp:featuredmedia":[{"embeddable":true,"href":"https:\/\/www.europesays.com\/de\/wp-json\/wp\/v2\/media\/1256872"}],"wp:attachment":[{"href":"https:\/\/www.europesays.com\/de\/wp-json\/wp\/v2\/media?parent=1256871"}],"wp:term":[{"taxonomy":"category","embeddable":true,"href":"https:\/\/www.europesays.com\/de\/wp-json\/wp\/v2\/categories?post=1256871"},{"taxonomy":"post_tag","embeddable":true,"href":"https:\/\/www.europesays.com\/de\/wp-json\/wp\/v2\/tags?post=1256871"}],"curies":[{"name":"wp","href":"https:\/\/api.w.org\/{rel}","templated":true}]}}