{"id":1256875,"date":"2026-08-24T05:59:12","date_gmt":"2026-08-24T05:59:12","guid":{"rendered":"https:\/\/www.europesays.com\/de\/1256875\/"},"modified":"2026-08-24T05:59:12","modified_gmt":"2026-08-24T05:59:12","slug":"open-air-events-2026-in-karlsruhe-diese-veranstaltungen-sollten-sie-nicht-verpassen-8","status":"publish","type":"post","link":"https:\/\/www.europesays.com\/de\/1256875\/","title":{"rendered":"Open-Air-Events 2026 in Karlsruhe: Diese Veranstaltungen sollten Sie nicht verpassen"},"content":{"rendered":"<p class=\"mb-6 text-xs-varying md:text-m lg:text-l font-serif group-[.font-sans]:font-sans \">\n    Sommer ist Open-Air Zeit! Wenn die Tage lang sind und die Abende warm bleiben, verlagert auch <a href=\"https:\/\/www.ka-news.de\/promis\/karlsruhe-kulturlandschaft-technologieregion-und-residenz-des-rechts-die-faecherstadt-im-ueberblick-art-2783253\" target=\"_self\" class=\"underline \" rel=\"nofollow noopener\">Karlsruhe<\/a> das Kulturleben nach drau\u00dfen. Zwischen Schlossfassade und Stadtpark, Rheinstrandbad und <a href=\"https:\/\/www.ka-news.de\/karlsruhe\/freizeit-und-veranstaltungen\/open-air-kino-karlsruhe-am-schloss-gottesaue-programm-und-spielzeiten-im-ueberblick-14-8-36-114235724\" target=\"_self\" class=\"underline \" rel=\"nofollow noopener\">Open-Air-Kino<\/a> wird der Sommer zur B\u00fchne. Ob Festivals, M\u00e4rkte, Lichtkunst, Party oder Kunst &#8211; unter freiem Himmel ist f\u00fcr alle was dabei.\n  <\/p>\n<p>            4. Juli: Cool Summer Jazz auf der Seeb\u00fchne<\/p>\n<p class=\"mb-6 text-xs-varying md:text-m lg:text-l font-serif group-[.font-sans]:font-sans \">\n    Jazzfans kommen am Samstagabend beim <a href=\"https:\/\/kalender.karlsruhe.de\/db\/termine\/musik\/cool_summer_jazz_auf_der_seebuhne_sinfonischer\" rel=\"nofollow noopener\" target=\"_blank\" class=\"underline \">Cool Summer Jazz<\/a> auf der Seeb\u00fchne im <a href=\"https:\/\/www.ka-news.de\/region\/karlsruhe\/alles-rund-um-den-zoo-karlsruhe-oeffnungszeiten-preise-und-geschichte-art-2762384\" target=\"_self\" class=\"underline \" rel=\"nofollow noopener\">Zoologischen Stadtgarten<\/a> auf ihre Kosten. Die Seeb\u00fchne liegt am Westufer des Stadt\u00ad\u00ad\u00ad\u00ad\u00adgar\u00adtensees im n\u00f6rdlichen Teil des Stadtgartens. Auf dem Programm steht das Landespolizeiorchester Baden-W\u00fcrttemberg und der geb\u00fcrtige Karlsruher Trompeter Thomas Siffling mit Band.\n  <\/p>\n<p>            29. Juni bis 9. August: Zeltival Karlsruhe<\/p>\n<p class=\"mb-6 text-xs-varying md:text-m lg:text-l font-serif group-[.font-sans]:font-sans \">\n    Das <a href=\"https:\/\/www.zeltival.de\/\" rel=\"nofollow noopener\" target=\"_blank\" class=\"underline \">ZELTIVAL<\/a> bringt \u00fcber mehrere Wochen Festivalstimmung auf das Gel\u00e4nde des Tollhaus. Nationale und internationale K\u00fcnstlerinnen und K\u00fcnstler und Newcomer aus den Jazz, Pop, Rock, Weltmusik, A cappella, Kabarett und Comedy treten bei dem einmonatigen Festival auf.\n  <\/p>\n<p>            15. Juli bis 21. Juli: Das Fest am See<\/p>\n<p class=\"mb-6 text-xs-varying md:text-m lg:text-l font-serif group-[.font-sans]:font-sans \">\n    <a href=\"https:\/\/www.dasfest.de\/programm\/das-fest-am-see\" rel=\"nofollow noopener\" target=\"_blank\" class=\"underline \">Das Fest am See<\/a> ist der Auftakt f\u00fcr das darauffolgende <a href=\"https:\/\/www.ka-news.de\/karlsruhe\/das-fest-karlsruhe-erreicht-2026-hohe-ticketzahlen-trotz-krisen-bei-festivals-17-114626974\" target=\"_self\" class=\"underline \" rel=\"nofollow noopener\">Familienfestival Das Fes<\/a>t. Das Fest am See findet auf dem FEST-Gel\u00e4nde in der G\u00fcnther-Klotz-Anlage, bei der Caf\u00e9b\u00fchne statt. Unter anderem spielen regionale Bands, der Eintritt ist frei.\n  <\/p>\n<p>            23. bis 26. Juli: DAS FEST<\/p>\n<p class=\"mb-6 text-xs-varying md:text-m lg:text-l font-serif group-[.font-sans]:font-sans \">\n    <a href=\"https:\/\/www.dasfest.de\/programm\/das-fest\" rel=\"nofollow noopener\" target=\"_blank\" class=\"underline \">DAS FEST<\/a> findet seit 1985 statt und ist eines der gr\u00f6\u00dften Familienfestivals im deutschsprachigen Raum. <a href=\"https:\/\/www.ka-news.de\/karlsruhe\/das-fest-karlsruhe-erreicht-2026-hohe-ticketzahlen-trotz-krisen-bei-festivals-17-114626974\" target=\"_self\" class=\"underline \" rel=\"nofollow noopener\">Das Festival will alle Bev\u00f6lkerungsschichten unabh\u00e4ngig ihres Alters und Einkommens ansprechen. Z<\/a>ahlreiche nationale und internationale K\u00fcnstlerinnen und K\u00fcnstler treten auf dem Festival auf auf. Die Headliner der Hauptb\u00fchne sind in diesem Jahr Nico Santos, die Beatsteaks, Zartmann sowie Max Herre &amp; Joy Denalane.\n  <\/p>\n<p>            17. bis 19.Juli: Canna Festival<\/p>\n<p class=\"mb-6 text-xs-varying md:text-m lg:text-l font-serif group-[.font-sans]:font-sans \">\n    Das <a href=\"https:\/\/cannafestival.de\/festival-music\/\" rel=\"nofollow noopener\" target=\"_blank\" class=\"underline \">CannaFestival<\/a> verbindet Hanfmesse, Community und <strong class=\"font-bold\">Open-Air-Festival auf der Karlsruher Messe<\/strong>. Drei Tage gibt es Austausch, Produkte und Live-Musik rund um das Thema Cannabis. In diesem Jahr gibt es eine Reggea und eine HipHop-B\u00fchne. Unter anderem treten <a href=\"https:\/\/www.ka-news.de\/promis\/sally-oezcan-erhaelt-fan-besuch-von-rapper-eko-fresh-im-europa-park-4-114544950\" target=\"_self\" class=\"underline \" rel=\"nofollow noopener\">Eko Fresh<\/a> und Benji auf.\n  <\/p>\n<p>            24. Juli bis 26. Juli: INDIA SUMMER DAYS<\/p>\n<p class=\"mb-6 text-xs-varying md:text-m lg:text-l font-serif group-[.font-sans]:font-sans \">\n    Parallel zu DAS FEST bringen die<a href=\"https:\/\/indiasummerdays.de\/en\/\" rel=\"nofollow noopener\" target=\"_blank\" class=\"underline \"> INDIA SUMMER DAYS<\/a> indische Kultur nach <a href=\"https:\/\/www.ka-news.de\/karlsruhe\" target=\"_self\" class=\"underline \" rel=\"nofollow noopener\">Karlsruhe<\/a>. Tanz, Live-Musik, Shows, Workshops, Basar und kulinarische Angebote sorgen f\u00fcr ein farbenfrohes Programm. Der Eintritt ist frei.\n  <\/p>\n<p>            24. Juli bis 13. September 2026: Schauburg Open Air Kino<\/p>\n<p class=\"mb-6 text-xs-varying md:text-m lg:text-l font-serif group-[.font-sans]:font-sans \">\n    Das<a href=\"https:\/\/www.schauburg.de\/openair\" rel=\"nofollow noopener\" target=\"_blank\" class=\"underline \"> Open-Air-Kino der Schauburg<\/a> geh\u00f6rt zu den Klassikern der Karlsruher Sommerabende. Vor der besonderen Kulisse von Schloss Gottesaue laufen \u00fcber mehrere Wochen Filme von Klassikern bis zu aktuellen Blockbustern. Open-Air Kino\n  <\/p>\n<p>            23. Juli bis 30. August: Durlacher Kultursommer<\/p>\n<p class=\"mb-6 text-xs-varying md:text-m lg:text-l font-serif group-[.font-sans]:font-sans \">\n    Beim <a href=\"https:\/\/kultursommer-durlach.de\/\" rel=\"nofollow noopener\" target=\"_blank\" class=\"underline \">Durlacher Kultursommer<\/a> gibt es Kultur unter freiem Himmel an zwei besonderen Orten: im Schlossgarten und auf dem Alten Friedhof. Das Programm reicht von Musik \u00fcber Theater bis Literatur.\n  <\/p>\n<p>            1. August: KAMUNA \u2013 Karlsruher Museumsnacht<\/p>\n<p class=\"mb-6 text-xs-varying md:text-m lg:text-l font-serif group-[.font-sans]:font-sans \">\n    Die <a href=\"https:\/\/www.kamuna.de\/\" rel=\"nofollow noopener\" target=\"_blank\" class=\"underline \">Karlsruher Museumsnacht<\/a> ist nicht nur ein Abend f\u00fcr Ausstellungen, sondern auch f\u00fcr besondere Stadterlebnisse. F\u00fchrungen, Konzerte, Lesungen, Mitmachaktionen, Filme und Theater machen versprechen eine aufregende und wissenswerte Nacht.\n  <\/p>\n<p>            13. August bis 13. September: Schlosslichtspiele Light Festival<\/p>\n<p class=\"mb-6 text-xs-varying md:text-m lg:text-l font-serif group-[.font-sans]:font-sans \">\n    Bei den <a href=\"https:\/\/www.schlosslichtspiele.info\/\" rel=\"nofollow noopener\" target=\"_blank\" class=\"underline \">Schlosslichtspielen<\/a> wird Karlsruhe selbst zur B\u00fchne. Projektionen auf der Schlossfassade, Medienkunst, Illuminationen und leuchtende Aktionen verwandeln die Innenstadt vier Wochen lang in ein gro\u00dfes Open-Air-Kunstfestival. <a href=\"https:\/\/www.ka-news.de\/karlsruhe\/schlosslichtspiele-karlsruhe-das-sind-die-schoensten-bilder-der-schlosslichtspiele-karlsruhe-110736620\" target=\"_self\" class=\"underline \" rel=\"nofollow noopener\">Impressionen aus dem letzten Jahr.<\/a>\n  <\/p>\n<p>            5. September: Diner en blanc<\/p>\n<p class=\"mb-6 text-xs-varying md:text-m lg:text-l font-serif group-[.font-sans]:font-sans \">\n    Ganz in Wei\u00df, stilvoll und ein bisschen geheimnisvoll: Beim <a href=\"https:\/\/www.karlsruhe-erleben.de\/veranstaltungen\/diner-en-blanc\" rel=\"nofollow noopener\" target=\"_blank\" class=\"underline \">D\u00eener en blanc<\/a> treffen sich Menschen zu einem gemeinsamen Picknick unter freiem Himmel. Damit wollen sie die franz\u00f6sische Lebensart feiern. Der genaue Ort wird traditionell erst kurz vorher bekannt gegeben.\n  <\/p>\n<p>            19. und 20. September: Rheingr\u00fcn Open Air<\/p>\n<p class=\"mb-6 text-xs-varying md:text-m lg:text-l font-serif group-[.font-sans]:font-sans \">\n    Zum Sp\u00e4tsommer bringt das <a href=\"https:\/\/rheingruen-openair.de\/\" rel=\"nofollow noopener\" target=\"_blank\" class=\"underline \">Rheingr\u00fcn Open Air<\/a> elektronische Musik ans Rheinstrandbad. Mit mehreren B\u00fchnen, vielen Acts und Festivalatmosph\u00e4re richtet sich das Event besonders an Fans von Techno und elektronischen Sounds. Rhein\n  <\/p>\n","protected":false},"excerpt":{"rendered":"Sommer ist Open-Air Zeit! Wenn die Tage lang sind und die Abende warm bleiben, verlagert auch Karlsruhe das&hellip;\n","protected":false},"author":2,"featured_media":1146171,"comment_status":"","ping_status":"","sticky":false,"template":"","format":"standard","meta":{"footnotes":"","_share_on_mastodon":"0"},"categories":[1844],"tags":[1634,53756,55272,3364,29,30,8903,1896,80,34374,5206,136462,153850],"class_list":["post-1256875","post","type-post","status-publish","format-standard","has-post-thumbnail","category-karlsruhe","tag-baden-wuerttemberg","tag-beatsteaks","tag-das-fest","tag-de","tag-deutschland","tag-germany","tag-karlsruhe","tag-kinofilm","tag-kultur","tag-nico-santos","tag-rhein","tag-rheinstrandbad","tag-thomas-siffling"],"share_on_mastodon":{"url":"https:\/\/pubeurope.com\/@de\/117148959564457597","error":""},"_links":{"self":[{"href":"https:\/\/www.europesays.com\/de\/wp-json\/wp\/v2\/posts\/1256875","targetHints":{"allow":["GET"]}}],"collection":[{"href":"https:\/\/www.europesays.com\/de\/wp-json\/wp\/v2\/posts"}],"about":[{"href":"https:\/\/www.europesays.com\/de\/wp-json\/wp\/v2\/types\/post"}],"author":[{"embeddable":true,"href":"https:\/\/www.europesays.com\/de\/wp-json\/wp\/v2\/users\/2"}],"replies":[{"embeddable":true,"href":"https:\/\/www.europesays.com\/de\/wp-json\/wp\/v2\/comments?post=1256875"}],"version-history":[{"count":0,"href":"https:\/\/www.europesays.com\/de\/wp-json\/wp\/v2\/posts\/1256875\/revisions"}],"wp:featuredmedia":[{"embeddable":true,"href":"https:\/\/www.europesays.com\/de\/wp-json\/wp\/v2\/media\/1146171"}],"wp:attachment":[{"href":"https:\/\/www.europesays.com\/de\/wp-json\/wp\/v2\/media?parent=1256875"}],"wp:term":[{"taxonomy":"category","embeddable":true,"href":"https:\/\/www.europesays.com\/de\/wp-json\/wp\/v2\/categories?post=1256875"},{"taxonomy":"post_tag","embeddable":true,"href":"https:\/\/www.europesays.com\/de\/wp-json\/wp\/v2\/tags?post=1256875"}],"curies":[{"name":"wp","href":"https:\/\/api.w.org\/{rel}","templated":true}]}}