{"id":1256883,"date":"2026-08-24T06:05:16","date_gmt":"2026-08-24T06:05:16","guid":{"rendered":"https:\/\/www.europesays.com\/de\/1256883\/"},"modified":"2026-08-24T06:05:16","modified_gmt":"2026-08-24T06:05:16","slug":"verletzter-nach-streit-zwischen-bruedern-in-wuppertal","status":"publish","type":"post","link":"https:\/\/www.europesays.com\/de\/1256883\/","title":{"rendered":"Verletzter nach Streit zwischen Br\u00fcdern in Wuppertal"},"content":{"rendered":"<p>In Wuppertal ist ein 16-J\u00e4hriger im Zuge eines Streits auf das fahrende Auto seines \u00e4lteren Bruders gesprungen. Dabei verletzte er sich leicht, wie die Polizei mitteilte. <\/p>\n<p>Warum sich der 16-J\u00e4hrige und sein 18 Jahre alter Bruder gestritten haben, ist demnach nicht bekannt. Der Fahrer fl\u00fcchtete, nachdem sein Bruder auf seinem Fahrzeug gelandet war \u2013 der Verletzte wurde aber kurz darauf von Sanit\u00e4tern versorgt. In ein Krankenhaus musste er nicht. Die Polizei habe sp\u00e4ter den \u00e4lteren Bruder aufgegriffen \u2013 er habe seinen F\u00fchrerschein sowie die Fahrzeugpapiere abgeben m\u00fcssen. <\/p>\n","protected":false},"excerpt":{"rendered":"In Wuppertal ist ein 16-J\u00e4hriger im Zuge eines Streits auf das fahrende Auto seines \u00e4lteren Bruders gesprungen. Dabei&hellip;\n","protected":false},"author":2,"featured_media":1256884,"comment_status":"","ping_status":"","sticky":false,"template":"","format":"standard","meta":{"footnotes":"","_share_on_mastodon":"0"},"categories":[1840],"tags":[3364,29,30,1209,15617,601,4418],"class_list":["post-1256883","post","type-post","status-publish","format-standard","has-post-thumbnail","category-wuppertal","tag-de","tag-deutschland","tag-germany","tag-nordrhein-westfalen","tag-unflle","tag-verkehr","tag-wuppertal"],"share_on_mastodon":{"url":"https:\/\/pubeurope.com\/@de\/117148983344678370","error":""},"_links":{"self":[{"href":"https:\/\/www.europesays.com\/de\/wp-json\/wp\/v2\/posts\/1256883","targetHints":{"allow":["GET"]}}],"collection":[{"href":"https:\/\/www.europesays.com\/de\/wp-json\/wp\/v2\/posts"}],"about":[{"href":"https:\/\/www.europesays.com\/de\/wp-json\/wp\/v2\/types\/post"}],"author":[{"embeddable":true,"href":"https:\/\/www.europesays.com\/de\/wp-json\/wp\/v2\/users\/2"}],"replies":[{"embeddable":true,"href":"https:\/\/www.europesays.com\/de\/wp-json\/wp\/v2\/comments?post=1256883"}],"version-history":[{"count":0,"href":"https:\/\/www.europesays.com\/de\/wp-json\/wp\/v2\/posts\/1256883\/revisions"}],"wp:featuredmedia":[{"embeddable":true,"href":"https:\/\/www.europesays.com\/de\/wp-json\/wp\/v2\/media\/1256884"}],"wp:attachment":[{"href":"https:\/\/www.europesays.com\/de\/wp-json\/wp\/v2\/media?parent=1256883"}],"wp:term":[{"taxonomy":"category","embeddable":true,"href":"https:\/\/www.europesays.com\/de\/wp-json\/wp\/v2\/categories?post=1256883"},{"taxonomy":"post_tag","embeddable":true,"href":"https:\/\/www.europesays.com\/de\/wp-json\/wp\/v2\/tags?post=1256883"}],"curies":[{"name":"wp","href":"https:\/\/api.w.org\/{rel}","templated":true}]}}