{"id":1256951,"date":"2026-08-24T07:00:17","date_gmt":"2026-08-24T07:00:17","guid":{"rendered":"https:\/\/www.europesays.com\/de\/1256951\/"},"modified":"2026-08-24T07:00:17","modified_gmt":"2026-08-24T07:00:17","slug":"betrunken-ohne-fuehrerschein-22-jaehriger-rammt-in-muenchen-zehn-geparkte-autos-2","status":"publish","type":"post","link":"https:\/\/www.europesays.com\/de\/1256951\/","title":{"rendered":"Betrunken ohne F\u00fchrerschein: 22-J\u00e4hriger rammt in M\u00fcnchen zehn geparkte Autos"},"content":{"rendered":"<p>Einen Schaden von mehr als 90.000 Euro hat ein junger Mann am Freitagabend angerichtet \u2013 und das innerhalb von Sekunden: Der 22-J\u00e4hrige fuhr gegen 22.15 Uhr am Steuer eines <a href=\"https:\/\/www.abendzeitung-muenchen.de\/organisation\/volkswagen-ag\/\" rel=\"nofollow noopener\" target=\"_blank\">VW<\/a> durch die Guardinistra\u00dfe in Neuhadern stadtausw\u00e4rts. Auf H\u00f6he der Hausnummern 78 bis 88 rammte er sieben Autos, die rechts am Fahrbahnrand parkten. Anschlie\u00dfend kam er nach links ab und fuhr dort noch weitere drei abgestellte Autos an.<\/p>\n<p>Betrunken ohne F\u00fchrerschein am Steuer<\/p>\n<p>Bei der Unfallaufnahme lie\u00dfen die Polizisten den 22-J\u00e4hrigen pusten: Das Ger\u00e4t zeigte \u00fcber ein Promille an. Zudem stellten die Beamten Anzeichen von Drogenkonsum fest.<\/p>\n<p>Einen F\u00fchrerschein hatte der Spanier, der in <a href=\"https:\/\/www.abendzeitung-muenchen.de\/muenchen\/\" rel=\"nofollow noopener\" target=\"_blank\">M\u00fcnchen<\/a> gemeldet ist, nicht. Den hatte er bereits im Oktober 2025 abgeben m\u00fcssen. Damals hatte er betrunken drei Autos besch\u00e4digt.<\/p>\n<p>Wie kam der 22-J\u00e4hrige an das Fahrzeug?<\/p>\n<p>Der junge Mann erlitt bei dem Crash am Freitag Prellungen. Gekl\u00e4rt werden muss noch, wie er an den VW gekommen war \u2013 das Auto war n\u00e4mlich ein Leihwagen von Sixt. \u2003\u2003<\/p>\n","protected":false},"excerpt":{"rendered":"Einen Schaden von mehr als 90.000 Euro hat ein junger Mann am Freitagabend angerichtet \u2013 und das innerhalb&hellip;\n","protected":false},"author":2,"featured_media":1255682,"comment_status":"","ping_status":"","sticky":false,"template":"","format":"standard","meta":{"footnotes":"","_share_on_mastodon":"0"},"categories":[1827],"tags":[18957,772,29,30,259710,1268,1284],"class_list":["post-1256951","post","type-post","status-publish","format-standard","has-post-thumbnail","category-muenchen","tag-alkoholfahrt","tag-bayern","tag-deutschland","tag-germany","tag-guardinistrasse","tag-muenchen","tag-unfall"],"share_on_mastodon":{"url":"https:\/\/pubeurope.com\/@de\/117149199879182876","error":""},"_links":{"self":[{"href":"https:\/\/www.europesays.com\/de\/wp-json\/wp\/v2\/posts\/1256951","targetHints":{"allow":["GET"]}}],"collection":[{"href":"https:\/\/www.europesays.com\/de\/wp-json\/wp\/v2\/posts"}],"about":[{"href":"https:\/\/www.europesays.com\/de\/wp-json\/wp\/v2\/types\/post"}],"author":[{"embeddable":true,"href":"https:\/\/www.europesays.com\/de\/wp-json\/wp\/v2\/users\/2"}],"replies":[{"embeddable":true,"href":"https:\/\/www.europesays.com\/de\/wp-json\/wp\/v2\/comments?post=1256951"}],"version-history":[{"count":0,"href":"https:\/\/www.europesays.com\/de\/wp-json\/wp\/v2\/posts\/1256951\/revisions"}],"wp:featuredmedia":[{"embeddable":true,"href":"https:\/\/www.europesays.com\/de\/wp-json\/wp\/v2\/media\/1255682"}],"wp:attachment":[{"href":"https:\/\/www.europesays.com\/de\/wp-json\/wp\/v2\/media?parent=1256951"}],"wp:term":[{"taxonomy":"category","embeddable":true,"href":"https:\/\/www.europesays.com\/de\/wp-json\/wp\/v2\/categories?post=1256951"},{"taxonomy":"post_tag","embeddable":true,"href":"https:\/\/www.europesays.com\/de\/wp-json\/wp\/v2\/tags?post=1256951"}],"curies":[{"name":"wp","href":"https:\/\/api.w.org\/{rel}","templated":true}]}}