{"id":1256963,"date":"2026-08-24T07:07:17","date_gmt":"2026-08-24T07:07:17","guid":{"rendered":"https:\/\/www.europesays.com\/de\/1256963\/"},"modified":"2026-08-24T07:07:17","modified_gmt":"2026-08-24T07:07:17","slug":"lunch-spot-hier-in-mitte-berlin","status":"publish","type":"post","link":"https:\/\/www.europesays.com\/de\/1256963\/","title":{"rendered":"Lunch-Spot Hier in Mitte | Berlin"},"content":{"rendered":"<p>Der Claim des Hier lautet \u201eEndlich mal nichts Neues\u201c. Und der ist keineswegs ironisch gemeint. Denn in dem neuen Lunch-Spot an der Sch\u00f6nhauser Allee setzt man seit Juni dieses Jahres anstelle von Superfoods, exotischen Gew\u00fcrzen oder neuen Food-Trends konsequent auf das, was die Region hervorbringt. Und darauf, aus einfachen Zutaten etwas Besonderes zu machen. Das Ergebnis ist ein vegetarisches Konzept, das angenehm unpr\u00e4tenti\u00f6s wirkt und gerade deshalb begeistert.<\/p>\n<p>Hinter dem Hier stehen die Gastronomin Chiara Strobl und ihr Gesch\u00e4ftspartner Marc Schmidheiny. K\u00fcchenchef ist Jan Michert. Strobl bringt viel Erfahrung aus der Berliner Spitzengastronomie mit. Nach ihrer Ausbildung im Wiener 2-Sterne-Restaurant <a href=\"https:\/\/www.cremeguides.com\/wien\/restaurant-mraz-sohn\/\" rel=\"nofollow noopener\" target=\"_blank\">Mraz &amp; Sohn<\/a> arbeitete sie unter anderem im Sternerestaurant <a href=\"https:\/\/www.cremeguides.com\/berlin\/nobelhart-schmutzig-restaurant\/\" rel=\"nofollow noopener\" target=\"_blank\">Nobelhart &amp; Schmutzig<\/a> sowie im fr\u00fcheren <a href=\"https:\/\/www.cremeguides.com\/berlin\/restaurant-lode-und-stijn-in-kreuzberg\/\" rel=\"nofollow noopener\" target=\"_blank\">Lode &amp; Stijn<\/a>.<\/p>\n<p>Sp\u00e4ter sch\u00e4rften Stationen auf einer Alm in Vorarlberg und in der K\u00fcche einer Waldorfschule ihren Blick f\u00fcr regionale Produkte, Demeter-Lebensmittel und einen m\u00f6glichst ressourcenschonenden Umgang mit Zutaten. Aus einer zun\u00e4chst f\u00fcr einen B\u00fcrokomplex in Mitte entwickelten Kantine entstand schlie\u00dflich die Idee f\u00fcr das \u00f6ffentlich zug\u00e4ngliche Hier: Warum nicht auch umliegende B\u00fcros an der wohltuenden K\u00fcche teilhaben lassen.<\/p>\n<p>Auch im Interieur spiegelt sich der Gedanke der Regionalit\u00e4t. Entworfen wurde es von Michael Sans, der bereits das <a href=\"https:\/\/www.cremeguides.com\/berlin\/nobelhart-schmutzig-restaurant\/\" rel=\"nofollow noopener\" target=\"_blank\">Nobelhart &amp; Schmutzig<\/a> gestaltete. Verarbeitet wurden ausschlie\u00dflich regionale beziehungsweise deutsche Materialien, darunter Vert\u00e4felungen aus deutscher Eiche. Die ruhige Gestaltung schafft eine Atmosph\u00e4re, die ebenso selbstverst\u00e4ndlich wirkt wie die K\u00fcche selbst.<\/p>\n<p>Die Karte wechselt w\u00f6chentlich und orientiert sich konsequent an der Saison. Fleisch sucht man hier ebenso vergeblich wie Kaffee oder Pfeffer. Stattdessen stammen Gem\u00fcse und weitere Zutaten von kleinen Produzenten aus dem Umland oder mindestens aus Deutschland. Alles wird handwerklich hergestellt und nichts fertig zugekauft. Selbst Pickles, Limonaden und andere Begleiter entstehen im Haus.<\/p>\n<p>Bei unserem Besuch starten wir mit einer herrlich erfrischenden \u201eHier Royal Limo\u201c aus Rhabarber, Verbene und einem Hauch Apfelessig. Dazu gibt\u2018s eine saftige Kartoffeltortilla mit Salat, eine angenehm w\u00fcrzige Gazpacho mit Salsa verde und Croutons sowie zwei Salate, die exemplarisch f\u00fcr die K\u00fcche des Hier stehen: \u201eGetreide &amp; Gr\u00fcn\u201c mit Linsen, Cannellinibohnen, Tomaten, Zucchini und Basilikum sowie ein Salat mit Kartoffeln, gr\u00fcnem Pesto, Gurke, eingelegten roten Zwiebeln und K\u00fcrbiskernen.<\/p>\n<p>Alles wirkt schn\u00f6rkellos und doch \u00e4sthetisch. Die Gerichte sind sorgf\u00e4ltig abgeschmeckt und vor allem angenehm bek\u00f6mmlich. Und genau das ist das Ziel des Hier: Echte Nahrung! Das Mittagstief nach dem Essen bleibt aus, stattdessen gibt\u2019s mehr Leistungsf\u00e4higkeit. Denn gute K\u00fcche braucht weder luxuri\u00f6se Zutaten noch komplizierte Techniken. Entscheidend sind handwerkliche Sorgfalt, hochwertige Produkte und eine klare Haltung.<\/p>\n<p>Das alles kann man sich \u00fcbrigens auch <a href=\"https:\/\/www.essenvonhier.de\/catering\" target=\"_blank\" rel=\"noopener nofollow\">als Catering bestellen &gt;&gt;<\/a><\/p>\n<p><a href=\"https:\/\/www.cremeguides.com\/autor\/constanze-hallensleben\/\" rel=\"nofollow noopener\" target=\"_blank\"><img decoding=\"async\" class=\"lazy lazyload\" src=\"https:\/\/www.europesays.com\/de\/wp-content\/uploads\/2026\/08\/1787555237_154_constanze-hallensleben-berlin-whatsapp.1733396550.jpg\"  w=\"80\" h=\"80\" alt=\"Constanze Hallensleben Berlin WhatsApp\" title=\"Constanze Hallensleben Berlin WhatsApp\" data-title=\"Constanze Hallensleben Berlin WhatsApp\"\/><\/a><\/p>\n","protected":false},"excerpt":{"rendered":"Der Claim des Hier lautet \u201eEndlich mal nichts Neues\u201c. Und der ist keineswegs ironisch gemeint. Denn in dem&hellip;\n","protected":false},"author":2,"featured_media":1256964,"comment_status":"","ping_status":"","sticky":false,"template":"","format":"standard","meta":{"footnotes":"","_share_on_mastodon":"0"},"categories":[1825],"tags":[296,29,6421,2507,15155,30,15154],"class_list":["post-1256963","post","type-post","status-publish","format-standard","has-post-thumbnail","category-berlin","tag-berlin","tag-deutschland","tag-empfehlungen","tag-freizeit","tag-geheimtipps","tag-germany","tag-stadtfuehrer"],"share_on_mastodon":{"url":"","error":""},"_links":{"self":[{"href":"https:\/\/www.europesays.com\/de\/wp-json\/wp\/v2\/posts\/1256963","targetHints":{"allow":["GET"]}}],"collection":[{"href":"https:\/\/www.europesays.com\/de\/wp-json\/wp\/v2\/posts"}],"about":[{"href":"https:\/\/www.europesays.com\/de\/wp-json\/wp\/v2\/types\/post"}],"author":[{"embeddable":true,"href":"https:\/\/www.europesays.com\/de\/wp-json\/wp\/v2\/users\/2"}],"replies":[{"embeddable":true,"href":"https:\/\/www.europesays.com\/de\/wp-json\/wp\/v2\/comments?post=1256963"}],"version-history":[{"count":0,"href":"https:\/\/www.europesays.com\/de\/wp-json\/wp\/v2\/posts\/1256963\/revisions"}],"wp:featuredmedia":[{"embeddable":true,"href":"https:\/\/www.europesays.com\/de\/wp-json\/wp\/v2\/media\/1256964"}],"wp:attachment":[{"href":"https:\/\/www.europesays.com\/de\/wp-json\/wp\/v2\/media?parent=1256963"}],"wp:term":[{"taxonomy":"category","embeddable":true,"href":"https:\/\/www.europesays.com\/de\/wp-json\/wp\/v2\/categories?post=1256963"},{"taxonomy":"post_tag","embeddable":true,"href":"https:\/\/www.europesays.com\/de\/wp-json\/wp\/v2\/tags?post=1256963"}],"curies":[{"name":"wp","href":"https:\/\/api.w.org\/{rel}","templated":true}]}}