{"id":1257083,"date":"2026-08-24T08:41:04","date_gmt":"2026-08-24T08:41:04","guid":{"rendered":"https:\/\/www.europesays.com\/de\/1257083\/"},"modified":"2026-08-24T08:41:04","modified_gmt":"2026-08-24T08:41:04","slug":"fc-bayern-vs-vfb-stuttgart-alles-zum-bundesliga-auftakt","status":"publish","type":"post","link":"https:\/\/www.europesays.com\/de\/1257083\/","title":{"rendered":"FC Bayern vs. VfB Stuttgart: Alles zum Bundesliga-Auftakt"},"content":{"rendered":"<p class=\"MuiTypography-root MuiTypography-body1 mui-1foiij2\">ran Fu\u00dfball Bundesliga<\/p>\n<p class=\"MuiTypography-root MuiTypography-body1 mui-1agghpn\">Jamal Musiala: Fans mit viel Liebe nach Statement<\/p>\n<p class=\"MuiTypography-root MuiTypography-body1 mui-nx3t7m\">Videoclip \u2022 01:29 Min<\/p>\n<p class=\"MuiTypography-root MuiTypography-body1 mui-1qsr6u5\" data-testid=\"intro-paragraph\">Die neue Bundesligasaison startet Ende n\u00e4chsten Monat. Beim Auftaktspiel empf\u00e4ngt der FC Bayern M\u00fcnchen den VfB Stuttgart. ran hat alle Infos zu der Partie zusammengefasst.<\/p>\n<p class=\"MuiTypography-root MuiTypography-body1 mui-1pymq60\" data-testid=\"paragraph\">Das Er\u00f6ffnungsspiel f\u00fcr die 64. Bundesliga-Saison hat es in sich. Der amtierende Meister <a class=\"MuiTypography-root MuiTypography-inherit MuiLink-root MuiLink-underlineAlways mui-1bbqssm\" tabindex=\"0\" href=\"https:\/\/ran.joyn.de\/sports\/teams\/te209-bayern-muenchen\" rel=\"nofollow noopener\" target=\"_blank\">FC Bayern<\/a> M\u00fcnchen trifft am 28. August auf den <a class=\"MuiTypography-root MuiTypography-inherit MuiLink-root MuiLink-underlineAlways mui-1bbqssm\" tabindex=\"0\" href=\"https:\/\/ran.joyn.de\/sports\/teams\/te2076-vfb-stuttgart\" rel=\"nofollow noopener\" target=\"_blank\">VfB Stuttgart<\/a>.<\/p>\n<p class=\"MuiTypography-root MuiTypography-body1 mui-1pymq60\" data-testid=\"paragraph\">Das Duell ist eine Neuauflage des letztj\u00e4hrigen Pokalfinales, das die M\u00fcnchner mit 3:0 f\u00fcr sich entschieden. Anpfiff der Partie ist um 20:30 Uhr in der Allianz Arena.<\/p>\n<p class=\"MuiTypography-root MuiTypography-body1 mui-1pymq60\" data-testid=\"paragraph\"><strong>ran<\/strong> hat alle wichtigen Infos zu dem Auftaktspiel zusammengefasst.<\/p>\n<p>N\u00e4chste Fu\u00dfball-Livestreams auf Joyn<\/p>\n<ul class=\"MuiBox-root mui-1xju5wg\" id=\"_R_4l9fav5ubsnpfd7fdb_\">\n<li class=\"mui-rsnbhl\"><img decoding=\"async\" src=\"https:\/\/www.europesays.com\/de\/wp-content\/uploads\/2026\/08\/{\"width\":4261,\"rect\":{\"x\":0,\"y\":223,\"width\":4261,\"height\":2397}}.webp\"   width=\"4261\" height=\"2397\" alt=\"\" class=\"mui-n608sm\" loading=\"lazy\" fetchpriority=\"auto\"\/>\n<p class=\"MuiTypography-root MuiTypography-body1 mui-1xrky36\">Heute, 17:55 Uhr \u2022 Fussball<\/p>\n<p>Frauen-Bundesliga live: 1. FSV Mainz 05 \u2013 SV Werder BremenVerf\u00fcgbar auf Joyn<\/p>\n<p class=\"MuiTypography-root MuiTypography-body1 mui-1ybzvdw\">125 Min<\/p>\n<p>Aktionsmen\u00fc \u00f6ffnen<img decoding=\"async\" src=\"https:\/\/www.europesays.com\/de\/wp-content\/uploads\/2026\/08\/{\"width\":4261,\"rect\":{\"x\":0,\"y\":223,\"width\":4261,\"height\":2397}}.webp\"   width=\"4261\" height=\"2397\" alt=\"\" class=\"mui-n608sm\" loading=\"lazy\" fetchpriority=\"auto\"\/><\/p>\n<p class=\"MuiTypography-root MuiTypography-body1 mui-1xrky36\">Heute, 17:55 Uhr \u2022 Fussball<\/p>\n<p>Frauen-Bundesliga live: 1. FSV Mainz 05 \u2013 SV Werder BremenVerf\u00fcgbar auf Joyn<\/p>\n<p class=\"MuiTypography-root MuiTypography-body1 mui-1ybzvdw\">125 Min<\/p>\n<\/li>\n<li class=\"mui-rsnbhl\"><img decoding=\"async\" src=\"https:\/\/www.europesays.com\/de\/wp-content\/uploads\/2026\/08\/{\"width\":2835,\"rect\":{\"x\":0,\"y\":148,\"width\":2835,\"height\":1595}}.webp\"   width=\"2835\" height=\"1595\" alt=\"\" class=\"mui-n608sm\" loading=\"lazy\" fetchpriority=\"auto\"\/>\n<p class=\"MuiTypography-root MuiTypography-body1 mui-1xrky36\">Heute, 20:15 Uhr \u2022 Fussball<\/p>\n<p>1. Pokal-Runde live: Hallescher FC &#8211; FC Schalke 04Verf\u00fcgbar auf Joyn<\/p>\n<p class=\"MuiTypography-root MuiTypography-body1 mui-1ybzvdw\">180 Min<\/p>\n<p>Aktionsmen\u00fc \u00f6ffnen<img decoding=\"async\" src=\"https:\/\/www.europesays.com\/de\/wp-content\/uploads\/2026\/08\/{\"width\":2835,\"rect\":{\"x\":0,\"y\":148,\"width\":2835,\"height\":1595}}.webp\"   width=\"2835\" height=\"1595\" alt=\"\" class=\"mui-n608sm\" loading=\"lazy\" fetchpriority=\"auto\"\/><\/p>\n<p class=\"MuiTypography-root MuiTypography-body1 mui-1xrky36\">Heute, 20:15 Uhr \u2022 Fussball<\/p>\n<p>1. Pokal-Runde live: Hallescher FC &#8211; FC Schalke 04Verf\u00fcgbar auf Joyn<\/p>\n<p class=\"MuiTypography-root MuiTypography-body1 mui-1ybzvdw\">180 Min<\/p>\n<\/li>\n<li class=\"mui-rsnbhl\"><img decoding=\"async\" src=\"https:\/\/www.europesays.com\/de\/wp-content\/uploads\/2026\/08\/{\"width\":6000,\"rect\":{\"x\":0,\"y\":367,\"width\":6000,\"height\":3375}}.webp\"   width=\"6000\" height=\"3375\" alt=\"\" class=\"mui-n608sm\" loading=\"lazy\" fetchpriority=\"auto\"\/>\n<p class=\"MuiTypography-root MuiTypography-body1 mui-1xrky36\">Freitag, 28.08. 19:50 \u2022 Fussball<\/p>\n<p>Er\u00f6ffnungsspiel Bundesliga: FC Bayern-VfB Stuttgart live im StreamVerf\u00fcgbar auf Joyn<\/p>\n<p class=\"MuiTypography-root MuiTypography-body1 mui-1ybzvdw\">205 Min<\/p>\n<p>Aktionsmen\u00fc \u00f6ffnen<img decoding=\"async\" src=\"https:\/\/www.europesays.com\/de\/wp-content\/uploads\/2026\/08\/{\"width\":6000,\"rect\":{\"x\":0,\"y\":367,\"width\":6000,\"height\":3375}}.webp\"   width=\"6000\" height=\"3375\" alt=\"\" class=\"mui-n608sm\" loading=\"lazy\" fetchpriority=\"auto\"\/><\/p>\n<p class=\"MuiTypography-root MuiTypography-body1 mui-1xrky36\">Freitag, 28.08. 19:50 \u2022 Fussball<\/p>\n<p>Er\u00f6ffnungsspiel Bundesliga: FC Bayern-VfB Stuttgart live im StreamVerf\u00fcgbar auf Joyn<\/p>\n<p class=\"MuiTypography-root MuiTypography-body1 mui-1ybzvdw\">205 Min<\/p>\n<\/li>\n<li hidden=\"\" aria-hidden=\"true\" class=\"mui-rsnbhl\"><img decoding=\"async\" src=\"https:\/\/www.europesays.com\/de\/wp-content\/uploads\/2026\/07\/{\"width\":2700,\"rect\":{\"x\":0,\"y\":142,\"width\":2700,\"height\":1519}}.webp\"   width=\"2700\" height=\"1519\" alt=\"\" class=\"mui-n608sm\" loading=\"lazy\" fetchpriority=\"auto\"\/>\n<p class=\"MuiTypography-root MuiTypography-body1 mui-1xrky36\">Samstag, 29.08. 14:00 \u2022 Fussball<\/p>\n<p>3. Liga live: MSV Duisburg &#8211; W\u00fcrzburger KickerVerf\u00fcgbar auf Joyn<\/p>\n<p class=\"MuiTypography-root MuiTypography-body1 mui-1ybzvdw\">120 Min<\/p>\n<p>Aktionsmen\u00fc \u00f6ffnen<img decoding=\"async\" src=\"https:\/\/www.europesays.com\/de\/wp-content\/uploads\/2026\/07\/{\"width\":2700,\"rect\":{\"x\":0,\"y\":142,\"width\":2700,\"height\":1519}}.webp\"   width=\"2700\" height=\"1519\" alt=\"\" class=\"mui-n608sm\" loading=\"lazy\" fetchpriority=\"auto\"\/><\/p>\n<p class=\"MuiTypography-root MuiTypography-body1 mui-1xrky36\">Samstag, 29.08. 14:00 \u2022 Fussball<\/p>\n<p>3. Liga live: MSV Duisburg &#8211; W\u00fcrzburger KickerVerf\u00fcgbar auf Joyn<\/p>\n<p class=\"MuiTypography-root MuiTypography-body1 mui-1ybzvdw\">120 Min<\/p>\n<\/li>\n<li hidden=\"\" aria-hidden=\"true\" class=\"mui-rsnbhl\"><img decoding=\"async\" src=\"https:\/\/www.europesays.com\/de\/wp-content\/uploads\/2026\/08\/{\"width\":3041,\"rect\":{\"x\":0,\"y\":159,\"width\":3041,\"height\":1711}}.webp\"   width=\"3041\" height=\"1711\" alt=\"\" class=\"mui-n608sm\" loading=\"lazy\" fetchpriority=\"auto\"\/>\n<p class=\"MuiTypography-root MuiTypography-body1 mui-1xrky36\">Samstag, 29.08. 14:00 \u2022 Fussball<\/p>\n<p>3. Liga live: SC Verl &#8211; Fortuna K\u00f6lnVerf\u00fcgbar auf Joyn<\/p>\n<p class=\"MuiTypography-root MuiTypography-body1 mui-1ybzvdw\">120 Min<\/p>\n<p>Aktionsmen\u00fc \u00f6ffnen<img decoding=\"async\" src=\"https:\/\/www.europesays.com\/de\/wp-content\/uploads\/2026\/08\/{\"width\":3041,\"rect\":{\"x\":0,\"y\":159,\"width\":3041,\"height\":1711}}.webp\"   width=\"3041\" height=\"1711\" alt=\"\" class=\"mui-n608sm\" loading=\"lazy\" fetchpriority=\"auto\"\/><\/p>\n<p class=\"MuiTypography-root MuiTypography-body1 mui-1xrky36\">Samstag, 29.08. 14:00 \u2022 Fussball<\/p>\n<p>3. Liga live: SC Verl &#8211; Fortuna K\u00f6lnVerf\u00fcgbar auf Joyn<\/p>\n<p class=\"MuiTypography-root MuiTypography-body1 mui-1ybzvdw\">120 Min<\/p>\n<\/li>\n<li hidden=\"\" aria-hidden=\"true\" class=\"mui-rsnbhl\"><img decoding=\"async\" src=\"https:\/\/www.europesays.com\/de\/wp-content\/uploads\/2026\/04\/{\"width\":5000,\"rect\":{\"x\":0,\"y\":13,\"width\":5000,\"height\":2812}}.webp\"   width=\"5000\" height=\"2812\" alt=\"\" class=\"mui-n608sm\" loading=\"lazy\" fetchpriority=\"auto\"\/>\n<p class=\"MuiTypography-root MuiTypography-body1 mui-1xrky36\">Samstag, 29.08. 18:30 \u2022 Fussball<\/p>\n<p>Sportschau live im StreamVerf\u00fcgbar auf Joyn<\/p>\n<p class=\"MuiTypography-root MuiTypography-body1 mui-1ybzvdw\">87 Min<\/p>\n<p>Aktionsmen\u00fc \u00f6ffnen<img decoding=\"async\" src=\"https:\/\/www.europesays.com\/de\/wp-content\/uploads\/2026\/04\/{\"width\":5000,\"rect\":{\"x\":0,\"y\":13,\"width\":5000,\"height\":2812}}.webp\"   width=\"5000\" height=\"2812\" alt=\"\" class=\"mui-n608sm\" loading=\"lazy\" fetchpriority=\"auto\"\/><\/p>\n<p class=\"MuiTypography-root MuiTypography-body1 mui-1xrky36\">Samstag, 29.08. 18:30 \u2022 Fussball<\/p>\n<p>Sportschau live im StreamVerf\u00fcgbar auf Joyn<\/p>\n<p class=\"MuiTypography-root MuiTypography-body1 mui-1ybzvdw\">87 Min<\/p>\n<\/li>\n<li hidden=\"\" aria-hidden=\"true\" class=\"mui-rsnbhl\"><img decoding=\"async\" src=\"https:\/\/www.europesays.com\/de\/wp-content\/uploads\/2026\/07\/{\"width\":6000,\"rect\":{\"x\":0,\"y\":0,\"width\":6000,\"height\":3375}}.webp\"   width=\"6000\" height=\"3375\" alt=\"\" class=\"mui-n608sm\" loading=\"lazy\" fetchpriority=\"auto\"\/>\n<p class=\"MuiTypography-root MuiTypography-body1 mui-1xrky36\">Samstag, 29.08. 23:30 \u2022 Fussball<\/p>\n<p>Das aktuelle Sportstudio live im StreamVerf\u00fcgbar auf Joyn<\/p>\n<p class=\"MuiTypography-root MuiTypography-body1 mui-1ybzvdw\">85 Min<\/p>\n<p>Aktionsmen\u00fc \u00f6ffnen<img decoding=\"async\" src=\"https:\/\/www.europesays.com\/de\/wp-content\/uploads\/2026\/07\/{\"width\":6000,\"rect\":{\"x\":0,\"y\":0,\"width\":6000,\"height\":3375}}.webp\"   width=\"6000\" height=\"3375\" alt=\"\" class=\"mui-n608sm\" loading=\"lazy\" fetchpriority=\"auto\"\/><\/p>\n<p class=\"MuiTypography-root MuiTypography-body1 mui-1xrky36\">Samstag, 29.08. 23:30 \u2022 Fussball<\/p>\n<p>Das aktuelle Sportstudio live im StreamVerf\u00fcgbar auf Joyn<\/p>\n<p class=\"MuiTypography-root MuiTypography-body1 mui-1ybzvdw\">85 Min<\/p>\n<\/li>\n<li hidden=\"\" aria-hidden=\"true\" class=\"mui-rsnbhl\"><img decoding=\"async\" src=\"https:\/\/www.europesays.com\/de\/wp-content\/uploads\/2026\/08\/{\"width\":4000,\"rect\":{\"x\":0,\"y\":208,\"width\":4000,\"height\":2250}}.webp\"   width=\"4000\" height=\"2250\" alt=\"\" class=\"mui-n608sm\" loading=\"lazy\" fetchpriority=\"auto\"\/>\n<p class=\"MuiTypography-root MuiTypography-body1 mui-1xrky36\">Montag, 31.08. 17:55 \u2022 Fussball<\/p>\n<p>Frauen-Bundesliga: FC Bayern M\u00fcnchen &#8211; 1. FSV Mainz 05Verf\u00fcgbar auf Joyn<\/p>\n<p class=\"MuiTypography-root MuiTypography-body1 mui-1ybzvdw\">125 Min<\/p>\n<p>Aktionsmen\u00fc \u00f6ffnen<img decoding=\"async\" src=\"https:\/\/www.europesays.com\/de\/wp-content\/uploads\/2026\/08\/{\"width\":4000,\"rect\":{\"x\":0,\"y\":208,\"width\":4000,\"height\":2250}}.webp\"   width=\"4000\" height=\"2250\" alt=\"\" class=\"mui-n608sm\" loading=\"lazy\" fetchpriority=\"auto\"\/><\/p>\n<p class=\"MuiTypography-root MuiTypography-body1 mui-1xrky36\">Montag, 31.08. 17:55 \u2022 Fussball<\/p>\n<p>Frauen-Bundesliga: FC Bayern M\u00fcnchen &#8211; 1. FSV Mainz 05Verf\u00fcgbar auf Joyn<\/p>\n<p class=\"MuiTypography-root MuiTypography-body1 mui-1ybzvdw\">125 Min<\/p>\n<\/li>\n<li hidden=\"\" aria-hidden=\"true\" class=\"mui-rsnbhl\"><img decoding=\"async\" src=\"https:\/\/www.europesays.com\/de\/wp-content\/uploads\/2026\/08\/1787504769_878_{\"width\":6000,\"rect\":{\"x\":0,\"y\":313,\"width\":6000,\"height\":3375}}.webp\"   width=\"6000\" height=\"3375\" alt=\"\" class=\"mui-n608sm\" loading=\"lazy\" fetchpriority=\"auto\"\/>\n<p class=\"MuiTypography-root MuiTypography-body1 mui-1xrky36\">Mittwoch, 02.09. 20:15 \u2022 Fussball<\/p>\n<p>1. Pokal-Runde live: VfL Osnabr\u00fcck &#8211; FC BayernVerf\u00fcgbar auf Joyn<\/p>\n<p class=\"MuiTypography-root MuiTypography-body1 mui-1ybzvdw\">170 Min<\/p>\n<p>Aktionsmen\u00fc \u00f6ffnen<img decoding=\"async\" src=\"https:\/\/www.europesays.com\/de\/wp-content\/uploads\/2026\/08\/1787504769_878_{\"width\":6000,\"rect\":{\"x\":0,\"y\":313,\"width\":6000,\"height\":3375}}.webp\"   width=\"6000\" height=\"3375\" alt=\"\" class=\"mui-n608sm\" loading=\"lazy\" fetchpriority=\"auto\"\/><\/p>\n<p class=\"MuiTypography-root MuiTypography-body1 mui-1xrky36\">Mittwoch, 02.09. 20:15 \u2022 Fussball<\/p>\n<p>1. Pokal-Runde live: VfL Osnabr\u00fcck &#8211; FC BayernVerf\u00fcgbar auf Joyn<\/p>\n<p class=\"MuiTypography-root MuiTypography-body1 mui-1ybzvdw\">170 Min<\/p>\n<\/li>\n<li hidden=\"\" aria-hidden=\"true\" class=\"mui-rsnbhl\"><img decoding=\"async\" src=\"https:\/\/www.europesays.com\/de\/wp-content\/uploads\/2026\/08\/{\"width\":4252,\"rect\":{\"x\":0,\"y\":222,\"width\":4252,\"height\":2392}}.webp\"   width=\"4252\" height=\"2392\" alt=\"\" class=\"mui-n608sm\" loading=\"lazy\" fetchpriority=\"auto\"\/>\n<p class=\"MuiTypography-root MuiTypography-body1 mui-1xrky36\">Samstag, 05.09. 14:00 \u2022 Fussball<\/p>\n<p>3. Liga live: Hansa Rostock &#8211; SV Wehen WiesbadenVerf\u00fcgbar auf Joyn<\/p>\n<p class=\"MuiTypography-root MuiTypography-body1 mui-1ybzvdw\">120 Min<\/p>\n<p>Aktionsmen\u00fc \u00f6ffnen<img decoding=\"async\" src=\"https:\/\/www.europesays.com\/de\/wp-content\/uploads\/2026\/08\/{\"width\":4252,\"rect\":{\"x\":0,\"y\":222,\"width\":4252,\"height\":2392}}.webp\"   width=\"4252\" height=\"2392\" alt=\"\" class=\"mui-n608sm\" loading=\"lazy\" fetchpriority=\"auto\"\/><\/p>\n<p class=\"MuiTypography-root MuiTypography-body1 mui-1xrky36\">Samstag, 05.09. 14:00 \u2022 Fussball<\/p>\n<p>3. Liga live: Hansa Rostock &#8211; SV Wehen WiesbadenVerf\u00fcgbar auf Joyn<\/p>\n<p class=\"MuiTypography-root MuiTypography-body1 mui-1ybzvdw\">120 Min<\/p>\n<\/li>\n<li hidden=\"\" aria-hidden=\"true\" class=\"mui-rsnbhl\"><img decoding=\"async\" src=\"https:\/\/www.europesays.com\/de\/wp-content\/uploads\/2026\/08\/{\"width\":2180,\"rect\":{\"x\":0,\"y\":113,\"width\":2180,\"height\":1226}}.webp\"   width=\"2180\" height=\"1226\" alt=\"\" class=\"mui-n608sm\" loading=\"lazy\" fetchpriority=\"auto\"\/>\n<p class=\"MuiTypography-root MuiTypography-body1 mui-1xrky36\">Samstag, 05.09. 14:00 \u2022 Fussball<\/p>\n<p>3. Liga live: SSV Jahn Regensburg &#8211; MSV DuisburgVerf\u00fcgbar auf Joyn<\/p>\n<p class=\"MuiTypography-root MuiTypography-body1 mui-1ybzvdw\">120 Min<\/p>\n<p>Aktionsmen\u00fc \u00f6ffnen<img decoding=\"async\" src=\"https:\/\/www.europesays.com\/de\/wp-content\/uploads\/2026\/08\/{\"width\":2180,\"rect\":{\"x\":0,\"y\":113,\"width\":2180,\"height\":1226}}.webp\"   width=\"2180\" height=\"1226\" alt=\"\" class=\"mui-n608sm\" loading=\"lazy\" fetchpriority=\"auto\"\/><\/p>\n<p class=\"MuiTypography-root MuiTypography-body1 mui-1xrky36\">Samstag, 05.09. 14:00 \u2022 Fussball<\/p>\n<p>3. Liga live: SSV Jahn Regensburg &#8211; MSV DuisburgVerf\u00fcgbar auf Joyn<\/p>\n<p class=\"MuiTypography-root MuiTypography-body1 mui-1ybzvdw\">120 Min<\/p>\n<\/li>\n<li hidden=\"\" aria-hidden=\"true\" class=\"mui-rsnbhl\"><img decoding=\"async\" src=\"https:\/\/www.europesays.com\/de\/wp-content\/uploads\/2026\/08\/{\"width\":3000,\"rect\":{\"x\":0,\"y\":156,\"width\":3000,\"height\":1687}}.webp\"   width=\"3000\" height=\"1687\" alt=\"\" class=\"mui-n608sm\" loading=\"lazy\" fetchpriority=\"auto\"\/>\n<p class=\"MuiTypography-root MuiTypography-body1 mui-1xrky36\">Montag, 07.09. 17:55 \u2022 Fussball<\/p>\n<p>Frauen-Bundesliga live: 1. FC Union Berlin \u2013 Eintracht FrankfurtVerf\u00fcgbar auf Joyn<\/p>\n<p class=\"MuiTypography-root MuiTypography-body1 mui-1ybzvdw\">125 Min<\/p>\n<p>Aktionsmen\u00fc \u00f6ffnen<img decoding=\"async\" src=\"https:\/\/www.europesays.com\/de\/wp-content\/uploads\/2026\/08\/{\"width\":3000,\"rect\":{\"x\":0,\"y\":156,\"width\":3000,\"height\":1687}}.webp\"   width=\"3000\" height=\"1687\" alt=\"\" class=\"mui-n608sm\" loading=\"lazy\" fetchpriority=\"auto\"\/><\/p>\n<p class=\"MuiTypography-root MuiTypography-body1 mui-1xrky36\">Montag, 07.09. 17:55 \u2022 Fussball<\/p>\n<p>Frauen-Bundesliga live: 1. FC Union Berlin \u2013 Eintracht FrankfurtVerf\u00fcgbar auf Joyn<\/p>\n<p class=\"MuiTypography-root MuiTypography-body1 mui-1ybzvdw\">125 Min<\/p>\n<\/li>\n<\/ul>\n<p>Bayern M\u00fcnchen vs. VfB Stuttgart live im TV, Livestream und Liveticker: Wann findet das Bundesliga-Duell statt?<\/p>\n<ul class=\"MuiList-root MuiList-padding mui-1wpu07v\">\n<li class=\"MuiListItem-root MuiListItem-gutters MuiListItem-padding mui-14hk3e1\">\n<p class=\"MuiTypography-root MuiTypography-body1 mui-1pymq60\">Partie: FC Bayern M\u00fcnchen vs. VfB Stuttgart<\/p>\n<\/li>\n<li class=\"MuiListItem-root MuiListItem-gutters MuiListItem-padding mui-14hk3e1\">\n<p class=\"MuiTypography-root MuiTypography-body1 mui-1pymq60\">Wettbewerb: Bundesliga; 1. Spieltag<\/p>\n<\/li>\n<li class=\"MuiListItem-root MuiListItem-gutters MuiListItem-padding mui-14hk3e1\">\n<p class=\"MuiTypography-root MuiTypography-body1 mui-1pymq60\">Datum: 28. August 2026<\/p>\n<\/li>\n<li class=\"MuiListItem-root MuiListItem-gutters MuiListItem-padding mui-14hk3e1\">\n<p class=\"MuiTypography-root MuiTypography-body1 mui-1pymq60\">Uhrzeit: 20:30 Uhr<\/p>\n<\/li>\n<li class=\"MuiListItem-root MuiListItem-gutters MuiListItem-padding mui-14hk3e1\">\n<p class=\"MuiTypography-root MuiTypography-body1 mui-1pymq60\">Austragungsort: Allianz Arena (M\u00fcnchen)<\/p>\n<\/li>\n<\/ul>\n<p>Bayern empf\u00e4ngt Stuttgart: L\u00e4uft die Bundesliga live im Free-TV?<\/p>\n<p class=\"MuiTypography-root MuiTypography-body1 mui-1pymq60\" data-testid=\"paragraph\">Ja. Das Auftaktspiel der Bundesliga zwischen dem FC Bayern M\u00fcnchen und dem VfB Stuttgart wird live in SAT.1 im Free-TV \u00fcbertragen.<\/p>\n<p>Bayern M\u00fcnchen &#8211; VfB Stuttgart live: Wer zeigt das Bundesliga-Spiel im Pay-TV?<\/p>\n<p class=\"MuiTypography-root MuiTypography-body1 mui-1pymq60\" data-testid=\"paragraph\">Das Bundesliga-Spiel ist am Freitag, 28. August, um 20:30 Uhr auf Sky zu sehen. Es ist jedoch ein kostenpflichtiges Abonnement n\u00f6tig, um den Sender zu empfangen.<\/p>\n<p>Die aktuellsten Fu\u00dfball-VideosBundesliga live: Wo kann ich Bayern vs. Stuttgart im Livestream sehen?<\/p>\n<p class=\"MuiTypography-root MuiTypography-body1 mui-1pymq60\" data-testid=\"paragraph\">Das Spiel zwischen Bayern und Stuttgart wird im kostenlosen Livestream auf Joyn \u00fcbertragen.<\/p>\n<p class=\"MuiTypography-root MuiTypography-body1 mui-1pymq60\" data-testid=\"paragraph\">Wenn ihr ein Pay-TV-Abo bei Sky habt, k\u00f6nnt ihr den Stream via Sky Go empfangen. Alternativ kann der Stream auch via WOW TV abgerufen werden. Um Zugang zu erhalten, m\u00fcsst ihr jedoch ein kostenpflichtiges Abo abschlie\u00dfen.<\/p>\n<p>Stuttgart zu Gast in M\u00fcnchen: Wo gibt&#8217;s einen Liveticker zur Bundesliga?<\/p>\n<p class=\"MuiTypography-root MuiTypography-body1 mui-1pymq60\" data-testid=\"paragraph\">Einen Liveticker zu FC Bayern gegen VfB Stuttgart gibt es wie gewohnt auf ran.joyn.de.<\/p>\n<p>Bundesliga live im TV, Livestream und Liveticker: \u00dcbersicht zur \u00dcbertragung von Bayern M\u00fcnchen vs. VfB Stuttgart<\/p>\n<ul class=\"MuiList-root MuiList-padding mui-1wpu07v\">\n<li class=\"MuiListItem-root MuiListItem-gutters MuiListItem-padding mui-14hk3e1\">\n<p class=\"MuiTypography-root MuiTypography-body1 mui-1pymq60\">Begegnung: FC Bayern M\u00fcnchen vs. VfB Stuttgart<\/p>\n<\/li>\n<li class=\"MuiListItem-root MuiListItem-gutters MuiListItem-padding mui-14hk3e1\">\n<p class=\"MuiTypography-root MuiTypography-body1 mui-1pymq60\">Datum und Uhrzeit: 28. August 2026; 20:30 Uhr<\/p>\n<\/li>\n<li class=\"MuiListItem-root MuiListItem-gutters MuiListItem-padding mui-14hk3e1\">\n<p class=\"MuiTypography-root MuiTypography-body1 mui-1pymq60\">Trainer: <a class=\"MuiTypography-root MuiTypography-inherit MuiLink-root MuiLink-underlineAlways mui-1bbqssm\" tabindex=\"0\" href=\"https:\/\/ran.joyn.de\/sports\/spieler\/pe14432-vincent-kompany\" rel=\"nofollow noopener\" target=\"_blank\">Vincent Kompany<\/a> (FC Bayern M\u00fcnchen), Sebastian Hoene\u00df (VfB Stuttgart)<\/p>\n<\/li>\n<li class=\"MuiListItem-root MuiListItem-gutters MuiListItem-padding mui-14hk3e1\">\n<p class=\"MuiTypography-root MuiTypography-body1 mui-1pymq60\">Free-TV: SAT.1<\/p>\n<\/li>\n<li class=\"MuiListItem-root MuiListItem-gutters MuiListItem-padding mui-14hk3e1\">\n<p class=\"MuiTypography-root MuiTypography-body1 mui-1pymq60\">Pay-TV: Sky<\/p>\n<\/li>\n<li class=\"MuiListItem-root MuiListItem-gutters MuiListItem-padding mui-14hk3e1\">\n<p class=\"MuiTypography-root MuiTypography-body1 mui-1pymq60\">Livestream: Joyn, Sky Go, WOW TV<\/p>\n<\/li>\n<li class=\"MuiListItem-root MuiListItem-gutters MuiListItem-padding mui-14hk3e1\">\n<p class=\"MuiTypography-root MuiTypography-body1 mui-1pymq60\">Liveticker: ran.joyn.de<\/p>\n<\/li>\n<\/ul>\n<p>Dir gefallen ran-News?<\/p>\n<p class=\"MuiTypography-root MuiTypography-body1 mui-1pymq60\" data-testid=\"paragraph\">Auch interessant: <a class=\"MuiTypography-root MuiTypography-inherit MuiLink-root MuiLink-underlineAlways mui-1bbqssm\" tabindex=\"0\" href=\"https:\/\/ran.joyn.de\/sports\/fussball\/bundesliga\/dfb-star-macht-vor-klopp-debuet-krasses-gestaendnis-waere-fast-gestorben-172759\" rel=\"nofollow noopener\" target=\"_blank\">VfB Stuttgart &#8211; Deniz Undav macht krasses Gest\u00e4ndnis: &#8222;W\u00e4re fast gestorben&#8220;<\/a><\/p>\n<p>Mehr Bundesliga-News<\/p>\n","protected":false},"excerpt":{"rendered":"ran Fu\u00dfball Bundesliga Jamal Musiala: Fans mit viel Liebe nach Statement Videoclip \u2022 01:29 Min Die neue Bundesligasaison&hellip;\n","protected":false},"author":2,"featured_media":1257084,"comment_status":"","ping_status":"","sticky":false,"template":"","format":"standard","meta":{"footnotes":"","_share_on_mastodon":"0"},"categories":[1830],"tags":[64279,1634,299,3364,29,458,347,30,9901,13002,265,1441,2915],"class_list":["post-1257083","post","type-post","status-publish","format-standard","has-post-thumbnail","category-stuttgart","tag-auftaktspiel","tag-baden-wuerttemberg","tag-bundesliga","tag-de","tag-deutschland","tag-fc-bayern-muenchen","tag-fussball","tag-germany","tag-joyn","tag-sat-1","tag-sport","tag-stuttgart","tag-vfb-stuttgart"],"share_on_mastodon":{"url":"https:\/\/pubeurope.com\/@de\/117149602599863329","error":""},"_links":{"self":[{"href":"https:\/\/www.europesays.com\/de\/wp-json\/wp\/v2\/posts\/1257083","targetHints":{"allow":["GET"]}}],"collection":[{"href":"https:\/\/www.europesays.com\/de\/wp-json\/wp\/v2\/posts"}],"about":[{"href":"https:\/\/www.europesays.com\/de\/wp-json\/wp\/v2\/types\/post"}],"author":[{"embeddable":true,"href":"https:\/\/www.europesays.com\/de\/wp-json\/wp\/v2\/users\/2"}],"replies":[{"embeddable":true,"href":"https:\/\/www.europesays.com\/de\/wp-json\/wp\/v2\/comments?post=1257083"}],"version-history":[{"count":0,"href":"https:\/\/www.europesays.com\/de\/wp-json\/wp\/v2\/posts\/1257083\/revisions"}],"wp:featuredmedia":[{"embeddable":true,"href":"https:\/\/www.europesays.com\/de\/wp-json\/wp\/v2\/media\/1257084"}],"wp:attachment":[{"href":"https:\/\/www.europesays.com\/de\/wp-json\/wp\/v2\/media?parent=1257083"}],"wp:term":[{"taxonomy":"category","embeddable":true,"href":"https:\/\/www.europesays.com\/de\/wp-json\/wp\/v2\/categories?post=1257083"},{"taxonomy":"post_tag","embeddable":true,"href":"https:\/\/www.europesays.com\/de\/wp-json\/wp\/v2\/tags?post=1257083"}],"curies":[{"name":"wp","href":"https:\/\/api.w.org\/{rel}","templated":true}]}}