{"id":1257103,"date":"2026-08-24T08:52:17","date_gmt":"2026-08-24T08:52:17","guid":{"rendered":"https:\/\/www.europesays.com\/de\/1257103\/"},"modified":"2026-08-24T08:52:17","modified_gmt":"2026-08-24T08:52:17","slug":"polizei-berlin-fehlerhafte-polizei-schutzwesten-vorwuerfe-gegen-hersteller","status":"publish","type":"post","link":"https:\/\/www.europesays.com\/de\/1257103\/","title":{"rendered":"Polizei Berlin: Fehlerhafte Polizei-Schutzwesten: Vorw\u00fcrfe gegen Hersteller"},"content":{"rendered":"<p>Quelle: dpa Berlin\/Brandenburg<br \/>\n        24. August 2026, 10:31 Uhr\n    <\/p>\n<p>        Sie k\u00f6nnen sich Artikel der ZEIT in der Google-Suche nun bevorzugt anzeigen lassen.<\/p>\n<p>        <a class=\"zps-widget__icon\" href=\"https:\/\/www.google.com\/preferences\/source?q=zeit.de\" data-ct-label=\"Google Preferred Source Onboarding Widget Icon\" id=\"zps-link-icon-activate\" aria-label=\"ZEIT als bevorzugte Quelle bei Google aktivieren\" target=\"_blank\" rel=\"nofollow noopener\"><\/p>\n<p>        <\/a><\/p>\n<p>        Hinweis<\/p>\n<p class=\"article-notice__text\">DIE ZEIT hat diese Meldung redaktionell nicht bearbeitet. Sie wurde automatisch von der Deutschen Presse-Agentur (dpa) \u00fcbernommen.<\/p>\n<p>            <img decoding=\"async\" class=\"article__media-item\" src=\"https:\/\/www.europesays.com\/de\/wp-content\/uploads\/2026\/08\/1787561537_461_wide__660x371.jpeg\" alt=\"Polizei Berlin: Berlins Innensenatorin erhebt Vorw\u00fcrfe wegen fehlerhafter Schutzplatten in Westen der Polizei. (Archiv)\"\/><\/p>\n<p>                    Berlins Innensenatorin erhebt Vorw\u00fcrfe wegen fehlerhafter Schutzplatten in Westen der Polizei. (Archiv)<br \/>\n            \u00a9\u00a0Michael Ukas\/\u200bdpa<\/p>\n<p class=\"paragraph article__item\">Berlins Innensenatorin Iris Spranger (SPD) hat wegen fehlerhafter Schutzplatten in Polizeiwesten massive Vorw\u00fcrfe gegen den Hersteller erhoben. \u00abEs ist ein absolut nicht hinnehmbarer Qualit\u00e4tsmangel bei einem Produkt der Firma <a class=\"rtr-entity\" href=\"https:\/\/www.zeit.de\/thema\/rheinmetall\" rel=\"nofollow noopener\" target=\"_blank\">Rheinmetall<\/a>\u00bb, sagte Spranger im Innenausschuss des Abgeordnetenhauses. Sie sprach von einem \u00abskandal\u00f6sen\u00bb Vorgang. Mehr als 5200 Schutzplatten in Schutzwesten gegen Sch\u00fcsse, die aus dem Jahr 2017 stammten, h\u00e4tten ihre Wirkung vor Ablauf der zehnj\u00e4hrigen Herstellergarantie teilweise verloren.\n<\/p>\n<p>Aktuelles<\/p>\n<p>                <a href=\"https:\/\/www.zeit.de\/politik\/deutschland\/2026-07\/abdul-b-islamistischer-anschlag-mannheim-salafistische-gruppe-berlin\" data-ct-label=\"Tatverd\u00e4chtiger Abdul B.: CSD-Attent\u00e4ter Abdul B. geh\u00f6rte salafistischer Gruppe an\" data-uuid=\"33c63b55-af43-47bc-87f2-f5c82a3c6030\" rel=\"nofollow noopener\" target=\"_blank\"><\/p>\n<p>                        Tatverd\u00e4chtiger Abdul B.:<br \/>\n                        CSD-Attent\u00e4ter Abdul B. geh\u00f6rte salafistischer Gruppe an<\/p>\n<p>                <\/a><\/p>\n<p>                <a href=\"https:\/\/www.zeit.de\/wirtschaft\/2026-07\/rheinmetall-quartalszahlen-unternehmenszahlen-ruestungsindustrie-aktie\" data-ct-label=\"R\u00fcstungsindustrie: Rheinmetall steigert Umsatz und Gewinn\" data-uuid=\"e074a7e6-57fa-4229-a4dd-23d6e07b3ad1\" rel=\"nofollow noopener\" target=\"_blank\"><\/p>\n<p>                        R\u00fcstungsindustrie:<br \/>\n                        Rheinmetall steigert Umsatz und Gewinn<\/p>\n<p>                <\/a><\/p>\n<p>                <a href=\"https:\/\/www.zeit.de\/digital\/2026-08\/berlin-cyberangriff-senatsverwaltung-daten-briefwahl-kai-wegner\" data-ct-label=\"Hackerangriff: Keine sensiblen Daten bei Cyberangriff auf Berliner Senat abgeflossen\" data-uuid=\"5742b76c-4e8f-47fc-b0d5-a92afb45c8cc\" rel=\"nofollow noopener\" target=\"_blank\"><\/p>\n<p>                        Hackerangriff:<br \/>\n                        Keine sensiblen Daten bei Cyberangriff auf Berliner Senat abgeflossen<\/p>\n<p>                <\/a><\/p>\n<p class=\"paragraph article__item\">Bei Pr\u00fcfungen und Kontrollbesch\u00fcssen sei es zu Durchsch\u00fcssen gekommen. Das sei \u00abein Versagen von Rheinmetall\u00bb. Die R\u00fcstungsfirma, die in den vergangenen Jahren von \u00f6ffentlichen Auftr\u00e4gen stark profitiert und hohe Gewinne gemacht habe, m\u00fcsse den Schaden unverz\u00fcglich ausgleichen, betonte Spranger. Dazu werden sie sich mit den Zust\u00e4ndigen bei Rheinmetall treffen, um die Durchsetzung von Schadenersatzanspr\u00fcchen zu untermauern. F\u00fcr den \u00dcbergang habe die Berliner <a class=\"rtr-entity\" href=\"https:\/\/www.zeit.de\/thema\/polizei\" rel=\"nofollow noopener\" target=\"_blank\">Polizei<\/a> 2000 neue Schutzplatten f\u00fcr 1,2 Millionen Euro bestellt. Sie sollen auch gegen Beschuss mit Sturmgewehren wie Kalaschnikows sicher sein.\n<\/p>\n<p class=\"paragraph article__item\">\u00a9 dpa-infocom, dpa:260824-930-573990\/1<\/p>\n","protected":false},"excerpt":{"rendered":"Quelle: dpa Berlin\/Brandenburg 24. August 2026, 10:31 Uhr Sie k\u00f6nnen sich Artikel der ZEIT in der Google-Suche nun&hellip;\n","protected":false},"author":2,"featured_media":1257104,"comment_status":"","ping_status":"","sticky":false,"template":"","format":"standard","meta":{"footnotes":"","_share_on_mastodon":"0"},"categories":[1825],"tags":[1941,1939,296,1937,29,30,21425,1940,15,1938,121,86569,259977,740,259976,184],"class_list":["post-1257103","post","type-post","status-publish","format-standard","has-post-thumbnail","category-berlin","tag-aktuelle-nachrichten-aus-berlin","tag-aktuelle-news-aus-berlin","tag-berlin","tag-berlin-news","tag-deutschland","tag-germany","tag-iris-spranger","tag-nachrichten-aus-berlin","tag-news","tag-news-aus-berlin","tag-polizei","tag-polizei-berlin","tag-polizeiwesten","tag-rheinmetall","tag-schutzplatte","tag-spd"],"share_on_mastodon":{"url":"https:\/\/pubeurope.com\/@de\/117149641841127478","error":""},"_links":{"self":[{"href":"https:\/\/www.europesays.com\/de\/wp-json\/wp\/v2\/posts\/1257103","targetHints":{"allow":["GET"]}}],"collection":[{"href":"https:\/\/www.europesays.com\/de\/wp-json\/wp\/v2\/posts"}],"about":[{"href":"https:\/\/www.europesays.com\/de\/wp-json\/wp\/v2\/types\/post"}],"author":[{"embeddable":true,"href":"https:\/\/www.europesays.com\/de\/wp-json\/wp\/v2\/users\/2"}],"replies":[{"embeddable":true,"href":"https:\/\/www.europesays.com\/de\/wp-json\/wp\/v2\/comments?post=1257103"}],"version-history":[{"count":0,"href":"https:\/\/www.europesays.com\/de\/wp-json\/wp\/v2\/posts\/1257103\/revisions"}],"wp:featuredmedia":[{"embeddable":true,"href":"https:\/\/www.europesays.com\/de\/wp-json\/wp\/v2\/media\/1257104"}],"wp:attachment":[{"href":"https:\/\/www.europesays.com\/de\/wp-json\/wp\/v2\/media?parent=1257103"}],"wp:term":[{"taxonomy":"category","embeddable":true,"href":"https:\/\/www.europesays.com\/de\/wp-json\/wp\/v2\/categories?post=1257103"},{"taxonomy":"post_tag","embeddable":true,"href":"https:\/\/www.europesays.com\/de\/wp-json\/wp\/v2\/tags?post=1257103"}],"curies":[{"name":"wp","href":"https:\/\/api.w.org\/{rel}","templated":true}]}}