{"id":125712,"date":"2025-05-20T15:12:09","date_gmt":"2025-05-20T15:12:09","guid":{"rendered":"https:\/\/www.europesays.com\/de\/125712\/"},"modified":"2025-05-20T15:12:09","modified_gmt":"2025-05-20T15:12:09","slug":"parlament-in-ungarn-billigt-austritt-aus-strafgerichtshof","status":"publish","type":"post","link":"https:\/\/www.europesays.com\/de\/125712\/","title":{"rendered":"Parlament in Ungarn billigt Austritt aus Strafgerichtshof"},"content":{"rendered":"<p class=\"metatextline\">Stand: 20.05.2025 15:55 Uhr<\/p>\n<p class=\"textabsatz columns twelve  m-ten  m-offset-one l-eight l-offset-two\">\n        <strong>Mit einem Gesetz der Orban-Regierung wird der Austritt aus dem Internationalen Strafgerichtshof nun offiziell. Ungarn wirft dem Gericht vor, politisch zu agieren &#8211; und stellt sich einmal mehr gegen die einheitliche Haltung der EU.<\/strong>\n    <\/p>\n<p class=\"textabsatz m-ten m-offset-one l-eight l-offset-two columns twelve\">\nDas ungarische Parlament hat den Austritt des EU-Landes aus dem Internationalen Strafgerichtshof (IStGH) gebilligt. F\u00fcr diesen Schritt stimmten 134 Abgeordnete, 37 stimmten dagegen, sieben enthielten sich der Stimme, wie auf der Webseite des Parlaments mitgeteilt wurde.\u00a0<\/p>\n<p class=\"textabsatz m-ten m-offset-one l-eight l-offset-two columns twelve\">\nDer Strafgerichtshof sei eine &#8222;politisch motivierte juristische Institution&#8220;, hei\u00dft es in dem Gesetz, das die Regierungsparteien mit ihrer Zwei-Drittel-Mehrheit im Parlament beschlossen haben. Es sei klar, dass Ungarn in &#8222;so einer Organisation&#8220; keinen Platz habe.<\/p>\n<p>    Austritt bei Netanjahu-Besuch angek\u00fcndigt<\/p>\n<p class=\"textabsatz m-ten m-offset-one l-eight l-offset-two columns twelve\">\nDie ungarische Regierung hatte den Austritt aus dem Weltgerichtshof bereits Anfang April angek\u00fcndigt. Zu diesem Zeitpunkt empfing Ministerpr\u00e4sident Viktor Orban den israelischen Ministerpr\u00e4sidenten Benjamin Netanjahu. Nach den Statuten des Gerichtshofs h\u00e4tte Ungarn Netanjahu <a href=\"https:\/\/www.tagesschau.de\/ausland\/europa\/netanjahu-ungarn-haftbefehl-100.html\" title=\"Was der Haftbefehl f\u00fcr Netanjahus Ungarn-Reise bedeutet\" target=\"_blank\" rel=\"noopener\">festnehmen m\u00fcssen<\/a>, da gegen ihn ein Haftbefehl wegen mutma\u00dflicher Kriegsverbrechen im Gazastreifen vorliegt.<\/p>\n<p class=\"textabsatz m-ten m-offset-one l-eight l-offset-two columns twelve\">\nOrban hatte vor dem Besuch klargestellt, dass Ungarn den Haftbefehl ignorieren werde. &#8222;Dieses Gericht ist zu einem Mittel der Politik degradiert worden&#8220;, hatte Orban im Beisein seines Besuchers Netanjahu behauptet.\u00a0Die Haftbefehle gegen den israelischen Premier sowie dessen Ex-Verteidigungsminister Joav Galant nannte die Orban-Regierung ausdr\u00fccklich als Grund f\u00fcr den Austritt.<\/p>\n<p>    Verh\u00e4ltnis zur EU belastet<\/p>\n<p class=\"textabsatz m-ten m-offset-one l-eight l-offset-two columns twelve\">\nWirksam wird der ungarische Austritt aus dem IStGH voraussichtlich in einem Jahr. Der Schritt d\u00fcrfte das ohnehin angespannte Verh\u00e4ltnis zur EU weiter belasten, denn er belegt eine Abkehr von der bisher einheitlichen Haltung zur internationalen Justiz. Alle anderen 26 EU-Staaten geh\u00f6ren zu den Vertragsstaaten des IStGH.<\/p>\n","protected":false},"excerpt":{"rendered":"Stand: 20.05.2025 15:55 Uhr Mit einem Gesetz der Orban-Regierung wird der Austritt aus dem Internationalen Strafgerichtshof nun offiziell.&hellip;\n","protected":false},"author":2,"featured_media":125713,"comment_status":"","ping_status":"","sticky":false,"template":"","format":"standard","meta":{"footnotes":""},"categories":[3],"tags":[548,13,411,502,14,15,12,10,8,9,11,501,103,104],"class_list":{"0":"post-125712","1":"post","2":"type-post","3":"status-publish","4":"format-standard","5":"has-post-thumbnail","7":"category-welt","8":"tag-eu","9":"tag-headlines","10":"tag-israel","11":"tag-istgh","12":"tag-nachrichten","13":"tag-news","14":"tag-schlagzeilen","15":"tag-top-news","16":"tag-top-meldungen","17":"tag-topmeldungen","18":"tag-topnews","19":"tag-ungarn","20":"tag-welt","21":"tag-world"},"share_on_mastodon":{"url":"https:\/\/pubeurope.com\/@de\/114540808989568808","error":""},"_links":{"self":[{"href":"https:\/\/www.europesays.com\/de\/wp-json\/wp\/v2\/posts\/125712","targetHints":{"allow":["GET"]}}],"collection":[{"href":"https:\/\/www.europesays.com\/de\/wp-json\/wp\/v2\/posts"}],"about":[{"href":"https:\/\/www.europesays.com\/de\/wp-json\/wp\/v2\/types\/post"}],"author":[{"embeddable":true,"href":"https:\/\/www.europesays.com\/de\/wp-json\/wp\/v2\/users\/2"}],"replies":[{"embeddable":true,"href":"https:\/\/www.europesays.com\/de\/wp-json\/wp\/v2\/comments?post=125712"}],"version-history":[{"count":0,"href":"https:\/\/www.europesays.com\/de\/wp-json\/wp\/v2\/posts\/125712\/revisions"}],"wp:featuredmedia":[{"embeddable":true,"href":"https:\/\/www.europesays.com\/de\/wp-json\/wp\/v2\/media\/125713"}],"wp:attachment":[{"href":"https:\/\/www.europesays.com\/de\/wp-json\/wp\/v2\/media?parent=125712"}],"wp:term":[{"taxonomy":"category","embeddable":true,"href":"https:\/\/www.europesays.com\/de\/wp-json\/wp\/v2\/categories?post=125712"},{"taxonomy":"post_tag","embeddable":true,"href":"https:\/\/www.europesays.com\/de\/wp-json\/wp\/v2\/tags?post=125712"}],"curies":[{"name":"wp","href":"https:\/\/api.w.org\/{rel}","templated":true}]}}