{"id":1257123,"date":"2026-08-24T09:04:18","date_gmt":"2026-08-24T09:04:18","guid":{"rendered":"https:\/\/www.europesays.com\/de\/1257123\/"},"modified":"2026-08-24T09:04:18","modified_gmt":"2026-08-24T09:04:18","slug":"einigung-bayern-star-unmittelbar-vor-wechsel-nach-spanien-sport","status":"publish","type":"post","link":"https:\/\/www.europesays.com\/de\/1257123\/","title":{"rendered":"Einigung: Bayern-Star unmittelbar vor Wechsel nach Spanien | Sport"},"content":{"rendered":"<p><a class=\"skip-content skip-content--link\" href=\"#in-content-skip-link-target-v-0-0\">TTS-Player \u00fcberspringen\u21b5<\/a><a id=\"in-content-skip-link-target-v-0-0\" class=\"skip-content--target-link-hidden skip-content skip-content--target-link\" href=\"#in-content-skip-link-target-v-0-0\">Artikel weiterlesen<\/a><\/p>\n<p data-21134c99=\"0-2084\"><b>M\u00fcnchen \u2013 Jetzt kann alles ganz fix gehen! Nach BILD-Informationen steht Bayern-Profi Bryan Zaragoza (24) vor einem Wechsel zu Espanyol Barcelona. Die Klubs haben sich grunds\u00e4tzlich auf eine einj\u00e4hrige Leihe inklusive einer Kaufoption geeinigt. \u00dcber die finanziellen Bedingungen des Deals wurde in der Nacht von Sonntag auf Montag noch verhandelt. Da der Spieler aber auch schon sein gr\u00fcnes Licht gegeben hat, k\u00f6nnte bereits in den wenigen Tagen Vollzug gemeldet werden. Auch Transfer-Experte Fabrizio Romano berichtet \u00fcber die bevorstehende Leihe.<\/b><\/p>\n<p>Mehr zum Thema<\/p>\n<p data-21134c99=\"0-2084\">F\u00fcr den FC Bayern w\u00e4re der Deal eine gute Nachricht. Der deutsche Rekordmeister will den spanischen Fl\u00fcgelflitzer nach seinen Leihen in der vergangenen Saison zu Celta Vigo sowie zur AS Rom diesen Sommer gleich wieder abgeben, da er in den Planungen von Trainer Vincent Kompany (40) keine Rolle spielt.<\/p>\n<p data-21134c99=\"0-2084\">Der Spieler hatte sich vor diesem Hintergrund zuletzt eine R\u00fcckkehr in seine Heimat zum Ziel gesetzt. Interessenten aus Saudi-Arabien und Katar lie\u00df er deshalb abblitzen. Da es in Spanien aber keinen Klub gibt, der Zaragoza sofort kaufen kann oder will, \u00f6ffneten sich die Bayern und der Spieler f\u00fcr eine erneute Leihe mit Kaufoption. Auch der FC Sevilla und Deportivo Alav\u00e9s sollen an so einem Modell interessiert gewesen sein. Nun bekommt aber aller Voraussicht nach Espanyol den Zuschlag.<\/p>\n<p>Ein Genuss: Olise zeigt seine \u201eSuperkraft\u201c<a class=\"anchor video-teaser__anchor\" href=\"https:\/\/www.bild.de\/sport\/fussball\/fc-bayern-muenchen-michael-olise-zeigt-seine-superkraft-6a8b2eb7511d4fd3bc4e15b5\" rel=\"nofollow noopener\" target=\"_blank\"><img decoding=\"async\" width=\"992\" height=\"558\" alt=\"FC Bayern M\u00fcnchen: Michael Olise zeigt seine \u201eSuperkraft\u201c\" loading=\"lazy\" src=\"https:\/\/www.europesays.com\/de\/wp-content\/uploads\/2026\/08\/e1f4cc8554b909eb1dea2eea78ce187b,2a7401b1.jpeg\"   class=\"landscape teaser__image\"\/><\/a><\/p>\n<p>Quelle: BILD24.08.2026<\/p>\n<p data-21134c99=\"0-2084\">F\u00fcr Zaragoza, der bei <a href=\"https:\/\/www.bild.de\/themen\/orte\/bayern\/nachrichten-news-fotos-videos-16977732.bild.html\" class=\"text-link\" rel=\"nofollow noopener\" target=\"_blank\">Bayern<\/a> noch einen Vertrag bis 2029 hat, w\u00e4re es bereits die vierte Leihe hintereinander. Schon ein halbes Jahr nach seinem insgesamt rund 18 Mio. Euro teuren Transfer vom FC Granada an die S\u00e4bener Stra\u00dfe, wurde er auf Leihbasis zu Spanien-Klub Osasuna geschickt. Im Sommer 2025 folgte dann eine weitere Spanien-Leihe zu Celta Vigo, die jedoch schon Anfang 2026 wieder abgebrochen wurde, weil die AS Rom mit einer Leihe inklusive Kaufoption lockte. Bei den Italienern konnte sich Zaragoza aber \u2013 auch wegen einer Knie-Entz\u00fcndung \u2013 nicht f\u00fcr einen dauerhaften Verbleib empfehlen.<\/p>\n<p data-21134c99=\"0-2084\">Inzwischen ist der dreimalige spanische Nationalspieler wieder fit \u2013 und bereit f\u00fcr sein neues Leih-Abenteuer bei Espanyol <a href=\"https:\/\/www.bild.de\/themen\/organisationen\/fc-barcelona\/sport-nachrichten-news-fotos-videos-15888150.bild.html\" class=\"text-link\" rel=\"nofollow noopener\" target=\"_blank\">Barcelona<\/a>.<\/p>\n","protected":false},"excerpt":{"rendered":"TTS-Player \u00fcberspringen\u21b5Artikel weiterlesen M\u00fcnchen \u2013 Jetzt kann alles ganz fix gehen! Nach BILD-Informationen steht Bayern-Profi Bryan Zaragoza (24)&hellip;\n","protected":false},"author":2,"featured_media":1257124,"comment_status":"","ping_status":"","sticky":false,"template":"","format":"standard","meta":{"footnotes":"","_share_on_mastodon":"0"},"categories":[136],"tags":[86004,29,538,44083,458,30,11515,25275,803,265],"class_list":["post-1257123","post","type-post","status-publish","format-standard","has-post-thumbnail","category-sport","tag-celta-vigo","tag-deutschland","tag-erste-bundesliga","tag-espanyol-barcelona","tag-fc-bayern-muenchen","tag-germany","tag-kompany-vincent","tag-primera-division-la-liga","tag-spielertransfer","tag-sport"],"share_on_mastodon":{"url":"https:\/\/pubeurope.com\/@de\/117149689059040107","error":""},"_links":{"self":[{"href":"https:\/\/www.europesays.com\/de\/wp-json\/wp\/v2\/posts\/1257123","targetHints":{"allow":["GET"]}}],"collection":[{"href":"https:\/\/www.europesays.com\/de\/wp-json\/wp\/v2\/posts"}],"about":[{"href":"https:\/\/www.europesays.com\/de\/wp-json\/wp\/v2\/types\/post"}],"author":[{"embeddable":true,"href":"https:\/\/www.europesays.com\/de\/wp-json\/wp\/v2\/users\/2"}],"replies":[{"embeddable":true,"href":"https:\/\/www.europesays.com\/de\/wp-json\/wp\/v2\/comments?post=1257123"}],"version-history":[{"count":0,"href":"https:\/\/www.europesays.com\/de\/wp-json\/wp\/v2\/posts\/1257123\/revisions"}],"wp:featuredmedia":[{"embeddable":true,"href":"https:\/\/www.europesays.com\/de\/wp-json\/wp\/v2\/media\/1257124"}],"wp:attachment":[{"href":"https:\/\/www.europesays.com\/de\/wp-json\/wp\/v2\/media?parent=1257123"}],"wp:term":[{"taxonomy":"category","embeddable":true,"href":"https:\/\/www.europesays.com\/de\/wp-json\/wp\/v2\/categories?post=1257123"},{"taxonomy":"post_tag","embeddable":true,"href":"https:\/\/www.europesays.com\/de\/wp-json\/wp\/v2\/tags?post=1257123"}],"curies":[{"name":"wp","href":"https:\/\/api.w.org\/{rel}","templated":true}]}}