{"id":1257132,"date":"2026-08-24T09:09:15","date_gmt":"2026-08-24T09:09:15","guid":{"rendered":"https:\/\/www.europesays.com\/de\/1257132\/"},"modified":"2026-08-24T09:09:15","modified_gmt":"2026-08-24T09:09:15","slug":"mit-89-jahren-berichte-logistikmilliardaer-klaus-michael-kuehne-ist-tot","status":"publish","type":"post","link":"https:\/\/www.europesays.com\/de\/1257132\/","title":{"rendered":"Mit 89 Jahren: Berichte: Logistikmilliard\u00e4r Klaus-Michael K\u00fchne ist tot"},"content":{"rendered":"<p>Mit 89 JahrenBerichte: Logistikmilliard\u00e4r Klaus-Michael K\u00fchne ist tot<\/p>\n<p>24.08.2026, 10:32 Uhr <\/p>\n<p>Artikel anh\u00f6ren(01:03 min)<\/p>\n<p><img decoding=\"async\" class=\"Image_img__fQCi0 Image_Img_16_9__4BLfH widget-picture-inline_maximizable__t_E7h\" loading=\"eager\" fetchpriority=\"high\" src=\"https:\/\/www.europesays.com\/de\/wp-content\/uploads\/2026\/08\/Klaus-Michael-Kuehne-Unternehmer-steht-im-Hauptsitz-der-Kuehne-und-Nagel-AG-Zu-dpa-Milliardaer-Kuehn.webp\" alt=\"Klaus-Michael-Kuehne-Unternehmer-steht-im-Hauptsitz-der-Kuehne-und-Nagel-AG-Zu-dpa-Milliardaer-Kuehne-verdoppelt-Anteil-an-Brenntag-Klaus-Michael-Kuehne-HSV-Investor-und-Kritiker-ist-derzeit-sehr-zufrieden-mit-dem-Hamburger-Fussball-Zweitligisten\"\/>Klaus-Michael K\u00fchne investierte in unterschiedlichste Bereiche. (Foto: picture alliance\/dpa)<\/p>\n<p class=\"Typography_text-m__XI0da Typography_weight-bold__uT6mq storyline_lead_text_leadtext__q_wg8\">Klaus-Michael K\u00fchne war einer der reichsten Deutschen. Der Milliard\u00e4r starb nun Berichten zufolge mit 89 Jahren. Sein Verm\u00f6gen soll an eine Stiftung \u00fcbergehen. <\/p>\n<p class=\"Typography_text-default__P3otY Typography_weight-normal__pqUbH storyline_paragraph_p__qSR5N\">Der Logistikmilliard\u00e4r Klaus-Michael K\u00fchne ist tot. Der geb\u00fcrtige Hamburger starb im Alter von 89 Jahren, wie mehrere Medien \u00fcbereinstimmend unter Berufung auf das Umfeld des Unternehmers berichten. <\/p>\n<p class=\"Typography_text-default__P3otY Typography_weight-normal__pqUbH storyline_paragraph_p__qSR5N\">Eine offizielle Erkl\u00e4rung der K\u00fchne Holding gibt es bisher nicht. \u00dcber die Holding geh\u00f6rten ihm 53 Prozent Anteile an der Logistikfirma K\u00fchne + Nagel, dem weltweit gr\u00f6\u00dften Unternehmen f\u00fcr Luft- und Seefracht. Sein Gro\u00dfvater hatte die Firma gegr\u00fcndet. <\/p>\n<p class=\"Typography_text-default__P3otY Typography_weight-normal__pqUbH storyline_paragraph_p__qSR5N\">Dar\u00fcber hinaus hatte er etliche weitere Beteiligungen in seinem Portfolio. Dazu z\u00e4hlen unter anderem Anteile an dem Chemielogistiker Brenntag, dem Transportunternehmen Flixbus oder der Lufthansa. Seit 2022 war er gr\u00f6\u00dfter Einzelaktion\u00e4r bei der Fluggesellschaft. Zudem hielt er auch 30 Prozent der Anteile an der Reederei Hapag-Lloyd.<\/p>\n<p>K\u00fchne z\u00e4hlte zu den reichsten Deutschen<\/p>\n<p class=\"Typography_text-default__P3otY Typography_weight-normal__pqUbH storyline_paragraph_p__qSR5N\">Sein Verm\u00f6gen wird  auf bis zu 36 Milliarden Euro gesch\u00e4tzt. Damit war er einer der reichsten Deutschen. Nach seinem Tod soll dieses an die von ihm gegr\u00fcndete K\u00fchne-Stiftung \u00fcbergehen. <\/p>\n<p class=\"Typography_text-default__P3otY Typography_weight-normal__pqUbH storyline_paragraph_p__qSR5N\">Neben seinen unternehmerischen T\u00e4tigkeiten trat er auch wiederholt als M\u00e4zen beim Hamburger Sport-Verein auf. Dem mitunter klammen Klub lie\u00df er wiederholt Geldspritzen zukommen zur Finanzierung von Transfers und erwarb Anteile an der ausgegliederten Profi-Abteilung der Hanseaten. <\/p>\n<p class=\"Typography_text-default__P3otY Typography_weight-normal__pqUbH storyline_paragraph_p__qSR5N\">Unter anderem in Hamburg tritt K\u00fchne auch als M\u00e4zen im Kulturbereich auf. Die K\u00fchne-Stiftung ist der ma\u00dfgebliche Finanzier einer neuen Oper, die in der Hafencity entstehen soll und f\u00fcr die Kosten von rund 500 Millionen Euro veranschlagt werden. Durch die Stiftung wurden dar\u00fcber hinaus auch etliche weitere Kulturveranstaltungen in der Hansestadt und dar\u00fcber hinaus gef\u00f6rdert.<\/p>\n<p class=\"Typography_text-s__wu_cm Typography_weight-normal__pqUbH Typography_color-darkgrey__sZEnP article-detail-footer_source__KslPc\">Quelle: ntv.de, lme<\/p>\n","protected":false},"excerpt":{"rendered":"Mit 89 JahrenBerichte: Logistikmilliard\u00e4r Klaus-Michael K\u00fchne ist tot 24.08.2026, 10:32 Uhr Artikel anh\u00f6ren(01:03 min) Klaus-Michael K\u00fchne investierte in&hellip;\n","protected":false},"author":2,"featured_media":1257133,"comment_status":"","ping_status":"","sticky":false,"template":"","format":"standard","meta":{"footnotes":"","_share_on_mastodon":"0"},"categories":[2],"tags":[29,30,13,13067,64510,2776,11807,14,15,12,1719,10,8,9,11,55],"class_list":["post-1257132","post","type-post","status-publish","format-standard","has-post-thumbnail","category-deutschland","tag-deutschland","tag-germany","tag-headlines","tag-klaus-michael-kuehne","tag-kuehne-nagel","tag-logistik","tag-milliardaere","tag-nachrichten","tag-news","tag-schlagzeilen","tag-todesfaelle","tag-top-news","tag-top-meldungen","tag-topmeldungen","tag-topnews","tag-wirtschaft"],"share_on_mastodon":{"url":"","error":""},"_links":{"self":[{"href":"https:\/\/www.europesays.com\/de\/wp-json\/wp\/v2\/posts\/1257132","targetHints":{"allow":["GET"]}}],"collection":[{"href":"https:\/\/www.europesays.com\/de\/wp-json\/wp\/v2\/posts"}],"about":[{"href":"https:\/\/www.europesays.com\/de\/wp-json\/wp\/v2\/types\/post"}],"author":[{"embeddable":true,"href":"https:\/\/www.europesays.com\/de\/wp-json\/wp\/v2\/users\/2"}],"replies":[{"embeddable":true,"href":"https:\/\/www.europesays.com\/de\/wp-json\/wp\/v2\/comments?post=1257132"}],"version-history":[{"count":0,"href":"https:\/\/www.europesays.com\/de\/wp-json\/wp\/v2\/posts\/1257132\/revisions"}],"wp:featuredmedia":[{"embeddable":true,"href":"https:\/\/www.europesays.com\/de\/wp-json\/wp\/v2\/media\/1257133"}],"wp:attachment":[{"href":"https:\/\/www.europesays.com\/de\/wp-json\/wp\/v2\/media?parent=1257132"}],"wp:term":[{"taxonomy":"category","embeddable":true,"href":"https:\/\/www.europesays.com\/de\/wp-json\/wp\/v2\/categories?post=1257132"},{"taxonomy":"post_tag","embeddable":true,"href":"https:\/\/www.europesays.com\/de\/wp-json\/wp\/v2\/tags?post=1257132"}],"curies":[{"name":"wp","href":"https:\/\/api.w.org\/{rel}","templated":true}]}}