{"id":1257140,"date":"2026-08-24T09:14:18","date_gmt":"2026-08-24T09:14:18","guid":{"rendered":"https:\/\/www.europesays.com\/de\/1257140\/"},"modified":"2026-08-24T09:14:18","modified_gmt":"2026-08-24T09:14:18","slug":"pol-ki-260824-1-kiel-polizeikraefte-ueberwaeltigen-angreifer-mit-deig","status":"publish","type":"post","link":"https:\/\/www.europesays.com\/de\/1257140\/","title":{"rendered":"POL-KI: 260824.1 Kiel: Polizeikr\u00e4fte \u00fcberw\u00e4ltigen Angreifer mit DEIG"},"content":{"rendered":"<p class=\"date\">24.08.2026 \u2013 10:36<\/p>\n<p class=\"customer\">\n                        <a class=\"story-customer\" title=\"weiter zum newsroom von Polizeidirektion Kiel\" href=\"https:\/\/www.presseportal.de\/blaulicht\/nr\/14626\" rel=\"nofollow noopener\" target=\"_blank\">Polizeidirektion Kiel<\/a>\n                    <\/p>\n<p><a data-category=\"citylink-story-view\" data-action=\"click\" data-label=\"Citylink in Meldungsansicht\" class=\"story-city event-trigger\" href=\"https:\/\/www.presseportal.de\/regional\/Kiel\" title=\"News aus Kiel \" rel=\"nofollow noopener\" target=\"_blank\">Kiel<\/a> (ots)<\/p>\n<p>Einsatzkr\u00e4fte setzten am Wochenende das Distanzelektroimpulsger\u00e4t (DEIG) gegen eine m\u00e4nnliche Person ein, nachdem dieser die Polizeikr\u00e4fte mehrfach angegriffen hat. Zwei Polizeibeamte erlitten Verletzungen. Eine weibliche Person, welche sich mit dem Angreifer solidarisierte, leistete ebenfalls Widerstand und verletzte eine Beamtin der Landespolizei und einen Beamten der Bundespolizei. Gegen beide Personen fertigten die Einsatzkr\u00e4fte Strafanzeigen.<\/p>\n<p>Am Freitagabend gegen 18 Uhr kontrollierten zwei Polizeibeamte des 2. Polizeirevier Kiel  am Bahnhofsvorplatz im dortigen Kontrollbereich am Kieler Hauptbahnhof einen jungen Mann und forderten diesen auf sich auszuweisen. Zun\u00e4chst gab der Mann an, seinen Ausweis zu suchen und ergriff unvermittelt die Flucht und entzog sich der Kontrolle.<\/p>\n<p>Im Bereich der Kaistra\u00dfe holten die Polizeibeamten den Mann ein. Sofort schlug dieser mit der Faust ins Gesicht eines 50-j\u00e4hrigen Polizeibeamten, der hierdurch Verletzungen im Gesicht erlitt. Im weiteren Verlauf schlug und trat er auch gegen den zweiten 34-j\u00e4hrigen Polizeibeamten und verletzte diesen ebenfalls.<br \/>\nDer t\u00e4tliche Angriff konnte durch einfache k\u00f6rperliche Gewalt nicht unterbunden werden, so dass die Einsatzkr\u00e4fte erst mit Hilfe einer Schussabgabe des DEIG den Mann festnehmen konnten. Beide Polizeibeamten mussten im Anschluss im Krankenhaus behandelt werden.<\/p>\n<p>Bei dem Angreifer handelt es sich um einen 17-j\u00e4hrigen Syrer. Im weiteren Verlauf der Einsatzabarbeitung fanden Polizeikr\u00e4fte diverse Bet\u00e4ubungsmittel, unter anderem  Marihuana, diverse Tabletten, mehrere Konsumeinheiten Kokain und Haschisch, auf.<\/p>\n<p>Er wird sich in einem Strafverfahren wegen des t\u00e4tlichen Angriffs auf Vollstreckungsbeamte, Widerstand gegen Vollstreckungsbeamte und wegen des Versto\u00dfes gegen das Bet\u00e4ubungsmittelgesetz wegen unerlaubten Handelstreibens verantworten m\u00fcssen.<\/p>\n<p>Im Rahmen der Festnahme kam es zu Solidarisierungseffekten durch Personen aus der Trinker-und Drogenszene. Diese versuchten zunehmend die polizeilichen Ma\u00dfnahmen zu st\u00f6ren, so dass weitere Kr\u00e4fte zusammengezogen wurden. Hierbei trat eine weibliche 19-j\u00e4hrige Deutsche in Erscheinung, die eine 29-j\u00e4hrige Polizeibeamtin der Landespolizei und einen 21-j\u00e4hrigen Polizeibeamten der Bundespolizei durch Kratzen, Schlagen und Treten verletzte. Die Polizeibeamtin erlitt eine Verletzung des Sprunggelenkes. Sie war nicht mehr dienstf\u00e4hig und lie\u00df sich im Anschluss \u00e4rztlich behandeln. Der Beamte der Bundespolizei erlitt leichte Verletzungen, blieb jedoch dienstf\u00e4hig.<\/p>\n<p>Die weibliche Beschuldigte kam nach Abschluss der polizeilichen Ma\u00dfnahmen wieder auf freien Fu\u00df. Sie erhielt einen Platzverweis. Auch gegen sie leiteten die Einsatzkr\u00e4fte ein Strafverfahren wegen Widerstandes ein.<\/p>\n<p>Stephanie Lage, Pressesprecherin der Polizeidirektion Kiel<\/p>\n<p class=\"contact-headline\">R\u00fcckfragen bitte an:<\/p>\n<p class=\"contact-text\">Polizeidirektion Kiel<\/p>\n<p>Pressestelle<br \/>Gartenstra\u00dfe 7<br \/>24103 Kiel<\/p>\n<p>Tel.   +49 (0) 431 160 2010<br \/>E-Mail <a href=\"https:\/\/www.presseportal.de\/blaulicht\/pm\/14626\/mailto:pressestelle.kiel.pd@polizei.landsh.de\" class=\"uri-mailto\" rel=\"nofollow noopener\" target=\"_blank\">pressestelle.kiel.pd@polizei.landsh.de<\/a><\/p>\n<p class=\"originator\">Original-Content von: Polizeidirektion Kiel, \u00fcbermittelt durch news aktuell<\/p>\n","protected":false},"excerpt":{"rendered":"24.08.2026 \u2013 10:36 Polizeidirektion Kiel Kiel (ots) Einsatzkr\u00e4fte setzten am Wochenende das Distanzelektroimpulsger\u00e4t (DEIG) gegen eine m\u00e4nnliche Person&hellip;\n","protected":false},"author":2,"featured_media":1184682,"comment_status":"","ping_status":"","sticky":false,"template":"","format":"standard","meta":{"footnotes":"","_share_on_mastodon":"0"},"categories":[1852],"tags":[3364,29,548,663,3934,30,13,4949,177,14,15,121,178,180,179,181,12,1971,17990],"class_list":["post-1257140","post","type-post","status-publish","format-standard","has-post-thumbnail","category-kiel","tag-de","tag-deutschland","tag-eu","tag-europa","tag-europe","tag-germany","tag-headlines","tag-kiel","tag-kriminalitt","tag-nachrichten","tag-news","tag-polizei","tag-presse","tag-pressemeldung","tag-pressemitteilung","tag-pressemitteilungen","tag-schlagzeilen","tag-schleswig-holstein","tag-sh"],"share_on_mastodon":{"url":"https:\/\/pubeurope.com\/@de\/117149726624408804","error":""},"_links":{"self":[{"href":"https:\/\/www.europesays.com\/de\/wp-json\/wp\/v2\/posts\/1257140","targetHints":{"allow":["GET"]}}],"collection":[{"href":"https:\/\/www.europesays.com\/de\/wp-json\/wp\/v2\/posts"}],"about":[{"href":"https:\/\/www.europesays.com\/de\/wp-json\/wp\/v2\/types\/post"}],"author":[{"embeddable":true,"href":"https:\/\/www.europesays.com\/de\/wp-json\/wp\/v2\/users\/2"}],"replies":[{"embeddable":true,"href":"https:\/\/www.europesays.com\/de\/wp-json\/wp\/v2\/comments?post=1257140"}],"version-history":[{"count":0,"href":"https:\/\/www.europesays.com\/de\/wp-json\/wp\/v2\/posts\/1257140\/revisions"}],"wp:featuredmedia":[{"embeddable":true,"href":"https:\/\/www.europesays.com\/de\/wp-json\/wp\/v2\/media\/1184682"}],"wp:attachment":[{"href":"https:\/\/www.europesays.com\/de\/wp-json\/wp\/v2\/media?parent=1257140"}],"wp:term":[{"taxonomy":"category","embeddable":true,"href":"https:\/\/www.europesays.com\/de\/wp-json\/wp\/v2\/categories?post=1257140"},{"taxonomy":"post_tag","embeddable":true,"href":"https:\/\/www.europesays.com\/de\/wp-json\/wp\/v2\/tags?post=1257140"}],"curies":[{"name":"wp","href":"https:\/\/api.w.org\/{rel}","templated":true}]}}