{"id":1257166,"date":"2026-08-24T09:29:55","date_gmt":"2026-08-24T09:29:55","guid":{"rendered":"https:\/\/www.europesays.com\/de\/1257166\/"},"modified":"2026-08-24T09:29:55","modified_gmt":"2026-08-24T09:29:55","slug":"fachkonferenz-bestand-neu-gestalten-wuppertal-institut-fuer-klima-umwelt-energie","status":"publish","type":"post","link":"https:\/\/www.europesays.com\/de\/1257166\/","title":{"rendered":"Fachkonferenz: Bestand neu gestalten! &#8211; Wuppertal Institut f\u00fcr Klima, Umwelt, Energie"},"content":{"rendered":"<p>Wie kann es gelingen, mehr bezahlbaren Wohnraum im st\u00e4dtischen Bestand zu schaffen? Welche politischen, planerischen und praktischen Ans\u00e4tze sind notwendig, um bestehende Geb\u00e4ude und Quartiere nachhaltig, qualit\u00e4tsvoll und trotzdem sozial ausgewogen weiterzuentwickeln? Rund 40 Expert*innen, darunter auch Anja Bierwirth, Leiterin des Forschungsbereichs Stadtwandel am Wuppertal Institut, haben sich im Rahmen der acatech-Arbeitsgruppe im Projekt &#8222;Bauen &amp; Wohnen: Plattform f\u00fcr Vernetzung, Synthese und Transfer&#8220; mit diesen Fragen besch\u00e4ftigt und konkrete Handlungsoptionen f\u00fcr Bund, L\u00e4nder und Kommunen erarbeitet. Diese werden Anfang September in zwei Publikationen der acatech Reihe IMPULS ver\u00f6ffentlicht.<\/p>\n<p>Auf der Fachkonferenz &#8222;Bestand neu gestalten! Perspektiven f\u00fcr bezahlbares Wohnen in der Stadt&#8220;, die am 1. Oktober 2026 in Berlin stattfindet, bringt acatech zu diesen Aspekten Expert*innen aus Wissenschaft, Wirtschaft, Politik und Praxis zusammen: mit Impulsen und Panels zu den Projektergebnissen, zu praxisnahen L\u00f6sungsans\u00e4tzen f\u00fcr effizientere Prozesse und Strategien, zu sozialen und technischen Themen sowie Beispielen aus der Praxis. Im Rahmen von drei Podiumsdiskussionen entsteht so Austausch zu konkreten Herausforderungen und Chancen mit den G\u00e4sten. Vertreter*innen des Bundesministeriums f\u00fcr Forschung, Technologie und Raumfahrt (BMFTR) und des Bundesministeriums f\u00fcr Wohnen, Stadtentwicklung und Bauwesen (BMWSB) tragen ebenfalls mit Gru\u00dfworten beziehungsweise Impulsen zur Fachkonferenz bei.\u00a0<\/p>\n<p>Ein weiterer Bestandteil der Veranstaltung ist ein Gallery Walk \u2013 hier stellen ausgew\u00e4hlte Projekte ihre Ans\u00e4tze f\u00fcr mehr Bezahlbarkeit vor. Er bietet die Gelegenheit, mit den Verantwortlichen ins Gespr\u00e4ch zu kommen, Erfahrungen auszutauschen und Impulse f\u00fcr die eigene Praxis mitzunehmen. Im Rahmen des Gallery Walk stellen Dr. Steven M\u00e4rz und Lynn Verheyen aus dem Forschungsbereich Stadtwandel am Wuppertal Institut das Projekt &#8222;Soziale Innovationen in Bauen, Wohnen, Stadtentwicklung&#8220; (SInBa) vor.<\/p>\n<p>Die Fachkonferenz richtet sich an Expert*innen aus Wissenschaft, Wirtschaft und Zivilgesellschaft sowie Vertreter*innen aus Politik und Verwaltung im Kontext Bauen und Wohnen. Die Teilnahme ist kostenfrei, die Zahl der Pl\u00e4tze ist jedoch begrenzt und eine vorherige Anmeldung im nachfolgenden Link daher notwendig.<\/p>\n","protected":false},"excerpt":{"rendered":"Wie kann es gelingen, mehr bezahlbaren Wohnraum im st\u00e4dtischen Bestand zu schaffen? Welche politischen, planerischen und praktischen Ans\u00e4tze&hellip;\n","protected":false},"author":2,"featured_media":329526,"comment_status":"","ping_status":"","sticky":false,"template":"","format":"standard","meta":{"footnotes":"","_share_on_mastodon":"0"},"categories":[1840],"tags":[3364,29,1149,4781,19165,30,1563,19164,4507,1209,19166,19162,19160,19163,19161,383,601,4418,19159],"class_list":["post-1257166","post","type-post","status-publish","format-standard","has-post-thumbnail","category-wuppertal","tag-de","tag-deutschland","tag-energie","tag-energieeffizienz","tag-ernst-ulrich-von-weizsaecker","tag-germany","tag-klima","tag-manfred-fischedick","tag-nachhaltigkeit","tag-nordrhein-westfalen","tag-peter-hennicke","tag-ressourceneffizienz","tag-stoffstroeme","tag-sustainability","tag-transition-forschung","tag-umwelt","tag-verkehr","tag-wuppertal","tag-wuppertal-institut"],"share_on_mastodon":{"url":"https:\/\/pubeurope.com\/@de\/117149789852383748","error":""},"_links":{"self":[{"href":"https:\/\/www.europesays.com\/de\/wp-json\/wp\/v2\/posts\/1257166","targetHints":{"allow":["GET"]}}],"collection":[{"href":"https:\/\/www.europesays.com\/de\/wp-json\/wp\/v2\/posts"}],"about":[{"href":"https:\/\/www.europesays.com\/de\/wp-json\/wp\/v2\/types\/post"}],"author":[{"embeddable":true,"href":"https:\/\/www.europesays.com\/de\/wp-json\/wp\/v2\/users\/2"}],"replies":[{"embeddable":true,"href":"https:\/\/www.europesays.com\/de\/wp-json\/wp\/v2\/comments?post=1257166"}],"version-history":[{"count":0,"href":"https:\/\/www.europesays.com\/de\/wp-json\/wp\/v2\/posts\/1257166\/revisions"}],"wp:featuredmedia":[{"embeddable":true,"href":"https:\/\/www.europesays.com\/de\/wp-json\/wp\/v2\/media\/329526"}],"wp:attachment":[{"href":"https:\/\/www.europesays.com\/de\/wp-json\/wp\/v2\/media?parent=1257166"}],"wp:term":[{"taxonomy":"category","embeddable":true,"href":"https:\/\/www.europesays.com\/de\/wp-json\/wp\/v2\/categories?post=1257166"},{"taxonomy":"post_tag","embeddable":true,"href":"https:\/\/www.europesays.com\/de\/wp-json\/wp\/v2\/tags?post=1257166"}],"curies":[{"name":"wp","href":"https:\/\/api.w.org\/{rel}","templated":true}]}}