{"id":1257172,"date":"2026-08-24T09:35:17","date_gmt":"2026-08-24T09:35:17","guid":{"rendered":"https:\/\/www.europesays.com\/de\/1257172\/"},"modified":"2026-08-24T09:35:17","modified_gmt":"2026-08-24T09:35:17","slug":"krieg-in-der-ukraine-selenskyj-ruft-zu-weiterem-widerstand-gegen-russland-auf","status":"publish","type":"post","link":"https:\/\/www.europesays.com\/de\/1257172\/","title":{"rendered":"Krieg in der Ukraine: Selenskyj ruft zu weiterem Widerstand gegen Russland auf"},"content":{"rendered":"<p class=\"paragraph article__item\">Der ukrainische Pr\u00e4sident <a href=\"https:\/\/www.zeit.de\/thema\/wolodymyr-selenskyj\" target=\"_blank\" rel=\"nofollow noopener\">Wolodymyr Selenskyj<\/a> hat in seiner Rede an die Nation zum 35. Jahrestag der ukrainischen Unabh\u00e4ngigkeit zum weiteren Widerstand gegen Russland aufgerufen. Russland m\u00fcsse durch die Einheit der internationalen Gemeinschaft zum Einlenken gezwungen werden, sagte er <a href=\"https:\/\/t.me\/V_Zelenskiy_official\/20539\" target=\"_blank\" rel=\"nofollow\">in einem 20-min\u00fctigen Video<\/a>. \u00bbDie <a class=\"rtr-entity\" href=\"https:\/\/www.zeit.de\/politik\/ausland\/ukraine-krieg-news-liveblog\" rel=\"nofollow noopener\" target=\"_blank\">Ukraine<\/a> wird das schaffen.\u00ab\n<\/p>\n<p class=\"paragraph article__item\">Bei seinen Pl\u00e4nen f\u00fcr die Ukraine habe sich der russische Pr\u00e4sident Wladimir\u00a0<a href=\"https:\/\/www.zeit.de\/thema\/wladimir-putin\" target=\"_blank\" rel=\"nofollow noopener\">Putin<\/a> grundlegend geirrt, sagte Selenskyj. Putin und die russische Gesellschaft h\u00e4tten untersch\u00e4tzt, wie entschlossen die Ukrainerinnen und Ukrainer f\u00fcr ihre Unabh\u00e4ngigkeit k\u00e4mpften. Putin habe Russland gro\u00df machen wollen, heute gebe es <a href=\"https:\/\/www.zeit.de\/politik\/ausland\/2026-08\/drohnenangriff-wildberries-ukraine-russland-onlinehaendler\/\" target=\"_blank\" rel=\"nofollow noopener\">lange Schlangen an Tankstellen<\/a>. Russische Soldaten w\u00fcrden von der ukrainischen Armee auf dem Schlachtfeld \u00bbzu D\u00fcnger\u00ab gemacht, sagte Selenskyj.\n<\/p>\n<p class=\"paragraph article__item\">Zugleich r\u00e4umte der Pr\u00e4sident ein, dass die Lage \u00bbf\u00fcr uns alle wirklich sehr, sehr schwer\u00ab sei. Die von Russland geforderte Abtretung des Gebiets Donezk lehnte er erneut ab. Niemand glaube, dass damit der Krieg beendet w\u00e4re, sagte Selenskyj. \u00bbWir vertrauen ihnen nicht.\u00ab Die Ukraine sei ein anderer Staat geworden und verschenke nichts. Das Land sei \u00bbkein Opfer, sondern ein K\u00e4mpfer\u00ab.\n<\/p>\n<p class=\"paragraph article__item\">Daneben hob Selenskyj die Entwicklung der ukrainischen R\u00fcstungsindustrie und Angriffe auf Ziele im russischen Hinterland hervor. Die Ukraine m\u00fcsse ihr Milit\u00e4r weiter st\u00e4rken und ihre Verteidigung aufrechterhalten, sagte er.\n<\/p>\n<p>            Selenskyj appelliert an China            <\/p>\n<p class=\"paragraph article__item\">An die F\u00fchrung in China appellierte Selenskyj, nicht l\u00e4nger zu schweigen. China m\u00fcsse seinen F\u00fchrungsanspruch auch dadurch untermauern, \u00bbindem es deutlich macht, dass kein Diktator den Planeten mit seinen veralteten Sprengk\u00f6pfen bedrohen darf\u00ab. Den USA unter Pr\u00e4sident Donald Trump bescheinigte Selenskyj, ihre Illusionen \u00fcber Russland verloren zu haben. Er forderte erneut h\u00e4rtere Sanktionen.<\/p>\n<p class=\"paragraph article__item\">Unterdessen sicherte Bundeskanzler Friedrich Merz (CDU) der <a href=\"https:\/\/www.zeit.de\/thema\/krieg-in-ukraine\" target=\"_blank\" rel=\"nofollow noopener\">Ukraine<\/a> anl\u00e4sslich des <a href=\"https:\/\/www.zeit.de\/politik\/2026-08\/unabhaengigkeitstag-ukraine-krieg-russland-beschuss-nachrichtenpodcast\" target=\"_blank\" rel=\"nofollow noopener\">Unabh\u00e4ngigkeitstages<\/a> die weitere Unterst\u00fctzung Deutschlands zu. \u00bbWir stehen fest an der Seite der Ukraine\u00ab, sagte Merz in <a href=\"https:\/\/x.com\/bundeskanzler\/status\/2091785127734948012\" target=\"_blank\" rel=\"nofollow\">einem auf X ver\u00f6ffentlichten Video<\/a>. Die<br \/>\nUkrainerinnen und Ukrainer verteidigten seit Jahren \u00bbmit beeindruckendem<br \/>\n Mut\u00ab die Unabh\u00e4ngigkeit ihres Landes gegen den russischen<br \/>\nAngriffskrieg.\n<\/p>\n<p>            EU-Kommission gibt weitere Gelder aus Darlehen frei            <\/p>\n<p class=\"paragraph article__item\">Zuvor hatte die <a class=\"rtr-entity\" href=\"https:\/\/www.zeit.de\/thema\/europaeische-union\" rel=\"nofollow noopener\" target=\"_blank\">EU<\/a> weitere 6,1 Milliarden Euro aus ihrem 90-Milliarden-Euro-Darlehen freigegeben. Die Mittel sind nach Angaben der EU-Kommission f\u00fcr Luftabwehrsysteme, Lenkwaffen, Munition und Radaranlagen vorgesehen. Ein Gro\u00dfteil der Beschaffungen soll bei R\u00fcstungsunternehmen aus der EU erfolgen.\n<\/p>\n<p>                            \u00a9\u00a0Lea Dohle<\/p>\n<p>\n                                        Newsletter<br \/>\n                                        Was jetzt? \u2013 Der t\u00e4gliche Morgen\u00fcberblick<\/p>\n<p class=\"newsletter-signup__text\">Starten Sie mit unserem kurzen Nachrichten-Newsletter in den Tag. Erhalten Sie zudem freitags das digitale Magazin ZEIT am Wochenende.<\/p>\n<p class=\"newsletter-signup__datapolicy\" hidden=\"\">\n            Mit Ihrer Registrierung nehmen Sie die <a href=\"https:\/\/datenschutz.zeit.de\/zon#Newsletter\" target=\"_blank\" rel=\"nofollow noopener\">Datenschutzerkl\u00e4rung<\/a> zur Kenntnis.\n        <\/p>\n<p>    Vielen Dank! Wir haben Ihnen eine E-Mail geschickt.<\/p>\n<p>Pr\u00fcfen Sie Ihr Postfach und best\u00e4tigen Sie das Newsletter-Abonnement.<\/p>\n<p class=\"paragraph article__item\">Die Kommission begr\u00fcndete die Genehmigung mit einer Versch\u00e4rfung der russischen Angriffe mit ballistischen Raketen und Drohnen. Die EU-Kommission teilte mit, dass allein im Juli 376 Raketenangriffe registriert worden seien. Zum Unabh\u00e4ngigkeitstag zeige Europa seine Unterst\u00fctzung \u00bbunersch\u00fctterlich und konkret\u00ab, sagte Kommissionspr\u00e4sidentin <a href=\"https:\/\/www.zeit.de\/thema\/ursula-von-der-leyen\" target=\"_blank\" rel=\"nofollow noopener\">Ursula von der Leyen<\/a>.\n<\/p>\n<p>                An dieser Stelle ist ein externer Inhalt eingebunden<\/p>\n<p>Zum Anschauen ben\u00f6tigen wir Ihre Zustimmung<\/p>\n<p>\n                Weiter\n            <\/p>\n<p class=\"paragraph article__item\">Die Hilfen sind Teil eines Unterst\u00fctzungsdarlehens im Umfang von bis zu 90 Milliarden Euro. Nach Angaben der EU-Kommission wird es in mehreren Tranchen ausgezahlt. Zuvor hatte die EU-Kommission Beschaffungspl\u00e4ne im Umfang von rund 16 Milliarden Euro genehmigt. Davon wurden nach Angaben der Kommission bereits 8,35 Milliarden Euro ausgezahlt.\n<\/p>\n<p>            Koalition der Willigen ber\u00e4t in Kyjiw            <\/p>\n<p class=\"paragraph article__item\">Am Unabh\u00e4ngigkeitstag beraten Merz und weitere Staats- und Regierungschefs der sogenannten Koalition der Willigen \u00fcber die weitere milit\u00e4rische Unterst\u00fctzung. An dem Treffen in Kyjiw nehmen nach Angaben eines EU-Vertreters gegen\u00fcber der Nachrichtenagentur AFP etwa zehn Personen teil, darunter EU-Ratspr\u00e4sident Ant\u00f3nio Costa und der neue britische Premierminister Andy Burnham. Merz und weitere Teilnehmer sollen per Video zugeschaltet werden.\n<\/p>\n<p class=\"paragraph article__item\">Mit dem Nationalfeiertag am 24. August erinnert die Ukraine an ihre Unabh\u00e4ngigkeitserkl\u00e4rung vom 24. August 1991.\n<\/p>\n<p class=\"paragraph article__item\">\u00dcber alle Entwicklungen zum Krieg in der Ukraine informieren wir Sie <a href=\"https:\/\/www.zeit.de\/politik\/ausland\/ukraine-krieg-news-liveblog\" target=\"_blank\" rel=\"nofollow noopener\">in unserem Liveblog<\/a>.\n<\/p>\n<p>Mehr zum Thema<\/p>\n<p>                <a href=\"https:\/\/www.zeit.de\/politik\/ausland\/2026-07\/regierungskrise-ukraine-wolodymyr-selenskyj-olexandr-syrskyj-armeechef-krieg\" data-ct-label=\"Regierungskrise in der Ukraine: Selenskyj wollte den Befreiungsschlag. Nun steckt er im Dilemma\" data-uuid=\"3e8a426a-c66d-4b02-b0a3-10381220afea\" rel=\"nofollow noopener\" target=\"_blank\"><\/p>\n<p>        Z+ (abopflichtiger Inhalt);<\/p>\n<p>    Regierungskrise in der Ukraine:<br \/>\n                        Selenskyj wollte den Befreiungsschlag. Nun steckt er im Dilemma<\/p>\n<p>                <\/a><\/p>\n<p>                <a href=\"https:\/\/www.zeit.de\/politik\/ausland\/2026-07\/ruecktritt-mychailo-fedorow-ukrainischer-verteidigungsminister-regierungsumbau\" data-ct-label=\"Absetzung von Mychajlo Fedorow: Er verabschiedet sich nicht. Er k\u00e4mpft. \" data-uuid=\"bd291e72-ec7a-406f-9aa5-be7c7014217e\" rel=\"nofollow noopener\" target=\"_blank\"><\/p>\n<p>        Z+ (abopflichtiger Inhalt);<\/p>\n<p>    Absetzung von Mychajlo Fedorow:<br \/>\n                        Er verabschiedet sich nicht. Er k\u00e4mpft. <\/p>\n<p>                <\/a><\/p>\n<p>                <a href=\"https:\/\/www.zeit.de\/politik\/ausland\/2026-07\/ukraine-lage-wolodymyr-selenskyj-mychajlo-fedorow-proteste-woche\" data-ct-label=\"Lage in der Ukraine: Er verlernt, was er am besten konnte\" data-uuid=\"99c78fc0-1820-4acc-9127-1fa43ff8978e\" rel=\"nofollow noopener\" target=\"_blank\"><\/p>\n<p>                        Lage in der Ukraine:<br \/>\n                        Er verlernt, was er am besten konnte<\/p>\n<p>                <\/a><\/p>\n","protected":false},"excerpt":{"rendered":"Der ukrainische Pr\u00e4sident Wolodymyr Selenskyj hat in seiner Rede an die Nation zum 35. Jahrestag der ukrainischen Unabh\u00e4ngigkeit&hellip;\n","protected":false},"author":2,"featured_media":1257173,"comment_status":"","ping_status":"","sticky":false,"template":"","format":"standard","meta":{"footnotes":"","_share_on_mastodon":"0"},"categories":[4013],"tags":[331,332,38856,158,666,13,1435,14,15,16,4043,4044,850,307,12],"class_list":["post-1257172","post","type-post","status-publish","format-standard","has-post-thumbnail","category-russland","tag-aktuelle-nachrichten","tag-aktuelle-news","tag-darlehen","tag-europaeische-union","tag-geld","tag-headlines","tag-krieg-in-der-ukraine","tag-nachrichten","tag-news","tag-politik","tag-russia","tag-russian-federation","tag-russische-foederation","tag-russland","tag-schlagzeilen"],"share_on_mastodon":{"url":"https:\/\/pubeurope.com\/@de\/117149809128463251","error":""},"_links":{"self":[{"href":"https:\/\/www.europesays.com\/de\/wp-json\/wp\/v2\/posts\/1257172","targetHints":{"allow":["GET"]}}],"collection":[{"href":"https:\/\/www.europesays.com\/de\/wp-json\/wp\/v2\/posts"}],"about":[{"href":"https:\/\/www.europesays.com\/de\/wp-json\/wp\/v2\/types\/post"}],"author":[{"embeddable":true,"href":"https:\/\/www.europesays.com\/de\/wp-json\/wp\/v2\/users\/2"}],"replies":[{"embeddable":true,"href":"https:\/\/www.europesays.com\/de\/wp-json\/wp\/v2\/comments?post=1257172"}],"version-history":[{"count":0,"href":"https:\/\/www.europesays.com\/de\/wp-json\/wp\/v2\/posts\/1257172\/revisions"}],"wp:featuredmedia":[{"embeddable":true,"href":"https:\/\/www.europesays.com\/de\/wp-json\/wp\/v2\/media\/1257173"}],"wp:attachment":[{"href":"https:\/\/www.europesays.com\/de\/wp-json\/wp\/v2\/media?parent=1257172"}],"wp:term":[{"taxonomy":"category","embeddable":true,"href":"https:\/\/www.europesays.com\/de\/wp-json\/wp\/v2\/categories?post=1257172"},{"taxonomy":"post_tag","embeddable":true,"href":"https:\/\/www.europesays.com\/de\/wp-json\/wp\/v2\/tags?post=1257172"}],"curies":[{"name":"wp","href":"https:\/\/api.w.org\/{rel}","templated":true}]}}