{"id":1257232,"date":"2026-08-24T10:15:21","date_gmt":"2026-08-24T10:15:21","guid":{"rendered":"https:\/\/www.europesays.com\/de\/1257232\/"},"modified":"2026-08-24T10:15:21","modified_gmt":"2026-08-24T10:15:21","slug":"noah-atubolu-freiburgs-trainer-sieht-ihn-bei-eintracht-frankfurt","status":"publish","type":"post","link":"https:\/\/www.europesays.com\/de\/1257232\/","title":{"rendered":"Noah Atubolu: Freiburgs Trainer sieht ihn bei Eintracht Frankfurt"},"content":{"rendered":"<p>Eintracht-Wunschl\u00f6sung <\/p>\n<p>Kommt Atubolu zur SGE? Trainer \u00e4u\u00dfert sich<\/p>\n<p>24.08.2026 &#8211; 12:08 UhrLesedauer: 1 Min.<\/p>\n<p><a href=\"#focus-0\" class=\"transition-colors block text-current relative\" data-sctrack=\"FocusGalleryImage.Reference\"><img fetchpriority=\"high\" data-testid=\"Opener.Image\"   loading=\"eager\" src=\"https:\/\/www.europesays.com\/de\/wp-content\/uploads\/2026\/08\/will-den-sc-freiburg-verlassen-noah-atubolu-archivbild.jpg\" alt=\"Noah Atubolu\" title=\"Noah Atubolu\" width=\"2048\" height=\"1152\" class=\"bg-[url:var(--lqipURL)] bg-cover bg-center flex h-full w-full max-w-full\" style=\"--lqipURL:url('https:\/\/images.t-online.de\/2026\/08\/9uMoXuF0zOI0\/0x107:2048x1152\/fit-in\/150x0\/filters:blur(25)\/will-den-sc-freiburg-verlassen-noah-atubolu-archivbild.jpg')\" decoding=\"async\"\/><img loading=\"lazy\" src=\"https:\/\/frankfurt.t-online.de\/s\/paper\/_next\/static\/media\/zoom-in.f7dae02f.svg\" alt=\"Vergr\u00f6\u00dfern des Bildes\" title=\"Vergr\u00f6\u00dfern des Bildes\" class=\"block h-[calc(var(--height)_\/_16_*_1rem)] w-[calc(var(--width)_\/_16_*_1rem)] max-w-none absolute right-8 bottom-8 rounded-4 bg-snow p-8\" style=\"--width:32;--height:32\" decoding=\"async\"\/><\/a><\/p>\n<p>Noah Atubolu k\u00f6nnte das Torwartproblem bei Eintracht Frankfurt l\u00f6sen (Archivbild): Er will schon l\u00e4nger den SC Freiburg verlassen. (Quelle: Silas Stein\/dpa\/dpa-bilder)<\/p>\n<p><img loading=\"lazy\" src=\"https:\/\/frankfurt.t-online.de\/s\/paper\/_next\/static\/media\/audio-volume.6689034c.svg\" alt=\"\" title=\"\" class=\"block h-[calc(var(--height)_\/_16_*_1rem)] w-[calc(var(--width)_\/_16_*_1rem)] max-w-none group-hover:brightness-0 group-hover:invert\" style=\"--width:16;--height:16\" decoding=\"async\"\/>Vorlesen<\/p>\n<p>Aktuelle Zeit:0:00Gesamtdauer:0:00<\/p>\n<p>1x<img loading=\"lazy\" src=\"https:\/\/frankfurt.t-online.de\/s\/paper\/_next\/static\/media\/font-sizes.32942e33.svg\" alt=\"\" title=\"\" class=\"block h-[calc(var(--height)_\/_16_*_1rem)] w-[calc(var(--width)_\/_16_*_1rem)] max-w-none group-hover:hidden group-aria-expanded:hidden\" style=\"--width:16;--height:16\" decoding=\"async\"\/><img loading=\"lazy\" src=\"https:\/\/frankfurt.t-online.de\/s\/paper\/_next\/static\/media\/font-sizes-dark-mode.e382645c.svg\" alt=\"\" title=\"\" class=\"block h-[calc(var(--height)_\/_16_*_1rem)] w-[calc(var(--width)_\/_16_*_1rem)] max-w-none hidden group-hover:block group-aria-expanded:block\" style=\"--width:16;--height:16\" decoding=\"async\"\/><img loading=\"lazy\" src=\"https:\/\/frankfurt.t-online.de\/s\/paper\/_next\/static\/media\/sharing-menu-icon.1eb71368.svg\" alt=\"\" title=\"\" class=\"block h-[calc(var(--height)_\/_16_*_1rem)] w-[calc(var(--width)_\/_16_*_1rem)] max-w-none group-hover:brightness-0 group-hover:invert\" style=\"--width:16;--height:16\" decoding=\"async\"\/>Artikel teilen<\/p>\n<p class=\"font-bold text-18 leading-17 user-text-lg:text-22 user-text-xl:text-24\">Noah Atubolu wollte Freiburg im Sommer verlassen \u2013 bei Eintracht Frankfurt gilt er als Wunschl\u00f6sung. Sein Trainer \u00e4u\u00dfert sich nun zur Situation des Keepers.<\/p>\n<p class=\"text-18 leading-17 user-text-lg:text-22 user-text-xl:text-24\">SC Freiburgs Trainer Julian Schuster sieht <a href=\"https:\/\/www.t-online.de\/themen\/eintracht-frankfurt\/\" class=\"transition-colors cursor-pointer no-underline md:hover:text-magenta md:focus:text-magenta border-b border-solid border-current text-salemsfur md:hover:border-magenta\" data-tracking=\"{&quot;action&quot;:&quot;click&quot;,&quot;category&quot;:&quot;intextLink&quot;,&quot;label&quot;:&quot;https:\/\/www.t-online.de\/themen\/eintracht-frankfurt\/&quot;}\" data-sctrack=\"BodyAnchor\" rel=\"nofollow noopener\" target=\"_blank\">Eintracht Frankfurt<\/a> als m\u00f6gliche n\u00e4chste Station f\u00fcr Torh\u00fcter Noah Atubolu. Schuster \u00e4u\u00dferte sich nach dem 5:1-Sieg seiner Mannschaft in der ersten DFB-Pokalrunde bei Fortuna D\u00fcsseldorf zu dem 24-J\u00e4hrigen, wie die Deutsche Presse-Agentur berichtet.<\/p>\n<p class=\"text-18 leading-17 user-text-lg:text-22 user-text-xl:text-24\">&#8222;Frankfurt ist nat\u00fcrlich ein sehr, sehr gro\u00dfer Verein in Deutschland. Von daher kann das eine M\u00f6glichkeit sein, dann eben auch da zwischen den Pfosten zu stehen&#8220;, sagte Schuster \u00fcber den fr\u00fcheren Juniorennationaltorwart. Bei den Hessen <a href=\"https:\/\/frankfurt.t-online.de\/region\/frankfurt-am-main\/id_101395952\/eintracht-frankfurt-will-noah-atubolu-gespraeche-mit-torwart.html\" class=\"transition-colors cursor-pointer no-underline md:hover:text-magenta md:focus:text-magenta border-b border-solid border-current text-salemsfur md:hover:border-magenta\" data-tracking=\"{&quot;action&quot;:&quot;click&quot;,&quot;category&quot;:&quot;intextLink&quot;,&quot;label&quot;:&quot;\/region\/frankfurt-am-main\/id_101395952\/eintracht-frankfurt-will-noah-atubolu-gespraeche-mit-torwart.html&quot;}\" data-sctrack=\"BodyAnchor\" rel=\"nofollow noopener\" target=\"_blank\">soll Atubolu als Wunschl\u00f6sung gelten.<\/a><\/p>\n<p>Atubolu vor Freiburg-Abgang<\/p>\n<p class=\"text-18 leading-17 user-text-lg:text-22 user-text-xl:text-24\">Der Keeper war in den vergangenen drei Spielzeiten die Nummer eins beim SC Freiburg. Im Sommer wollte er den Verein verlassen, vorzugsweise in Richtung Premier League. Ein Wechsel kam jedoch nicht zustande. Freiburg hat mit Mio Backhaus von Werder Bremen bereits einen Nachfolger verpflichtet und plant sportlich nicht mehr mit Atubolu.<\/p>\n<p class=\"text-18 leading-17 user-text-lg:text-22 user-text-xl:text-24\">Schuster betonte dennoch, dass der Verein seiner Pflicht nachkomme: &#8222;Wir sind immer wieder im Austausch und integrieren ihn immer wieder auch bei uns dann entsprechend ins Training. Das ist unsere Aufgabe, unsere Pflicht, dann eben auch, wenn jemand unter Vertrag steht und das tut er.&#8220; Weiter sagte der Trainer: &#8222;Wir gucken, dass wir ihn auch entsprechend belasten und trainieren und dass er da auch auf einem guten Level ist.&#8220;<\/p>\n","protected":false},"excerpt":{"rendered":"Eintracht-Wunschl\u00f6sung Kommt Atubolu zur SGE? Trainer \u00e4u\u00dfert sich 24.08.2026 &#8211; 12:08 UhrLesedauer: 1 Min. Noah Atubolu k\u00f6nnte das&hellip;\n","protected":false},"author":2,"featured_media":1257233,"comment_status":"","ping_status":"","sticky":false,"template":"","format":"standard","meta":{"footnotes":"","_share_on_mastodon":"0"},"categories":[1829],"tags":[722,17161,2520,29,481,460,3132,2050,2051,295,30,2052,45028,65891,298,259994,259993],"class_list":["post-1257232","post","type-post","status-publish","format-standard","has-post-thumbnail","category-frankfurt-am-main","tag-722","tag-17161","tag-deutsche-presse-agentur","tag-deutschland","tag-dfb","tag-eintracht-frankfurt","tag-fortuna-duesseldorf","tag-frankfurt","tag-frankfurt-am-main","tag-freiburg","tag-germany","tag-hessen","tag-julian-schuster","tag-noah-atubolu","tag-sc-freiburg","tag-torwartproblem","tag-wunschloesung"],"share_on_mastodon":{"url":"https:\/\/pubeurope.com\/@de\/117149969712300519","error":""},"_links":{"self":[{"href":"https:\/\/www.europesays.com\/de\/wp-json\/wp\/v2\/posts\/1257232","targetHints":{"allow":["GET"]}}],"collection":[{"href":"https:\/\/www.europesays.com\/de\/wp-json\/wp\/v2\/posts"}],"about":[{"href":"https:\/\/www.europesays.com\/de\/wp-json\/wp\/v2\/types\/post"}],"author":[{"embeddable":true,"href":"https:\/\/www.europesays.com\/de\/wp-json\/wp\/v2\/users\/2"}],"replies":[{"embeddable":true,"href":"https:\/\/www.europesays.com\/de\/wp-json\/wp\/v2\/comments?post=1257232"}],"version-history":[{"count":0,"href":"https:\/\/www.europesays.com\/de\/wp-json\/wp\/v2\/posts\/1257232\/revisions"}],"wp:featuredmedia":[{"embeddable":true,"href":"https:\/\/www.europesays.com\/de\/wp-json\/wp\/v2\/media\/1257233"}],"wp:attachment":[{"href":"https:\/\/www.europesays.com\/de\/wp-json\/wp\/v2\/media?parent=1257232"}],"wp:term":[{"taxonomy":"category","embeddable":true,"href":"https:\/\/www.europesays.com\/de\/wp-json\/wp\/v2\/categories?post=1257232"},{"taxonomy":"post_tag","embeddable":true,"href":"https:\/\/www.europesays.com\/de\/wp-json\/wp\/v2\/tags?post=1257232"}],"curies":[{"name":"wp","href":"https:\/\/api.w.org\/{rel}","templated":true}]}}