{"id":1257279,"date":"2026-08-24T10:42:20","date_gmt":"2026-08-24T10:42:20","guid":{"rendered":"https:\/\/www.europesays.com\/de\/1257279\/"},"modified":"2026-08-24T10:42:20","modified_gmt":"2026-08-24T10:42:20","slug":"cdu-politiker-radtke-verteidigt-sich-und-macht-online-shopping-und-azubi-flaute-fuers-stadtbild-verantwortlich","status":"publish","type":"post","link":"https:\/\/www.europesays.com\/de\/1257279\/","title":{"rendered":"CDU: Politiker Radtke verteidigt sich \u2013 und macht Online-Shopping und Azubi-Flaute f\u00fcrs Stadtbild verantwortlich"},"content":{"rendered":"<p>CDA-Chef Dennis Radtke meldet sich nach Kritik mit einem Video aus seiner Heimat Wattenscheid. Schuld am Sterben deutscher Metzgereien sei nicht die Migration, sondern die Unbeliebtheit des Berufs. Zahlen der Branche belegen aber einen anderen Trend: weg vom Schweinefleisch.<\/p>\n<p class=\"is-first-paragraph\" data-external=\"Article.FirstParagraph\">Er beginnt sein Video mit einem l\u00e4ssigen \u201eGl\u00fcck auf aus Wattenscheid\u201c: Der CDU-Europaabgeordnete Dennis Radtke hat in einem Beitrag auf X seine Aussagen in der ZDF-Sendung \u201eMarkus Lanz\u201c zur Migration verteidigt und Kritikern vorgeworfen, nicht differenziert genug zu urteilen.<\/p>\n<p>Radtke ist auch Vorsitzender des CDU-Sozialfl\u00fcgels CDA. Er hatte <a class=\"is-link c-block-items__link c-link--rich-text-renderer\" href=\"https:\/\/www.welt.de\/politik\/deutschland\/article6a87fdd31c4720d416546909\/markus-lanz-nach-der-aussage-des-cdu-politikers-spricht-der-moderator-von-totaler-selbstaufgabe.html\" data-internal-tracking-enabled=\"true\" data-internal-tracking=\"{&quot;action&quot;:&quot;click&quot;,&quot;label&quot;:&quot;link&quot;,&quot;name&quot;:&quot;Inline Element&quot;,&quot;data&quot;:{&quot;source&quot;:&quot;&quot;,&quot;target&quot;:&quot;https:\/\/www.welt.de\/politik\/deutschland\/article6a87fdd31c4720d416546909\/markus-lanz-nach-der-aussage-des-cdu-politikers-spricht-der-moderator-von-totaler-selbstaufgabe.html&quot;,&quot;trackingName&quot;:&quot;&quot;,&quot;trackingLabel&quot;:&quot;&quot;}}\" rel=\"nofollow noopener\" target=\"_blank\">in der Sendung am Donnerstag erkl\u00e4rt<\/a>, dass Deutschland nie wieder wie fr\u00fcher aussehen werde, auch wenn jeder illegale Migrant abgeschoben werde. Es gebe Entwicklungen, die unumkehrbar seien. Als Beispiel nannte er seine Heimatstadt Wattenscheid, in der es kein Kino mehr gebe und auch keinen deutschen Metzger mehr in der Fu\u00dfg\u00e4ngerzone \u2013 daf\u00fcr aber eine Halal-Fleischerei.<\/p>\n<p>In dem am Sonntag ver\u00f6ffentlichten Video geht Radtke durch die Innenstadt von Wattenscheid\u00a0\u2013 seit 1975 ein Stadtteil von Bochum \u2013\u00a0und \u00e4u\u00dfert sich zu diesen Aussagen. Probleme mit illegaler Migration wolle er nicht verneinen oder bestreiten, sagt Radtke. Als Europaabgeordneter habe er <a class=\"is-link c-block-items__link c-link--rich-text-renderer\" href=\"https:\/\/www.welt.de\/politik\/deutschland\/article697b4f6cfa531953d5214ba9\/geas-reform-in-den-neuen-asylzentren-kann-die-bewegungsfreiheit-der-migranten-massiv-eingeschraenkt-werden.html\" data-internal-tracking-enabled=\"true\" data-internal-tracking=\"{&quot;action&quot;:&quot;click&quot;,&quot;label&quot;:&quot;link&quot;,&quot;name&quot;:&quot;Inline Element&quot;,&quot;data&quot;:{&quot;source&quot;:&quot;&quot;,&quot;target&quot;:&quot;https:\/\/www.welt.de\/politik\/deutschland\/article697b4f6cfa531953d5214ba9\/geas-reform-in-den-neuen-asylzentren-kann-die-bewegungsfreiheit-der-migranten-massiv-eingeschraenkt-werden.html&quot;,&quot;trackingName&quot;:&quot;&quot;,&quot;trackingLabel&quot;:&quot;&quot;}}\" rel=\"nofollow noopener\" target=\"_blank\">dem neuen Asylsystem GEAS<\/a> zugestimmt, mit dem Ziel, die Zahl der Asylbewerber zu reduzieren und die Au\u00dfengrenzen besser zu sch\u00fctzen.<\/p>\n<p>\u201eMir war wichtig und mir ist wichtig, darauf hinzuweisen, dass nicht jedes Problem, jede Herausforderung in unserer Gesellschaft oder im Stadtbild mit illegaler Migration unmittelbar zu tun hat. Sondern dass die Gr\u00fcnde unter anderem f\u00fcr Leerstand vielf\u00e4ltig sind\u201c, sagt Radtke dann und zeigt auf ein leer stehendes Ladengesch\u00e4ft hinter ihm.<\/p>\n<p>Dann f\u00fchrt der CDU-Politiker Gr\u00fcnde an, die nach seinem Verst\u00e4ndnis entscheidender seien als die Migration: Schuld am Leerstand sei auch das eigene Konsumverhalten. \u201eWenn wir nat\u00fcrlich mehr und mehr im Internet bestellen, d\u00fcrfen wir uns auch nicht wundern, dass inhabergef\u00fchrter Einzelhandel aus unseren Innenst\u00e4dten schlicht und ergreifend verschwindet\u201c, sagt er.<\/p>\n<p>Dass es keinen deutschen Metzger mehr in der Fu\u00dfg\u00e4ngerzone gebe, liege daran, dass immer weniger junge Menschen bereit seien, diesen Beruf zu ergreifen. \u201eDann d\u00fcrfen wir uns auch nicht wundern, wenn keiner mehr diese Ausbildung macht, dass dann nach und nach auch deutsche Metzgereien aus unseren St\u00e4dten verschwinden\u201c, sagte Radtke.<\/p>\n<p>Fleischerhandwerk sieht Auswirkungen der Migration auf Fleischkonsum<\/p>\n<p>Tats\u00e4chlich ist die Zahl der Auszubildenden im Fleischerhandwerk seit dem Jahr 2000 von \u00fcber 9500 Azubis auf 2434 im letzten vorliegenden Berichtsjahr 2024 drastisch eingebrochen, auch wenn es zuletzt zum ersten Mal wieder ein leichtes Vorjahresplus gab. Wesentlicher Grund ist nach Angaben des Deutschen Fleischer-Verbandes die Anwerbung von <a class=\"is-link c-block-items__link c-link--rich-text-renderer\" href=\"https:\/\/www.welt.de\/wirtschaft\/article256041290\/Metzger-Aussterbendes-Handwerk-Die-ploetzliche-Hoffnung-fuer-die-deutschen-Fleischer.html\" data-internal-tracking-enabled=\"true\" data-internal-tracking=\"{&quot;action&quot;:&quot;click&quot;,&quot;label&quot;:&quot;link&quot;,&quot;name&quot;:&quot;Inline Element&quot;,&quot;data&quot;:{&quot;source&quot;:&quot;&quot;,&quot;target&quot;:&quot;https:\/\/www.welt.de\/wirtschaft\/article256041290\/Metzger-Aussterbendes-Handwerk-Die-ploetzliche-Hoffnung-fuer-die-deutschen-Fleischer.html&quot;,&quot;trackingName&quot;:&quot;&quot;,&quot;trackingLabel&quot;:&quot;&quot;}}\" rel=\"nofollow noopener\" target=\"_blank\">jungen Menschen aus dem Ausland, etwa Vietnam und Indien<\/a>. Auch die Zahl der Betriebe halbierte sich nahezu, von knapp 19.000 auf 9872 im Jahr 2024. Gr\u00fcnde seien der Mangel an Nachfolgern, der Trend zu gr\u00f6\u00dferen Betrieben und eine \u00fcberbordende B\u00fcrokratie.<\/p>\n<p>Was Radtke nicht erw\u00e4hnt, ist, wie sich der Fleischkonsum durch die Migration ab 2015 ver\u00e4ndert hat. Der Pro-Kopf-Verzehr ist in Deutschland 2024 laut <a class=\"is-link c-block-items__link is-external c-link--rich-text-renderer\" href=\"https:\/\/www.fleischerhandwerk.de\/fileadmin\/fleischerhandwerk\/03_Presse\/DFV_Jahrbuch_2025_mit_Beileger.pdf\" target=\"_blank\" title=\"Link wird in einem neuen Tab ge\u00f6ffnet\" rel=\"nofollow noopener\" data-internal-tracking-enabled=\"true\" data-internal-tracking=\"{&quot;action&quot;:&quot;click&quot;,&quot;label&quot;:&quot;link&quot;,&quot;name&quot;:&quot;Inline Element&quot;,&quot;data&quot;:{&quot;source&quot;:&quot;&quot;,&quot;target&quot;:&quot;https:\/\/www.fleischerhandwerk.de\/fileadmin\/fleischerhandwerk\/03_Presse\/DFV_Jahrbuch_2025_mit_Beileger.pdf&quot;,&quot;trackingName&quot;:&quot;&quot;,&quot;trackingLabel&quot;:&quot;&quot;}}\">DFV-Jahrbuch 2025<\/a> zwar wieder leicht gestiegen, insgesamt jedoch r\u00fcckl\u00e4ufig. Grund sei der demografische Wandel.<\/p>\n<p>\u201eDer Anteil \u00e4lterer Menschen, die mit fortschreitendem Alter weniger Lebensmittel zu sich nehmen, nimmt zu, ebenso wie der Anteil der Bev\u00f6lkerung, der aus religi\u00f6sen Gr\u00fcnden auf Schweinefleisch verzichtet und den Verzicht auch nicht durch einen h\u00f6heren Konsum anderer Fleischarten kompensiert\u201c, hei\u00dft es in dem Jahrbuch. Und auch: \u201eDas einwanderungsbedingte Bev\u00f6lkerungswachstum der Vorjahre hatte kaum positive Auswirkungen auf den Schweinefleischkonsum.\u201c<\/p>\n<p>Radtke h\u00e4lt es f\u00fcr nicht notwendig, die Zeit zur\u00fcckzudrehen<\/p>\n<p>Radtke geht gegen Ende seines Rundgangs durch Wattenscheid zum Angriff auf die AfD \u00fcber. <a class=\"is-link c-block-items__link c-link--rich-text-renderer\" href=\"https:\/\/www.welt.de\/politik\/deutschland\/article6a8afc14dbc9c8326aba3aa9\/afd-weidel-beleidigt-regierungspolitiker-als-flachzangen-und-bekennt-sich-zum-euro-austritt.html\" data-internal-tracking-enabled=\"true\" data-internal-tracking=\"{&quot;action&quot;:&quot;click&quot;,&quot;label&quot;:&quot;link&quot;,&quot;name&quot;:&quot;Inline Element&quot;,&quot;data&quot;:{&quot;source&quot;:&quot;&quot;,&quot;target&quot;:&quot;https:\/\/www.welt.de\/politik\/deutschland\/article6a8afc14dbc9c8326aba3aa9\/afd-weidel-beleidigt-regierungspolitiker-als-flachzangen-und-bekennt-sich-zum-euro-austritt.html&quot;,&quot;trackingName&quot;:&quot;&quot;,&quot;trackingLabel&quot;:&quot;&quot;}}\" rel=\"nofollow noopener\" target=\"_blank\">AfD-Co-Chefin Alice Weidel<\/a> hatte die urspr\u00fcnglichen Aussagen des CDU-Manns als \u201eKapitulationserkl\u00e4rung\u201c bezeichnet. \u201eWenn die AfD nun verspricht, mit ihnen w\u00fcrde es auf einmal \u00fcberall wieder Metzger und Kinos geben, dann ist das nat\u00fcrlich genauso dummes Zeug\u201c, sagte Radtke. \u201eWie die Behauptung, wie die Illusion, man k\u00f6nne die Zeit einfach zur\u00fcckdrehen. Es geht nicht. Aber es ist auch gar nicht notwendig.\u201c<\/p>\n<p>Jede Zeit habe ihre Herausforderungen. Jetzt gehe es darum, den Blick nach vorn zu richten. \u201eIch verstehe, dass es den Menschen manchmal nicht schnell genug geht\u201c, sagte Radtke. Aber in Nordrhein-Westfalen sehe man Fortschritte, die den Kommunen Spielr\u00e4ume er\u00f6ffneten, Innenst\u00e4dte \u201elebens- und liebenswert\u201c zu gestalten. Konkret nannte Radtke den Kampf gegen Clan-Kriminalit\u00e4t, Schrottimmobilien und Regelungen zu Altschulden von Kommunen.<\/p>\n<p>\u201eIch dr\u00fccke mich nicht davor, Probleme klar zu benennen, und ich dr\u00fccke mich auch nicht davor, Probleme anzupacken. Ganz im Gegenteil\u201c, sagt der CDU\u2011Politiker. \u201eAber ich weigere mich, alle Probleme, alle Menschen in einen Pott zu werfen. Wer das tut, der macht am Ende Stimmung, aber der hat kein Interesse an Probleml\u00f6sung. Wer wirklich Probleme l\u00f6sen will, der muss auch Differenzierungen in den Debatten zulassen.\u201c<\/p>\n","protected":false},"excerpt":{"rendered":"CDA-Chef Dennis Radtke meldet sich nach Kritik mit einem Video aus seiner Heimat Wattenscheid. Schuld am Sterben deutscher&hellip;\n","protected":false},"author":2,"featured_media":1255849,"comment_status":"","ping_status":"","sticky":false,"template":"","format":"standard","meta":{"footnotes":"","_share_on_mastodon":"0"},"categories":[2],"tags":[53233,50537,29,259763,30,13,48612,14,15,110,209512,3856,12,45,10,8,9,11],"class_list":["post-1257279","post","type-post","status-publish","format-standard","has-post-thumbnail","category-deutschland","tag-abschiebungen-ks","tag-dennis","tag-deutschland","tag-fleischerhandwerk-ks","tag-germany","tag-headlines","tag-migration-ks","tag-nachrichten","tag-news","tag-newsteam","tag-radtke","tag-ruhrgebiet","tag-schlagzeilen","tag-texttospeech","tag-top-news","tag-top-meldungen","tag-topmeldungen","tag-topnews"],"share_on_mastodon":{"url":"https:\/\/pubeurope.com\/@de\/117150072858428491","error":""},"_links":{"self":[{"href":"https:\/\/www.europesays.com\/de\/wp-json\/wp\/v2\/posts\/1257279","targetHints":{"allow":["GET"]}}],"collection":[{"href":"https:\/\/www.europesays.com\/de\/wp-json\/wp\/v2\/posts"}],"about":[{"href":"https:\/\/www.europesays.com\/de\/wp-json\/wp\/v2\/types\/post"}],"author":[{"embeddable":true,"href":"https:\/\/www.europesays.com\/de\/wp-json\/wp\/v2\/users\/2"}],"replies":[{"embeddable":true,"href":"https:\/\/www.europesays.com\/de\/wp-json\/wp\/v2\/comments?post=1257279"}],"version-history":[{"count":0,"href":"https:\/\/www.europesays.com\/de\/wp-json\/wp\/v2\/posts\/1257279\/revisions"}],"wp:featuredmedia":[{"embeddable":true,"href":"https:\/\/www.europesays.com\/de\/wp-json\/wp\/v2\/media\/1255849"}],"wp:attachment":[{"href":"https:\/\/www.europesays.com\/de\/wp-json\/wp\/v2\/media?parent=1257279"}],"wp:term":[{"taxonomy":"category","embeddable":true,"href":"https:\/\/www.europesays.com\/de\/wp-json\/wp\/v2\/categories?post=1257279"},{"taxonomy":"post_tag","embeddable":true,"href":"https:\/\/www.europesays.com\/de\/wp-json\/wp\/v2\/tags?post=1257279"}],"curies":[{"name":"wp","href":"https:\/\/api.w.org\/{rel}","templated":true}]}}