{"id":1257283,"date":"2026-08-24T10:45:44","date_gmt":"2026-08-24T10:45:44","guid":{"rendered":"https:\/\/www.europesays.com\/de\/1257283\/"},"modified":"2026-08-24T10:45:44","modified_gmt":"2026-08-24T10:45:44","slug":"bau-einer-neuen-kindertageseinrichtung-in-simmerath-rollesbroich","status":"publish","type":"post","link":"https:\/\/www.europesays.com\/de\/1257283\/","title":{"rendered":"Bau einer neuen Kindertageseinrichtung in Simmerath-Rollesbroich"},"content":{"rendered":"<p class=\"wp-block-paragraph\">St\u00e4dteRegion Aachen. In Simmerath-Rollesbroich gibt es zuk\u00fcnftig noch mehr Platz f\u00fcr Entwicklung: Die St\u00e4dteRegion Aachen errichtet eine neue dreigruppige Kindertageseinrichtung. Kinder im Alter ab einem Jahr k\u00f6nnen die Kita zuk\u00fcnftig bis zum Schuleintritt besuchen. Um \u00fcber das Projekt zu informieren, l\u00e4dt das Amt f\u00fcr Kinder, Jugend und Familie der St\u00e4dteRegion Aachen gemeinsam mit dem st\u00e4dteregionalen Immobilienmanagement am 9. September zu einer Infoveranstaltung ein.<\/p>\n<p class=\"wp-block-paragraph\">Interessierte haben ab 17:30 Uhr die Gelegenheit beim Katholischen Pfarrheim Rollesbroich (D\u00fcrener Stra\u00dfe 50, Simmerath) vorbeizukommen und sich \u00fcber die Bedarfsplanung, p\u00e4dagogische Rahmenbedingungen, die bauliche Umsetzung und Ausstattung zu informieren. Vertreterinnen und Vertreter der St\u00e4dteRegion Aachen, der Gemeinde Simmerath sowie der ausf\u00fchrenden Firma laden vor Ort zu einem Austausch in entspannter Atmosph\u00e4re ein.\u00a0<\/p>\n","protected":false},"excerpt":{"rendered":"St\u00e4dteRegion Aachen. In Simmerath-Rollesbroich gibt es zuk\u00fcnftig noch mehr Platz f\u00fcr Entwicklung: Die St\u00e4dteRegion Aachen errichtet eine neue&hellip;\n","protected":false},"author":2,"featured_media":1257284,"comment_status":"","ping_status":"","sticky":false,"template":"","format":"standard","meta":{"footnotes":"","_share_on_mastodon":"0"},"categories":[1853],"tags":[1424,3364,29,548,663,3934,30,13,14,2190,227162,15,1209,12,259998,1458,26848],"class_list":["post-1257283","post","type-post","status-publish","format-standard","has-post-thumbnail","category-aachen","tag-aachen","tag-de","tag-deutschland","tag-eu","tag-europa","tag-europe","tag-germany","tag-headlines","tag-nachrichten","tag-neubau","tag-neue-kita","tag-news","tag-nordrhein-westfalen","tag-schlagzeilen","tag-simmerath-rollesbroich","tag-soziales","tag-staedteregion-aachen"],"share_on_mastodon":{"url":"https:\/\/pubeurope.com\/@de\/117150084234893468","error":""},"_links":{"self":[{"href":"https:\/\/www.europesays.com\/de\/wp-json\/wp\/v2\/posts\/1257283","targetHints":{"allow":["GET"]}}],"collection":[{"href":"https:\/\/www.europesays.com\/de\/wp-json\/wp\/v2\/posts"}],"about":[{"href":"https:\/\/www.europesays.com\/de\/wp-json\/wp\/v2\/types\/post"}],"author":[{"embeddable":true,"href":"https:\/\/www.europesays.com\/de\/wp-json\/wp\/v2\/users\/2"}],"replies":[{"embeddable":true,"href":"https:\/\/www.europesays.com\/de\/wp-json\/wp\/v2\/comments?post=1257283"}],"version-history":[{"count":0,"href":"https:\/\/www.europesays.com\/de\/wp-json\/wp\/v2\/posts\/1257283\/revisions"}],"wp:featuredmedia":[{"embeddable":true,"href":"https:\/\/www.europesays.com\/de\/wp-json\/wp\/v2\/media\/1257284"}],"wp:attachment":[{"href":"https:\/\/www.europesays.com\/de\/wp-json\/wp\/v2\/media?parent=1257283"}],"wp:term":[{"taxonomy":"category","embeddable":true,"href":"https:\/\/www.europesays.com\/de\/wp-json\/wp\/v2\/categories?post=1257283"},{"taxonomy":"post_tag","embeddable":true,"href":"https:\/\/www.europesays.com\/de\/wp-json\/wp\/v2\/tags?post=1257283"}],"curies":[{"name":"wp","href":"https:\/\/api.w.org\/{rel}","templated":true}]}}