{"id":1257302,"date":"2026-08-24T10:57:22","date_gmt":"2026-08-24T10:57:22","guid":{"rendered":"https:\/\/www.europesays.com\/de\/1257302\/"},"modified":"2026-08-24T10:57:22","modified_gmt":"2026-08-24T10:57:22","slug":"einbruch-daxlanden-taeter-pluendern-haus-und-entkommen-mit-bargeld","status":"publish","type":"post","link":"https:\/\/www.europesays.com\/de\/1257302\/","title":{"rendered":"Einbruch Daxlanden: T\u00e4ter pl\u00fcndern Haus und entkommen mit Bargeld"},"content":{"rendered":"<p class=\"mb-6 text-xs-varying md:text-m lg:text-l font-serif group-[.font-sans]:font-sans \">\n    Zwischen <strong class=\"font-bold\">Donnerstag, 20. August 2026, und Sonntag, 23. August 2026<\/strong>, drangen unbekannte T\u00e4ter in ein Wohnhaus in der August-Kutterer-Stra\u00dfe im Karlsruher Stadtteil Daxlanden ein. Laut Polizeibericht nutzten die Einbrecher die Abwesenheit der Bewohner aus.\n  <\/p>\n<p>            Einbruch in der August-Kutterer-Stra\u00dfe in Daxlanden<\/p>\n<p class=\"mb-6 text-xs-varying md:text-m lg:text-l font-serif group-[.font-sans]:font-sans \">\n    Die T\u00e4ter verschafften sich gewaltsam \u00fcber eine Balkont\u00fcr Zutritt in das Geb\u00e4ude. Anschlie\u00dfend durchsuchten sie mehrere R\u00e4ume des Hauses. Aus einer Geldkassette entwendeten sie <strong class=\"font-bold\">Bargeld in H\u00f6he von mehreren hundert Euro<\/strong>.\n  <\/p>\n<p>            Polizei sucht Zeugen<\/p>\n<p class=\"mb-6 text-xs-varying md:text-m lg:text-l font-serif group-[.font-sans]:font-sans \">\n    Die Kriminalpolizei <a href=\"https:\/\/www.ka-news.de\/karlsruhe\" target=\"_self\" class=\"underline \" rel=\"nofollow noopener\">Karlsruhe<\/a> hat die Ermittlungen aufgenommen und bittet Personen, die im genannten Zeitraum verd\u00e4chtige Wahrnehmungen in der August-Kutterer-Stra\u00dfe gemacht haben, sich unter der Rufnummer <a href=\"https:\/\/www.ka-news.de\/karlsruhe\/blaulicht\/tel:07216665555\" rel=\"nofollow noopener\" target=\"_blank\" class=\"underline \">0721\/666-5555<\/a> zu melden.\n  <\/p>\n<p class=\"mb-6 text-xs-varying md:text-m lg:text-l font-serif group-[.font-sans]:font-sans \">\n    Quelle: Polizei<a href=\"https:\/\/www.presseportal.de\/blaulicht\/pm\/110972\/6338620\" rel=\"nofollow noopener\" target=\"_blank\" class=\"underline \">pr\u00e4sidium Karlsruhe. Hinwei<\/a>s: Diese Meldung wurde unterst\u00fctzt von KI erstellt.\n  <\/p>\n<p>    Dieser Inhalt wird uns zur Verf\u00fcgung gestellt<\/p>\n<p class=\"mb-6 text-xs-varying md:text-m lg:text-l font-serif group-[.font-sans]:font-sans \">\n    Ob Verein, Schule, Kindergarten oder eine andere tolle Initiative aus Karlsruhe und Umgebung \u2013 dieser Beitrag wurde \u00fcber unser Einsendeportal eingereicht. Hier bekommen alle eine B\u00fchne, die etwas zu erz\u00e4hlen haben.\n  <\/p>\n<p class=\"mb-6 text-xs-varying md:text-m lg:text-l font-serif group-[.font-sans]:font-sans \">\n    Texte und Bilder stammen direkt von den Einsenderinnen und Einsendern. Unsere Redaktion pr\u00fcft, was ver\u00f6ffentlicht werden kann. Wir achten zwar auf Fehler, ver\u00e4ndern die Texte aber sonst nur in Ausnahmef\u00e4llen.\n  <\/p>\n<p class=\"mb-6 text-xs-varying md:text-m lg:text-l font-serif group-[.font-sans]:font-sans \">\n    Auch Sie haben etwas Spannendes, Bewegendes oder einfach Sch\u00f6nes zu berichten? Dann machen Sie mit und laden Sie Ihren Beitrag unter <strong class=\"font-bold\"><a href=\"https:\/\/www.ka-news.de\/einsendeportal\" rel=\"nofollow noopener\" target=\"_blank\" class=\"underline \">www.ka-news.de\/einsendeportal<\/a><\/strong> hoch. Wir freuen uns auf Ihre Neuigkeiten!\n  <\/p>\n","protected":false},"excerpt":{"rendered":"Zwischen Donnerstag, 20. August 2026, und Sonntag, 23. August 2026, drangen unbekannte T\u00e4ter in ein Wohnhaus in der&hellip;\n","protected":false},"author":2,"featured_media":805161,"comment_status":"","ping_status":"","sticky":false,"template":"","format":"standard","meta":{"footnotes":"","_share_on_mastodon":"0"},"categories":[1844],"tags":[260002,1634,138723,3364,29,7599,30,8903,983,1256,121],"class_list":["post-1257302","post","type-post","status-publish","format-standard","has-post-thumbnail","category-karlsruhe","tag-august-kutterer-strasse","tag-baden-wuerttemberg","tag-daxlanden","tag-de","tag-deutschland","tag-einfamilienhaus","tag-germany","tag-karlsruhe","tag-kripo","tag-kuenstliche-intelligenz","tag-polizei"],"share_on_mastodon":{"url":"https:\/\/pubeurope.com\/@de\/117150131236044270","error":""},"_links":{"self":[{"href":"https:\/\/www.europesays.com\/de\/wp-json\/wp\/v2\/posts\/1257302","targetHints":{"allow":["GET"]}}],"collection":[{"href":"https:\/\/www.europesays.com\/de\/wp-json\/wp\/v2\/posts"}],"about":[{"href":"https:\/\/www.europesays.com\/de\/wp-json\/wp\/v2\/types\/post"}],"author":[{"embeddable":true,"href":"https:\/\/www.europesays.com\/de\/wp-json\/wp\/v2\/users\/2"}],"replies":[{"embeddable":true,"href":"https:\/\/www.europesays.com\/de\/wp-json\/wp\/v2\/comments?post=1257302"}],"version-history":[{"count":0,"href":"https:\/\/www.europesays.com\/de\/wp-json\/wp\/v2\/posts\/1257302\/revisions"}],"wp:featuredmedia":[{"embeddable":true,"href":"https:\/\/www.europesays.com\/de\/wp-json\/wp\/v2\/media\/805161"}],"wp:attachment":[{"href":"https:\/\/www.europesays.com\/de\/wp-json\/wp\/v2\/media?parent=1257302"}],"wp:term":[{"taxonomy":"category","embeddable":true,"href":"https:\/\/www.europesays.com\/de\/wp-json\/wp\/v2\/categories?post=1257302"},{"taxonomy":"post_tag","embeddable":true,"href":"https:\/\/www.europesays.com\/de\/wp-json\/wp\/v2\/tags?post=1257302"}],"curies":[{"name":"wp","href":"https:\/\/api.w.org\/{rel}","templated":true}]}}