{"id":1257305,"date":"2026-08-24T10:59:43","date_gmt":"2026-08-24T10:59:43","guid":{"rendered":"https:\/\/www.europesays.com\/de\/1257305\/"},"modified":"2026-08-24T10:59:43","modified_gmt":"2026-08-24T10:59:43","slug":"service-de-c-1995-2026-ruhr-concept-kg-das-presseportal-fuer-die-erfolgreiche-pressearbeit-von-staedten-kreisen-verbaenden-verlagen-parteien-unternehmen-medienbueros-hotelketten-etc-73","status":"publish","type":"post","link":"https:\/\/www.europesays.com\/de\/1257305\/","title":{"rendered":"service.de &#8211; (c) 1995-2026 ruhr-concept KG, das Presseportal f\u00fcr die erfolgreiche Pressearbeit von St\u00e4dten, Kreisen, Verb\u00e4nden, Verlagen, Parteien, Unternehmen, Medienb\u00fcros, Hotelketten etc."},"content":{"rendered":"<p>            &#13;<br \/>\n                Alle Meldungen:<\/p>\n<p>  &#13;<br \/>\n24.08.2026 &#8211; <a href=\"https:\/\/www.presse-service.de\/public\/Default.aspx?p=133\" rel=\"nofollow noopener\" target=\"_blank\">Stadt Flensburg<\/a>&#13;<\/p>\n<p>  &#13;<br \/>\nDie Schafe kommen wieder ins Naturschutzgebiet&#13;<br \/>\nNaturschutzgebiet Twedter Feld 2026&#13;<\/p>\n<p class=\"ins_r\">&#13;<br \/>\n      <img decoding=\"async\" class=\"news_list_single_image\" src=\"https:\/\/www.europesays.com\/de\/wp-content\/uploads\/2025\/05\/1747304535_876_logo.gif\" alt=\"\u00a9 \"\/>&#13;<br \/>\nAb voraussichtlich Montag, den 31. August werden die \u00f6kologisch hochwertigen Offenlandfl\u00e4chen im Westen des Flensburger Naturschutzgebietes Twedter Feld wieder durch die Wanderschafherde der Sch\u00e4ferei Obere Treenelandschaft beweidet.&#13;<br \/>\nDie Beweidung findet nun schon im 16. Jahr statt und wird durch das Land Schleswig-Holstein beauftragt.&#13;<br \/>\nZur Pflege und Erhaltung der Trocken-, Magerrasen- und Heidebest\u00e4nde mit vielen Rote-Liste-Arten wird eine Herde aus ca. 600 Schafen (Heidschnucken) und Ziegen eingesetzt. Ziel ist es, die gef\u00e4hrdeten, licht-&#8230;&#13;\n  <\/p>\n<p> &#13;<br \/>\n      <a href=\"https:\/\/www.presse-service.de\/public\/Single.aspx?iid=1224956\" rel=\"nofollow noopener\" target=\"_blank\">mehr lesen&#8230;<\/a>  <\/p>\n<p>  &#13;<br \/>\n24.08.2026 &#8211; <a href=\"https:\/\/www.presse-service.de\/public\/Default.aspx?p=377\" rel=\"nofollow noopener\" target=\"_blank\">Stadt Lippstadt<\/a>&#13;<\/p>\n<p>  &#13;<br \/>\nKleine Runde durch Bad Waldliesborn mit Kaffeezeit &#13;<br \/>\nEin gem\u00fctlicher Rundgang mit Geschichten und Genuss am 4. September&#13;<\/p>\n<p class=\"ins_r\">&#13;<br \/>\n      <img decoding=\"async\" class=\"news_list_single_image\" src=\"https:\/\/www.europesays.com\/de\/wp-content\/uploads\/2026\/08\/309701V.jpg\" alt=\"\u00a9 (C) KWL Kultur und Werbung Lippstadt GmbH \"\/>&#13;<br \/>\nWie ist aus dem einstigen Waldliesborn das heutige Heilbad Bad Waldliesborn geworden?&#13;<br \/>\nDie kompakte, rund 90-min\u00fctige F\u00fchrung startet am Haus des Gastes und f\u00fchrt auf einem kurzen Spaziergang durch den Ortskern \u2013 vorbei an ausgew\u00e4hlten Stationen, die spannende Einblicke in die Entwicklung des traditionsreichen Kurorts geben. Unterwegs laden Sitzgelegenheiten zum Verweilen ein, sodass auch G\u00e4ste mit eingeschr\u00e4nkter Mobilit\u00e4t gut teilnehmen k\u00f6nnen.&#13;<br \/>\nDer zweite Teil der F\u00fchrung findet in &#8222;Walibos Gute Stube&#8220; statt \u2013 dem liebevoll eingerichteten&#8230;&#13;\n  <\/p>\n<p> &#13;<br \/>\n      <a href=\"https:\/\/www.presse-service.de\/public\/Single.aspx?iid=1224358\" rel=\"nofollow noopener\" target=\"_blank\">mehr lesen&#8230;<\/a>  <\/p>\n<p>  &#13;<br \/>\n24.08.2026 &#8211; <a href=\"https:\/\/www.presse-service.de\/public\/Default.aspx?p=377\" rel=\"nofollow noopener\" target=\"_blank\">Stadt Lippstadt<\/a>&#13;<\/p>\n<p>  &#13;<br \/>\nMit dem Oldtimerbus zum Hof Pl\u00fcmpe auf Gut Holsen&#13;<br \/>\n\u00d6ffentliche Ausflugsfahrt am 13. September&#13;<\/p>\n<p class=\"ins_r\">&#13;<br \/>\n      <img decoding=\"async\" class=\"news_list_single_image\" src=\"https:\/\/www.europesays.com\/de\/wp-content\/uploads\/2026\/07\/316663V.jpeg\" alt=\"\u00a9 \"\/>&#13;<br \/>\nEine besondere Auszeit erwartet Interessierte am Sonntag, 13. September 2026: Eine nostalgische Ausflugsfahrt im Oldtimerbus f\u00fchrt durch die l\u00e4ndliche Umgebung rund um Lippstadt zum Hof Pl\u00fcmpe auf Gut Holsen.&#13;<br \/>\nDie Fahrt startet um 14 Uhr am Haus des Gastes in Bad Waldliesborn. Im restaurierten Oldtimerbus geht es durch die reizvolle westf\u00e4lische Parklandschaft vorbei an Feldern und Wiesen. Bei gutem Wetter wird mit ge\u00f6ffnetem Verdeck gefahren und die Fahrt wird zu einem besonderen Erlebnis.&#13;<br \/>\nAm Ziel angekommen, werden die G\u00e4ste auf dem Hof&#8230;&#13;\n  <\/p>\n<p> &#13;<br \/>\n      <a href=\"https:\/\/www.presse-service.de\/public\/Single.aspx?iid=1224406\" rel=\"nofollow noopener\" target=\"_blank\">mehr lesen&#8230;<\/a>  <\/p>\n<p>  &#13;<br \/>\n24.08.2026 &#8211; <a href=\"https:\/\/www.presse-service.de\/public\/Default.aspx?p=1589\" rel=\"nofollow noopener\" target=\"_blank\">Stadt Dortmund<\/a>&#13;<\/p>\n<p>  &#13;<br \/>\nDie Kampstra\u00dfe bekommt einen neuen Abwasserkanal: Baustelle wandert vom Platz von Leeds bis zum Westfalenforum&#13;<\/p>\n<p class=\"ins_r\">&#13;<br \/>\n      <img decoding=\"async\" class=\"news_list_single_image\" src=\"https:\/\/www.europesays.com\/de\/wp-content\/uploads\/2025\/08\/logo_do_pink.png\" alt=\"\u00a9 \"\/>&#13;<br \/>\nDer Abwasserwasserkanal in der Kampstra\u00dfe hat mehr als 130 Jahre gute Dienste f\u00fcr die City geleistet. Doch jetzt hat das Kanalbauwerk das Ende seiner Lebensdauer erreicht. Damit das Abwasser auch in den n\u00e4chsten Jahrzehnten zuverl\u00e4ssig abtransportiert werden kann, ersetzt die Stadtentw\u00e4sserung ab September den Altkanal durch einen modernen, leistungsf\u00e4higen Nachfolger.&#13;\n  <\/p>\n<p> &#13;<br \/>\n      <a href=\"https:\/\/www.presse-service.de\/public\/Single.aspx?iid=1224840\" rel=\"nofollow noopener\" target=\"_blank\">mehr lesen&#8230;<\/a>  <\/p>\n<p>  &#13;<br \/>\n24.08.2026 &#8211; <a href=\"https:\/\/www.presse-service.de\/public\/Default.aspx?p=1586\" rel=\"nofollow noopener\" target=\"_blank\">Stadt Haltern am See<\/a>&#13;<\/p>\n<p>  &#13;<br \/>\nB\u00fcrgermeister stellt sich hinter das Krankenhaus im Einsatz f\u00fcr eine sichere Patientenversorgung&#13;<\/p>\n<p class=\"ins_r\">&#13;<br \/>\n      <img decoding=\"async\" class=\"news_list_single_image\" src=\"https:\/\/www.europesays.com\/de\/wp-content\/uploads\/2026\/08\/325426V.jpg\" alt=\"\u00a9 Stadt Haltern am See\"\/>&#13;<br \/>\nBesorgt reagiert Andreas Stegemann auf die Warnungen der Krankenhausleitungen vor den Auswirkungen des GKV-Beitragsstabilisierungsgesetzes. Der B\u00fcrgermeister unterst\u00fctzt den Appell der Krankenhaustr\u00e4ger und fordert Nachbesserungen. Die geplanten Einsparungen gef\u00e4hrden nach Einsch\u00e4tzung der Krankenhausleitungen wirtschaftliche Existenzen und damit die medizinische Versorgung vor Ort.&#13;\n  <\/p>\n<p> &#13;<br \/>\n      <a href=\"https:\/\/www.presse-service.de\/public\/Single.aspx?iid=1224899\" rel=\"nofollow noopener\" target=\"_blank\">mehr lesen&#8230;<\/a>  <\/p>\n<p>  &#13;<br \/>\n24.08.2026 &#8211; <a href=\"https:\/\/www.presse-service.de\/public\/Default.aspx?p=473\" rel=\"nofollow noopener\" target=\"_blank\">Kreis Borken<\/a>&#13;<\/p>\n<p>  &#13;<br \/>\nGemeinsame Pressemitteilung der Kreispolizeibeh\u00f6rde Borken und des Kreises Borken: Verkehrsfachleute im Kreis Borken empfehlen \u201eSchulwegtraining\u201c&#13;<br \/>\nEltern sollten mit den angehenden Erstkl\u00e4sslern vorab den Schulweg \u00fcben \/ Aktion \u201eKreis Borken sieht gelb!\u201c zum Schulbeginn&#13;<\/p>\n<p class=\"ins_r\">&#13;<br \/>\n      <img decoding=\"async\" class=\"news_list_single_image\" src=\"https:\/\/www.europesays.com\/de\/wp-content\/uploads\/2026\/08\/325448V.jpg\" alt=\"\u00a9 \"\/>&#13;<br \/>\nEs sind zwar noch einige Tage, bis die Sommerferien zu Ende gehen, allerdings fiebern sicherlich viele &#8222;i-D\u00f6tzchen&#8220; bereits ihrem ersten Schultag entgegen. Verbunden mit diesem neuen Lebensabschnitt haben sich die Kinder dann auch den Herausforderungen des Stra\u00dfenverkehrs zu stellen. Der Kreis Borken sowie die Kreispolizeibeh\u00f6rde und die Kreisverkehrswacht Borken empfehlen den Eltern daher, die Schulanf\u00e4ngerinnen und -anf\u00e4nger sorgf\u00e4ltig darauf vorzubereiten. Richtiges Verhalten im Stra\u00dfenverkehr m\u00fcssen Kinder erst erlernen. Was f\u00fcr Erwachsene&#8230;&#13;\n  <\/p>\n<p> &#13;<br \/>\n      <a href=\"https:\/\/www.presse-service.de\/public\/Single.aspx?iid=1224947\" rel=\"nofollow noopener\" target=\"_blank\">mehr lesen&#8230;<\/a>  <\/p>\n<p>  &#13;<br \/>\n24.08.2026 &#8211; <a href=\"https:\/\/www.presse-service.de\/public\/Default.aspx?p=377\" rel=\"nofollow noopener\" target=\"_blank\">Stadt Lippstadt<\/a>&#13;<\/p>\n<p>  &#13;<br \/>\n100 Jahre Herbstwoche zum Vernaschen:&#13;<br \/>\nJubil\u00e4umspralinen aus Lippstadt&#13;<\/p>\n<p class=\"ins_r\">&#13;<br \/>\n      <img decoding=\"async\" class=\"news_list_single_image\" src=\"https:\/\/www.europesays.com\/de\/wp-content\/uploads\/2026\/08\/325449V.jpg\" alt=\"\u00a9 \"\/>&#13;<br \/>\nWenn zwei Lippst\u00e4dter Traditionen zusammenkommen, darf es auch mal s\u00fc\u00df werden: Zum Jubil\u00e4um &#8222;100 Jahre Herbstwoche&#8220; hat die KWL gemeinsam mit dem Lippst\u00e4dter Familienunternehmen PETERS Pralinen eine limitierte Herbstwochen-Edition entwickelt.&#13;<br \/>\nDamit trifft ein echtes Lippst\u00e4dter Traditionsfest auf Confiserie-Handwerk aus der eigenen Stadt: PETERS fertigt bereits seit 1936 Pralinen und Schokoladenspezialit\u00e4ten in Lippstadt. Nach dem Herbstwochen-Bier und dem Jubil\u00e4umswein bekommt das Jubil\u00e4um damit nun auch seine schokoladige Seite.&#13;<br \/>\nDrei&#8230;&#13;\n  <\/p>\n<p> &#13;<br \/>\n      <a href=\"https:\/\/www.presse-service.de\/public\/Single.aspx?iid=1224949\" rel=\"nofollow noopener\" target=\"_blank\">mehr lesen&#8230;<\/a>  <\/p>\n<p>  &#13;<br \/>\n24.08.2026 &#8211; <a href=\"https:\/\/www.presse-service.de\/public\/Default.aspx?p=405\" rel=\"nofollow noopener\" target=\"_blank\">Landkreis Leer<\/a>&#13;<\/p>\n<p>  &#13;<br \/>\nJugendhilfeausschuss: Donnerstag, 27.08. um 17 Uhr&#13;<\/p>\n<p class=\"ins_r\">&#13;<br \/>\n      <img decoding=\"async\" class=\"news_list_single_image\" src=\"https:\/\/www.europesays.com\/de\/wp-content\/uploads\/2025\/04\/1744984470_905_logo.png\" alt=\"\u00a9 \"\/>&#13;<br \/>\nDer Jugendhilfeausschuss tagt am Donnerstag, 27. August 2026 um 17 Uhr im Cityhaus (H\u00f6rsaal 002), B\u00fcrgermeister-Ehrlenholtz-Stra\u00dfe 15, 26789 Leer. Au\u00dfer den Regularien und der Einwohnerfragestunde sind im \u00f6ffentlichen Teil der Sitzung folgende Tagesordnungspunkte vorgesehen:&#13;<br \/>\n&#13;<br \/>\nGew\u00e4hrung der Bezuschussung von investiven Ma\u00dfnahmen&#13;<br \/>\nNeufassung der &#8222;Satzung f\u00fcr das Jugendamt des Landkreises Leer&#8220;&#13;<br \/>\nT\u00e4tigkeitsbericht der Verfahrenslotsin in der Kinder- und Jugendhilfe nach \u00a7 10b SGB VIII&#13;<br \/>\nInvestitionskostenzusch\u00fcsse im Rahmen der bis zum 31.07.2022&#8230;&#13;\n  <\/p>\n<p> &#13;<br \/>\n      <a href=\"https:\/\/www.presse-service.de\/public\/Single.aspx?iid=1224950\" rel=\"nofollow noopener\" target=\"_blank\">mehr lesen&#8230;<\/a>  <\/p>\n<p>  &#13;<br \/>\n24.08.2026 &#8211; <a href=\"https:\/\/www.presse-service.de\/public\/Default.aspx?p=532\" rel=\"nofollow noopener\" target=\"_blank\">Stadt Arnsberg<\/a>&#13;<\/p>\n<p>  &#13;<br \/>\nSauerlandRundfahrt am 6. September: Tempor\u00e4re Stra\u00dfensperrungen im Arnsberger Stadtgebiet&#13;<br \/>\nVerkehrsbehinderungen entlang der Rennstrecke \u2013 Anwohnende werden um Verst\u00e4ndnis und fr\u00fchzeitige Planung gebeten&#13;<\/p>\n<p class=\"ins_r\">&#13;<br \/>\n      <img decoding=\"async\" class=\"news_list_single_image\" src=\"https:\/\/www.europesays.com\/de\/wp-content\/uploads\/2026\/08\/325455V.jpeg\" alt=\"\u00a9 \"\/>&#13;<br \/>\nAm Sonntag, 6. September 2026, f\u00fchrt die 4. Etappe der SauerlandRundfahrt von Arnsberg in Richtung Winterberg und weiter zum Kahlen Asten. Der Start der Etappe erfolgt am Br\u00fcckenplatz in Arnsberg: Das Eliterennen startet um 9.30 Uhr, das Jedermannrennen folgt um 9.45 Uhr.&#13;<br \/>\n&#13;<br \/>\nF\u00fcr die Durchf\u00fchrung des Radrennens m\u00fcssen Stra\u00dfen entlang der Strecke im Arnsberger Stadtgebiet vor\u00fcbergehend f\u00fcr den \u00f6ffentlichen Verkehr gesperrt werden. Die Sperrungen sind erforderlich, um die Sicherheit der Rennfahrerinnen und Rennfahrer sowie der Zuschauerinnen und&#8230;&#13;\n  <\/p>\n<p> &#13;<br \/>\n      <a href=\"https:\/\/www.presse-service.de\/public\/Single.aspx?iid=1224967\" rel=\"nofollow noopener\" target=\"_blank\">mehr lesen&#8230;<\/a>  <\/p>\n<p>  &#13;<br \/>\n24.08.2026 &#8211; <a href=\"https:\/\/www.presse-service.de\/public\/Default.aspx?p=77\" rel=\"nofollow noopener\" target=\"_blank\">Stadt M\u00fcnster<\/a>&#13;<\/p>\n<p>  &#13;<br \/>\nStadtrundgang auf den Spuren historischer Adelsh\u00f6fe&#13;<br \/>\nWochenprogramm des Stadtmuseums M\u00fcnster&#13;<\/p>\n<p class=\"ins_r\">&#13;<br \/>\n      <img decoding=\"async\" class=\"news_list_single_image\" src=\"https:\/\/www.europesays.com\/de\/wp-content\/uploads\/2026\/08\/325461V.jpg\" alt=\"\u00a9 Stadtmuseum M\u00fcnster\"\/>&#13;<br \/>\nM\u00fcnster (SMS) Zwei \u00f6ffentliche Geschichtsf\u00fchrungen, ein Grafikkurs f\u00fcr Erwachsene und der kalte Sommer 1962 im Schaufenster Stadtgeschichte stehen auf dem Programm des Stadtmuseums M\u00fcnster in dieser Woche.&#13;<br \/>\n&#13;<br \/>\n\u00d6ffentliche F\u00fchrung zur m\u00fcnsterschen Stadtgeschichte ab 793&#13;<br \/>\nM\u00fcnster (SMS) Die F\u00fchrung &#8222;Stadtgeschichte ab 793&#8220; vermittelt am Samstag, 29. August, ab 16 Uhr einen \u00dcberblick \u00fcber historische Entwicklungen. Anhand von Stadtmodellen und Originalobjekten der Schausammlung des Stadtmuseums erfahren Interessierte wissenwerte Hintergr\u00fcnde,&#8230;&#13;\n  <\/p>\n<p> &#13;<br \/>\n      <a href=\"https:\/\/www.presse-service.de\/public\/Single.aspx?iid=1224969\" rel=\"nofollow noopener\" target=\"_blank\">mehr lesen&#8230;<\/a>  <\/p>\n<p>  &#13;<br \/>\n24.08.2026 &#8211; <a href=\"https:\/\/www.presse-service.de\/public\/Default.aspx?p=1568\" rel=\"nofollow noopener\" target=\"_blank\">Stadt Osnabr\u00fcck<\/a>&#13;<\/p>\n<p>  &#13;<br \/>\nSmartphone-Sprechstunde: Stadtbibliothek Osnabr\u00fcck hilft bei Problemen mit dem eigenen Ger\u00e4t&#13;<\/p>\n<p class=\"ins_r\">&#13;<br \/>\n      <img decoding=\"async\" class=\"news_list_single_image\" src=\"https:\/\/www.europesays.com\/de\/wp-content\/uploads\/2025\/04\/logo_osna.jpg\" alt=\"\u00a9 \"\/>&#13;<br \/>\nDie Stadtbibliothek am Markt, Markt 1, bietet am Dienstag, 1. September sowie am Dienstag, den 15. September jeweils von 10.30 bis 12 Uhr bei der Smartphone-Sprechstunde Hilfe bei Problemen mit dem eigenen Ger\u00e4t. Wie verschicke ich ein Foto? Wie nutze ich WhatsApp? Fachkundige Bibliotheksmitarbeitende stehen bereit, um diese und \u00e4hnliche Fragen verst\u00e4ndlich zu beantworten. In 15-min\u00fctigen Einzelgespr\u00e4chen werden die Probleme der Teilnehmenden gezielt angegangen. Auch Fragen zu Tablets sind m\u00f6glich.&#13;<br \/>\nDie Teilnahme ist kostenlos. Um eine&#8230;&#13;\n  <\/p>\n<p> &#13;<br \/>\n      <a href=\"https:\/\/www.presse-service.de\/public\/Single.aspx?iid=1224972\" rel=\"nofollow noopener\" target=\"_blank\">mehr lesen&#8230;<\/a>  <\/p>\n<p>  &#13;<br \/>\n24.08.2026 &#8211; <a href=\"https:\/\/www.presse-service.de\/public\/Default.aspx?p=1597\" rel=\"nofollow noopener\" target=\"_blank\">Stadt Bottrop<\/a>&#13;<\/p>\n<p>  &#13;<br \/>\nInfospaziergang zeigt Wege zu klimafreundlichem Wohnen&#13;<\/p>\n<p class=\"ins_r\">&#13;<br \/>\n      <img decoding=\"async\" class=\"news_list_single_image\" src=\"https:\/\/www.europesays.com\/de\/wp-content\/uploads\/2025\/04\/1745649569_940_logo.jpg\" alt=\"\u00a9 \"\/>&#13;<br \/>\nKostenlose Veranstaltung in Kirchhellen informiert \u00fcber W\u00e4rmeplanung, K\u00fchlung, Hitzeschutz und Energiesparen&#13;\n  <\/p>\n<p> &#13;<br \/>\n      <a href=\"https:\/\/www.presse-service.de\/public\/Single.aspx?iid=1224973\" rel=\"nofollow noopener\" target=\"_blank\">mehr lesen&#8230;<\/a>  <\/p>\n<p>  &#13;<br \/>\n24.08.2026 &#8211; <a href=\"https:\/\/www.presse-service.de\/public\/Default.aspx?p=473\" rel=\"nofollow noopener\" target=\"_blank\">Kreis Borken<\/a>&#13;<\/p>\n<p>  &#13;<br \/>\nRadwegsanierung in Gronau: Vollsperrung auf der K 25 ab Montag, 31. August 2026&#13;<br \/>\nAbschnitt wird f\u00fcr die Dauer der Arbeiten voll gesperrt&#13;<\/p>\n<p class=\"ins_r\">&#13;<br \/>\n      <img decoding=\"async\" class=\"news_list_single_image\" src=\"https:\/\/www.europesays.com\/de\/wp-content\/uploads\/2026\/08\/325459V.jpg\" alt=\"\u00a9 \"\/>&#13;<br \/>\nDie n\u00e4chste Baustelle mit Vollsperrung steht an: Auf der Kreisstra\u00dfe 25 (Alst\u00e4tter Stra\u00dfe) saniert der Kreis Borken in H\u00f6he des Knotenpunktes K 25\/M\u00f6llenweg in Richtung Gronau L510 (Hermann-Ehlers-Stra\u00dfe) beidseitig die Radwege. F\u00fcr die Dauer der Bauarbeiten muss dieser Abschnitt auf rund 150 Metern f\u00fcr den Verkehr vollst\u00e4ndig gesperrt werden.&#13;<br \/>\nDie Vollsperrung beginnt am Montag, 31. August 2026 und dauert voraussichtlich bis Freitag, 9. Oktober 2026. &#13;<br \/>\nEine entsprechende Umleitung wird ausgeschildert: Ab dem Knotenpunkt K 25 an der Alst\u00e4tter&#8230;&#13;\n  <\/p>\n<p> &#13;<br \/>\n      <a href=\"https:\/\/www.presse-service.de\/public\/Single.aspx?iid=1224974\" rel=\"nofollow noopener\" target=\"_blank\">mehr lesen&#8230;<\/a>  <\/p>\n<p>  &#13;<br \/>\n24.08.2026 &#8211; <a href=\"https:\/\/www.presse-service.de\/public\/Default.aspx?p=532\" rel=\"nofollow noopener\" target=\"_blank\">Stadt Arnsberg<\/a>&#13;<\/p>\n<p>  &#13;<br \/>\n\u201eB\u00e4renstarke Sauerl\u00e4nder \u2013 Fr\u00fchchentreff\u201c l\u00e4dt am 13. September zum Pr\u00e4senztreffen ein&#13;<\/p>\n<p class=\"ins_r\">&#13;<br \/>\n      <img decoding=\"async\" class=\"news_list_single_image\" src=\"https:\/\/www.europesays.com\/de\/wp-content\/uploads\/2026\/08\/325465V.png\" alt=\"\u00a9 Stadt Arnsberg\"\/>&#13;<br \/>\nDie Geburt eines Kindes ist ein gro\u00dfes Wunder \u2013 doch wenn ein Baby viel zu fr\u00fch auf die Welt kommt, beginnt f\u00fcr die Eltern oft eine emotionale Ausnahmesituation. Um Familien von Fr\u00fchgeborenen in dieser Zeit eine feste St\u00fctze zu bieten, organisiert die Selbsthilfegruppe &#8222;B\u00e4renstarke Sauerl\u00e4nder&#8220; seit L\u00e4ngerem den Fr\u00fchchentreff im Sauerland.&#13;<br \/>\nFr\u00fchchentreff im Sauerland&#13;<br \/>\nNach einer Phase, die haupts\u00e4chlich durch Online-Treffen gepr\u00e4gt war, setzt die Gruppe nun verst\u00e4rkt auf den pers\u00f6nlichen Kontakt vor Ort. Am Sonntag, 13. September, l\u00e4dt der&#8230;&#13;\n  <\/p>\n<p> &#13;<br \/>\n      <a href=\"https:\/\/www.presse-service.de\/public\/Single.aspx?iid=1224979\" rel=\"nofollow noopener\" target=\"_blank\">mehr lesen&#8230;<\/a>  <\/p>\n<p>  &#13;<br \/>\n24.08.2026 &#8211; <a href=\"https:\/\/www.presse-service.de\/public\/Default.aspx?p=925\" rel=\"nofollow noopener\" target=\"_blank\">Stadt Braunschweig<\/a>&#13;<\/p>\n<p>  &#13;<br \/>\nS\u00fcdstadt Open Air mit zw\u00f6lf Bands&#13;<br \/>\n&#8211; Am Samstag, 29. August, ab 13 Uhr auf dem Festplatz Griegstra\u00dfe&#13;<\/p>\n<p class=\"ins_r\">&#13;<br \/>\n      <img decoding=\"async\" class=\"news_list_single_image\" src=\"https:\/\/www.europesays.com\/de\/wp-content\/uploads\/2026\/08\/325466V.jpg\" alt=\"\u00a9 Stadt Braunschweig\"\/>&#13;<br \/>\nDas diesj\u00e4hrige S\u00fcdstadt Open Air auf dem Festplatz Griegstra\u00dfe beginnt am Samstag, 29. August, um 13 Uhr mit zahlreichen K\u00fcnstlerinnen und K\u00fcnstlern.\u00a0 Auf zwei B\u00fchnen wechseln sich zehn Stunden regionale und \u00fcberregionale Acts ab und sorgen f\u00fcr Open-Air-Stimmung. In der Tradition des &#8222;umsonst und drau\u00dfen&#8220; ist der Eintritt f\u00fcr alle auch diesmal frei.&#13;<br \/>\n\u00a0&#13;<br \/>\nInsgesamt zw\u00f6lf interessante Bands sind zu h\u00f6ren und zu sehen. Und es gibt nicht nur harte Gitarrenriffs! Auf den B\u00fchnen stehen K\u00fcnstlerinnen und K\u00fcnstler unter-schiedlichsten Genres. Das&#8230;&#13;\n  <\/p>\n<p> &#13;<br \/>\n      <a href=\"https:\/\/www.presse-service.de\/public\/Single.aspx?iid=1224984\" rel=\"nofollow noopener\" target=\"_blank\">mehr lesen&#8230;<\/a>  <\/p>\n<p>  &#13;<br \/>\n24.08.2026 &#8211; <a href=\"https:\/\/www.presse-service.de\/public\/Default.aspx?p=1533\" rel=\"nofollow noopener\" target=\"_blank\">M\u00fcnsterland e.V.<\/a>&#13;<\/p>\n<p>  &#13;<br \/>\nLust auf Bio? Das M\u00fcnsterland l\u00e4dt zu den BioWochen NRW ein &#13;<\/p>\n<p class=\"ins_r\">&#13;<br \/>\n      <img decoding=\"async\" class=\"news_list_single_image\" src=\"https:\/\/www.europesays.com\/de\/wp-content\/uploads\/2026\/08\/325446V.jpg\" alt=\"\u00a9 M\u00fcnsterland e.V.\/Maximilian Lehrke\"\/>&#13;<br \/>\nWer bioregionale Lebensmittel direkt an ihrem Ursprung kennenlernen m\u00f6chte, ist bei den BioWochen NRW richtig: Vom 28. August bis zum 13. September \u00f6ffnen Bioh\u00f6fe, G\u00e4rtnereien und weitere Betriebe ihre T\u00fcren und geben Einblicke in die \u00f6kologische Landwirtschaft. Auch in der \u00d6ko-Modellregion M\u00fcnsterland erwartet Besucherinnen und Besucher ein abwechslungsreiches Programm \u2013 mit Hoffesten, F\u00fchrungen und Mitmachangeboten f\u00fcr die ganze Familie.&#13;<br \/>\n&#8222;Die BioWochen NRW bringen Menschen mit den Betrieben ihrer Region zusammen. Wer einen Biohof besucht,&#8230;&#13;\n  <\/p>\n<p> &#13;<br \/>\n      <a href=\"https:\/\/www.presse-service.de\/public\/Single.aspx?iid=1223020\" rel=\"nofollow noopener\" target=\"_blank\">mehr lesen&#8230;<\/a>  <\/p>\n<p>  &#13;<br \/>\n24.08.2026 &#8211; <a href=\"https:\/\/www.presse-service.de\/public\/Default.aspx?p=116\" rel=\"nofollow noopener\" target=\"_blank\">Stadt Hanau<\/a>&#13;<\/p>\n<p>  &#13;<br \/>\nVollsperrung der Bickenstra\u00dfe&#13;<\/p>\n<p class=\"ins_r\">&#13;<br \/>\n      <img decoding=\"async\" class=\"news_list_single_image\" src=\"https:\/\/www.europesays.com\/de\/wp-content\/uploads\/2025\/04\/1745649572_218_logo.jpg\" alt=\"\u00a9 \"\/>&#13;<br \/>\nVon Montag, 31. August, bis voraussichtlich Freitag, 11. September, kommt es zu Beeintr\u00e4chtigungen im Stra\u00dfenverkehr in der Bickenstra\u00dfe.&#13;\n  <\/p>\n<p> &#13;<br \/>\n      <a href=\"https:\/\/www.presse-service.de\/public\/Single.aspx?iid=1224680\" rel=\"nofollow noopener\" target=\"_blank\">mehr lesen&#8230;<\/a>  <\/p>\n<p>  &#13;<br \/>\n24.08.2026 &#8211; <a href=\"https:\/\/www.presse-service.de\/public\/Default.aspx?p=925\" rel=\"nofollow noopener\" target=\"_blank\">Stadt Braunschweig<\/a>&#13;<\/p>\n<p>  &#13;<br \/>\nWanderung zu vielf\u00e4ltiger Tier- und Pflanzenwelt in Riddagshausen&#13;<\/p>\n<p class=\"ins_r\">&#13;<br \/>\n      <img decoding=\"async\" class=\"news_list_single_image\" src=\"https:\/\/www.europesays.com\/de\/wp-content\/uploads\/2025\/05\/logo_braunschweig.jpg\" alt=\"\u00a9 \"\/>&#13;<br \/>\nIm Focus einer ca. dreist\u00fcndigen kostenlosen Wanderung am Sonntag, 30. August, stehen die Pflanzen und Tiere des Sandmagerrasens &#8222;Neues Land&#8220; in Riddagshausen. Treffpunkt ist um 10 Uhr am Haus Entenfang, Nehrkornweg 2. Auf festes Schuhwerk und ggf. Sonnenschutz ist zu achten. Die F\u00fchrung ist auch f\u00fcr Familien mit Kindern geeignet.&#13;<br \/>\n\u00a0&#13;<br \/>\nDie Fl\u00e4che hat sich seit Anfang der 1990er Jahre dank konsequenter Pflege zu einem bedeutenden und artenreichen Sandmagerrasen im Stadtgebiet Braunschweigs entwickelt. Etwas abseits der Teiche gelegen gedeiht hier&#8230;&#13;\n  <\/p>\n<p> &#13;<br \/>\n      <a href=\"https:\/\/www.presse-service.de\/public\/Single.aspx?iid=1224747\" rel=\"nofollow noopener\" target=\"_blank\">mehr lesen&#8230;<\/a>  <\/p>\n<p>  &#13;<br \/>\n24.08.2026 &#8211; <a href=\"https:\/\/www.presse-service.de\/public\/Default.aspx?p=77\" rel=\"nofollow noopener\" target=\"_blank\">Stadt M\u00fcnster<\/a>&#13;<\/p>\n<p>  &#13;<br \/>\nHundesteuer: Stadt f\u00fchrt Bestandsaufnahme durch&#13;<br \/>\nTiere k\u00f6nnen bis Ende September nachgemeldet werden \/ Ab Oktober droht Bu\u00dfgeld&#13;<\/p>\n<p class=\"ins_r\">&#13;<br \/>\n      <img decoding=\"async\" class=\"news_list_single_image\" src=\"https:\/\/www.europesays.com\/de\/wp-content\/uploads\/2026\/08\/1787569183_580_325332V.jpeg\" alt=\"\u00a9 Stadt M\u00fcnster\/Britta Roski\"\/>&#13;<br \/>\nM\u00fcnster (SMS) Die Stadt M\u00fcnster f\u00fchrt ab September eine stadtweite Hundebestandsaufnahme durch. Damit \u00fcberpr\u00fcft die Stadt, ob alle Hunde ordnungsgem\u00e4\u00df zur Hundesteuer angemeldet sind. Bisher noch nicht angemeldete Tiere k\u00f6nnen noch bis zum 30. September nachgemeldet werden, ohne dass die Stadt ein Bu\u00dfgeld erhebt. Hundehalterinnen und -halter m\u00fcssen die Steuer dann r\u00fcckwirkend ab dem tats\u00e4chlichen Beginn der Hundehaltung nachzahlen. Wer seinen Hund bis Ende September nicht ordnungsgem\u00e4\u00df angemeldet hat, muss mit einem Bu\u00dfgeld von bis zu 10.000&#8230;&#13;\n  <\/p>\n<p> &#13;<br \/>\n      <a href=\"https:\/\/www.presse-service.de\/public\/Single.aspx?iid=1224784\" rel=\"nofollow noopener\" target=\"_blank\">mehr lesen&#8230;<\/a>  <\/p>\n<p>  &#13;<br \/>\n24.08.2026 &#8211; <a href=\"https:\/\/www.presse-service.de\/public\/Default.aspx?p=1568\" rel=\"nofollow noopener\" target=\"_blank\">Stadt Osnabr\u00fcck<\/a>&#13;<\/p>\n<p>  &#13;<br \/>\nMusik- und Kunstschule beteiligt sich mit &#8222;Lichter, Kl\u00e4nge, Bl\u00fctenzauber&#8220; an der Kulturnacht&#13;<\/p>\n<p class=\"ins_r\">&#13;<br \/>\n      <img decoding=\"async\" class=\"news_list_single_image\" src=\"https:\/\/www.europesays.com\/de\/wp-content\/uploads\/2025\/04\/logo_osna.jpg\" alt=\"\u00a9 \"\/>&#13;<br \/>\nDie st\u00e4dtische Musik- und Kunstschule beteiligt sich am Freitag, 28. August, im Rahmen der Kulturnacht am kreativen Hotspot in und um St. Johann (Johannisfreiheit 12).&#13;<br \/>\nUnter dem Motto &#8222;Lichter, Kl\u00e4nge, Bl\u00fctenzauber&#8220; ist zwischen 19.30 und 21 Uhr eine k\u00fcnstlerische Gro\u00dfprojektion an der Kirchenfassade zu sehen. Au\u00dferdem wird ein Orgelkonzert und ein Konzert mit dem Duo Son Bois geboten (Karsten Nagel: Violoncello, Hermann Helming: Marimba). Das Publikum erwartet prickelnde Rhythmen, magische Sounds und au\u00dfergew\u00f6hnliche Klangfarben. In der&#8230;&#13;\n  <\/p>\n<p> &#13;<br \/>\n      <a href=\"https:\/\/www.presse-service.de\/public\/Single.aspx?iid=1224953\" rel=\"nofollow noopener\" target=\"_blank\">mehr lesen&#8230;<\/a>  <\/p>\n<p>&#13;<br \/>\n  &#13;<\/p>\n","protected":false},"excerpt":{"rendered":"&#13; Alle Meldungen: &#13; 24.08.2026 &#8211; Stadt Flensburg&#13; &#13; Die Schafe kommen wieder ins Naturschutzgebiet&#13; Naturschutzgebiet Twedter Feld&hellip;\n","protected":false},"author":2,"featured_media":913346,"comment_status":"","ping_status":"","sticky":false,"template":"","format":"standard","meta":{"footnotes":"","_share_on_mastodon":"0"},"categories":[1843],"tags":[3364,29,30,19579,19580,62,8970,14,1209,178,19577,19578,19576,181,19575],"class_list":["post-1257305","post","type-post","status-publish","format-standard","has-post-thumbnail","category-muenster","tag-de","tag-deutschland","tag-germany","tag-kommunal","tag-kommunaler-dienst","tag-medien","tag-muenster","tag-nachrichten","tag-nordrhein-westfalen","tag-presse","tag-pressearchiv","tag-pressedienst","tag-pressemeldungen","tag-pressemitteilungen","tag-presseservice"],"share_on_mastodon":{"url":"https:\/\/pubeurope.com\/@de\/117150143631885542","error":""},"_links":{"self":[{"href":"https:\/\/www.europesays.com\/de\/wp-json\/wp\/v2\/posts\/1257305","targetHints":{"allow":["GET"]}}],"collection":[{"href":"https:\/\/www.europesays.com\/de\/wp-json\/wp\/v2\/posts"}],"about":[{"href":"https:\/\/www.europesays.com\/de\/wp-json\/wp\/v2\/types\/post"}],"author":[{"embeddable":true,"href":"https:\/\/www.europesays.com\/de\/wp-json\/wp\/v2\/users\/2"}],"replies":[{"embeddable":true,"href":"https:\/\/www.europesays.com\/de\/wp-json\/wp\/v2\/comments?post=1257305"}],"version-history":[{"count":0,"href":"https:\/\/www.europesays.com\/de\/wp-json\/wp\/v2\/posts\/1257305\/revisions"}],"wp:featuredmedia":[{"embeddable":true,"href":"https:\/\/www.europesays.com\/de\/wp-json\/wp\/v2\/media\/913346"}],"wp:attachment":[{"href":"https:\/\/www.europesays.com\/de\/wp-json\/wp\/v2\/media?parent=1257305"}],"wp:term":[{"taxonomy":"category","embeddable":true,"href":"https:\/\/www.europesays.com\/de\/wp-json\/wp\/v2\/categories?post=1257305"},{"taxonomy":"post_tag","embeddable":true,"href":"https:\/\/www.europesays.com\/de\/wp-json\/wp\/v2\/tags?post=1257305"}],"curies":[{"name":"wp","href":"https:\/\/api.w.org\/{rel}","templated":true}]}}