{"id":1257308,"date":"2026-08-24T11:03:16","date_gmt":"2026-08-24T11:03:16","guid":{"rendered":"https:\/\/www.europesays.com\/de\/1257308\/"},"modified":"2026-08-24T11:03:16","modified_gmt":"2026-08-24T11:03:16","slug":"audi-kracht-in-leitplanke-und-erfasst-radfahrerin-wuppertaler-b7-teilweise-gesperrt","status":"publish","type":"post","link":"https:\/\/www.europesays.com\/de\/1257308\/","title":{"rendered":"Audi kracht in Leitplanke und erfasst Radfahrerin \u2013 Wuppertaler B7 teilweise gesperrt"},"content":{"rendered":"<p class=\"text_ohne_einzug richtext text-em-55 !leading-serif mx-6 desktop:mx-0\">Zu einem schwereren Verkehrsunfall kam es am Montagmorgen, 24. August, auf der Sonnborner Stra\u00dfe in Wuppertal. Dabei wurden eine 63-j\u00e4hrige Radfahrerin und ein Autofahrer verletzt. Die B7 ist auf H\u00f6he der A46-Auffahrt Sonnborn in Fahrtrichtung Vohwinkel aktuell gesperrt. Auch die Autobahnauffahrt ist Stand 12.50 Uhr gesperrt.<\/p>\n<p class=\"richtext text-em-55 !leading-serif mx-6 desktop:mx-0\">Die Hintergr\u00fcnde sind laut Angaben eines Polizeisprechers derzeit noch recht unklar. Der Audifahrer sei bei der Autobahnausfahrt zun\u00e4chst in die Leitplanke geknallt und anschlie\u00dfend mit der Fahrradfahrerin zusammengesto\u00dfen. Bei beiden Menschen bestehe aktuell keine Lebensgefahr. Zum Verletzungsgrad und Alter des Autofahrers konnte die Polizei bisher noch keine genaueren Angaben machen.<\/p>\n","protected":false},"excerpt":{"rendered":"Zu einem schwereren Verkehrsunfall kam es am Montagmorgen, 24. August, auf der Sonnborner Stra\u00dfe in Wuppertal. Dabei wurden&hellip;\n","protected":false},"author":2,"featured_media":1257309,"comment_status":"","ping_status":"","sticky":false,"template":"","format":"standard","meta":{"footnotes":"","_share_on_mastodon":"0"},"categories":[1840],"tags":[24584,590,3364,29,30,5783,5860,5517,10528,1209,8846,17262,4418],"class_list":["post-1257308","post","type-post","status-publish","format-standard","has-post-thumbnail","category-wuppertal","tag-fahrradfahrerin","tag-aktuell","tag-de","tag-deutschland","tag-germany","tag-gesperrt","tag-hintergruende","tag-lebensgefahr","tag-leitplanke","tag-nordrhein-westfalen","tag-radfahrerin","tag-unklar","tag-wuppertal"],"share_on_mastodon":{"url":"https:\/\/pubeurope.com\/@de\/117150155305554450","error":""},"_links":{"self":[{"href":"https:\/\/www.europesays.com\/de\/wp-json\/wp\/v2\/posts\/1257308","targetHints":{"allow":["GET"]}}],"collection":[{"href":"https:\/\/www.europesays.com\/de\/wp-json\/wp\/v2\/posts"}],"about":[{"href":"https:\/\/www.europesays.com\/de\/wp-json\/wp\/v2\/types\/post"}],"author":[{"embeddable":true,"href":"https:\/\/www.europesays.com\/de\/wp-json\/wp\/v2\/users\/2"}],"replies":[{"embeddable":true,"href":"https:\/\/www.europesays.com\/de\/wp-json\/wp\/v2\/comments?post=1257308"}],"version-history":[{"count":0,"href":"https:\/\/www.europesays.com\/de\/wp-json\/wp\/v2\/posts\/1257308\/revisions"}],"wp:featuredmedia":[{"embeddable":true,"href":"https:\/\/www.europesays.com\/de\/wp-json\/wp\/v2\/media\/1257309"}],"wp:attachment":[{"href":"https:\/\/www.europesays.com\/de\/wp-json\/wp\/v2\/media?parent=1257308"}],"wp:term":[{"taxonomy":"category","embeddable":true,"href":"https:\/\/www.europesays.com\/de\/wp-json\/wp\/v2\/categories?post=1257308"},{"taxonomy":"post_tag","embeddable":true,"href":"https:\/\/www.europesays.com\/de\/wp-json\/wp\/v2\/tags?post=1257308"}],"curies":[{"name":"wp","href":"https:\/\/api.w.org\/{rel}","templated":true}]}}