{"id":125731,"date":"2025-05-20T15:22:16","date_gmt":"2025-05-20T15:22:16","guid":{"rendered":"https:\/\/www.europesays.com\/de\/125731\/"},"modified":"2025-05-20T15:22:16","modified_gmt":"2025-05-20T15:22:16","slug":"erst-gegen-auslaender-gehetzt-dann-mit-messer-gedroht","status":"publish","type":"post","link":"https:\/\/www.europesays.com\/de\/125731\/","title":{"rendered":"Erst gegen Ausl\u00e4nder gehetzt, dann mit Messer gedroht"},"content":{"rendered":"<p class=\"paragraph --regular --color\" data-v-a4a747d8=\"\" data-v-0c32301e=\"\">Wiesbaden. Zwei M\u00e4nner sind am Montagnachmittag in den Reisinger Anlagen von einer 50-j\u00e4hrigen Frau rassistisch beleidigt und mit einem Messer bedroht worden. Wie die Polizei mitteilt, hatte die Frau die beiden 26- und 18-j\u00e4hrigen afghanischen und t\u00fcrkischen Staatsangeh\u00f6rigen gegen 15:20 Uhr zun\u00e4chst mit ausl\u00e4nderfeindlichen und volksverhetzenden Parolen betitelt. Im Anschluss n\u00e4herte sie sich dem Duo auch noch mit einem Messer und f\u00fchrte Stichbewegungen in deren Richtung durch. Verletzt wurde dabei niemand.<\/p>\n","protected":false},"excerpt":{"rendered":"Wiesbaden. Zwei M\u00e4nner sind am Montagnachmittag in den Reisinger Anlagen von einer 50-j\u00e4hrigen Frau rassistisch beleidigt und mit&hellip;\n","protected":false},"author":2,"featured_media":125732,"comment_status":"","ping_status":"","sticky":false,"template":"","format":"standard","meta":{"footnotes":""},"categories":[1847],"tags":[3364,29,548,663,3934,30,13,2052,11188,14,15,10236,11189,12,11190,4544],"class_list":{"0":"post-125731","1":"post","2":"type-post","3":"status-publish","4":"format-standard","5":"has-post-thumbnail","7":"category-wiesbaden","8":"tag-de","9":"tag-deutschland","10":"tag-eu","11":"tag-europa","12":"tag-europe","13":"tag-germany","14":"tag-headlines","15":"tag-hessen","16":"tag-main-taunus","17":"tag-nachrichten","18":"tag-news","19":"tag-rhein-main","20":"tag-rheingau","21":"tag-schlagzeilen","22":"tag-untertaunus","23":"tag-wiesbaden"},"share_on_mastodon":{"url":"https:\/\/pubeurope.com\/@de\/114540848370466775","error":""},"_links":{"self":[{"href":"https:\/\/www.europesays.com\/de\/wp-json\/wp\/v2\/posts\/125731","targetHints":{"allow":["GET"]}}],"collection":[{"href":"https:\/\/www.europesays.com\/de\/wp-json\/wp\/v2\/posts"}],"about":[{"href":"https:\/\/www.europesays.com\/de\/wp-json\/wp\/v2\/types\/post"}],"author":[{"embeddable":true,"href":"https:\/\/www.europesays.com\/de\/wp-json\/wp\/v2\/users\/2"}],"replies":[{"embeddable":true,"href":"https:\/\/www.europesays.com\/de\/wp-json\/wp\/v2\/comments?post=125731"}],"version-history":[{"count":0,"href":"https:\/\/www.europesays.com\/de\/wp-json\/wp\/v2\/posts\/125731\/revisions"}],"wp:featuredmedia":[{"embeddable":true,"href":"https:\/\/www.europesays.com\/de\/wp-json\/wp\/v2\/media\/125732"}],"wp:attachment":[{"href":"https:\/\/www.europesays.com\/de\/wp-json\/wp\/v2\/media?parent=125731"}],"wp:term":[{"taxonomy":"category","embeddable":true,"href":"https:\/\/www.europesays.com\/de\/wp-json\/wp\/v2\/categories?post=125731"},{"taxonomy":"post_tag","embeddable":true,"href":"https:\/\/www.europesays.com\/de\/wp-json\/wp\/v2\/tags?post=125731"}],"curies":[{"name":"wp","href":"https:\/\/api.w.org\/{rel}","templated":true}]}}