{"id":1257366,"date":"2026-08-24T11:37:14","date_gmt":"2026-08-24T11:37:14","guid":{"rendered":"https:\/\/www.europesays.com\/de\/1257366\/"},"modified":"2026-08-24T11:37:14","modified_gmt":"2026-08-24T11:37:14","slug":"action-markt-eroeffnet-in-duesseldorf-hellerhof","status":"publish","type":"post","link":"https:\/\/www.europesays.com\/de\/1257366\/","title":{"rendered":"Action-Markt er\u00f6ffnet in D\u00fcsseldorf-Hellerhof"},"content":{"rendered":"<p class=\"text_ohne_einzug richtext text-em-55 !leading-serif mx-6 desktop:mx-0\"> F\u00fcr das Ladenlokal an der Carlo-Schmid-Stra\u00dfe hat sich ein Nachmieter gefunden: Am Samstag, 19. September, er\u00f6ffnet in den R\u00e4umlichkeiten des fr\u00fcheren Edekas ein Action-Markt. Die niederl\u00e4ndische Kette entwickelte sich von einem Gesch\u00e4ft in Enkhuizen, das 1993 er\u00f6ffnet wurde, nach eigenen Angaben zur am schnellsten wachsenden Discounterkette in Europa\u2060\u2060. 2009 er\u00f6ffnete die erste Filiale in Deutschland. Inzwischen gibt es mehr als 3300 Filialen in 15 L\u00e4ndern. In D\u00fcsseldorf gibt es bislang drei Filialen: In Heerdt, Rath und Bilk. Nun wird in wenigen Wochen auch der S\u00fcden der Stadt abgedeckt.<\/p>\n<p class=\"richtext text-em-55 !leading-serif mx-6 desktop:mx-0\">Viele Jahre war in dem Ladenlokal ein Edeka-Markt untergebracht: Er schloss nach Auslaufen des Pachtvertrages im Mai 2021, auch weil Verkaufsfl\u00e4chen von 1000 Quadratmeter f\u00fcr die Anbieter nicht mehr zukunftsf\u00e4hig sind. Knapp ein Jahr sp\u00e4ter zog dort Denns Biomarkt ein, der drei Jahre sp\u00e4ter wieder geschlossen wurde.<\/p>\n<p class=\"richtext text-em-55 !leading-serif mx-6 desktop:mx-0\">Das Einkaufszentrum in Hellerhof ist in die Jahre gekommen und soll modernisiert werden. Die Bewohner des Stadtteils w\u00fcnschen sich einen Supermarkt zur\u00fcck.<\/p>\n","protected":false},"excerpt":{"rendered":"F\u00fcr das Ladenlokal an der Carlo-Schmid-Stra\u00dfe hat sich ein Nachmieter gefunden: Am Samstag, 19. September, er\u00f6ffnet in den&hellip;\n","protected":false},"author":2,"featured_media":1257367,"comment_status":"","ping_status":"","sticky":false,"template":"","format":"standard","meta":{"footnotes":"","_share_on_mastodon":"0"},"categories":[1831],"tags":[3364,29,3405,25440,30,1209],"class_list":["post-1257366","post","type-post","status-publish","format-standard","has-post-thumbnail","category-duesseldorf","tag-de","tag-deutschland","tag-duesseldorf","tag-filiale","tag-germany","tag-nordrhein-westfalen"],"share_on_mastodon":{"url":"","error":""},"_links":{"self":[{"href":"https:\/\/www.europesays.com\/de\/wp-json\/wp\/v2\/posts\/1257366","targetHints":{"allow":["GET"]}}],"collection":[{"href":"https:\/\/www.europesays.com\/de\/wp-json\/wp\/v2\/posts"}],"about":[{"href":"https:\/\/www.europesays.com\/de\/wp-json\/wp\/v2\/types\/post"}],"author":[{"embeddable":true,"href":"https:\/\/www.europesays.com\/de\/wp-json\/wp\/v2\/users\/2"}],"replies":[{"embeddable":true,"href":"https:\/\/www.europesays.com\/de\/wp-json\/wp\/v2\/comments?post=1257366"}],"version-history":[{"count":0,"href":"https:\/\/www.europesays.com\/de\/wp-json\/wp\/v2\/posts\/1257366\/revisions"}],"wp:featuredmedia":[{"embeddable":true,"href":"https:\/\/www.europesays.com\/de\/wp-json\/wp\/v2\/media\/1257367"}],"wp:attachment":[{"href":"https:\/\/www.europesays.com\/de\/wp-json\/wp\/v2\/media?parent=1257366"}],"wp:term":[{"taxonomy":"category","embeddable":true,"href":"https:\/\/www.europesays.com\/de\/wp-json\/wp\/v2\/categories?post=1257366"},{"taxonomy":"post_tag","embeddable":true,"href":"https:\/\/www.europesays.com\/de\/wp-json\/wp\/v2\/tags?post=1257366"}],"curies":[{"name":"wp","href":"https:\/\/api.w.org\/{rel}","templated":true}]}}