{"id":1257379,"date":"2026-08-24T11:45:14","date_gmt":"2026-08-24T11:45:14","guid":{"rendered":"https:\/\/www.europesays.com\/de\/1257379\/"},"modified":"2026-08-24T11:45:14","modified_gmt":"2026-08-24T11:45:14","slug":"fw-m-notrufvermittlung-feuerwehr-muenchen-unterstuetzt-familie-im-italien-urlaub","status":"publish","type":"post","link":"https:\/\/www.europesays.com\/de\/1257379\/","title":{"rendered":"FW-M: Notrufvermittlung: Feuerwehr M\u00fcnchen unterst\u00fctzt Familie im Italien-Urlaub &#8230;"},"content":{"rendered":"<p class=\"date\">24.08.2026 \u2013 13:20<\/p>\n<p class=\"customer\">\n                        <a class=\"story-customer\" title=\"weiter zum newsroom von Feuerwehr M\u00fcnchen\" href=\"https:\/\/www.presseportal.de\/blaulicht\/nr\/131419\" rel=\"nofollow noopener\" target=\"_blank\">Feuerwehr M\u00fcnchen<\/a>\n                    <\/p>\n<p><a data-category=\"citylink-story-view\" data-action=\"click\" data-label=\"Citylink in Meldungsansicht\" class=\"story-city event-trigger\" href=\"https:\/\/www.presseportal.de\/regional\/M%FCnchen\" title=\"News aus M\u00fcnchen \" rel=\"nofollow noopener\" target=\"_blank\">M\u00fcnchen<\/a> (ots)<\/p>\n<p>Montag, 24. August 2026, 7.42 Uhr<\/p>\n<p>Hessstra\u00dfe<\/p>\n<p>Am Montagmorgen hat die Integrierte Leitstelle (ILS) ein Hilferuf mit einem ungew\u00f6hnlichen Hintergrund erreicht: Eine Familie aus M\u00fcnchen befindet sich aktuell im Urlaub im italienischen Bibione, wo die Mutter pl\u00f6tzlich einen Kreislaufzusammenbruch erlitt.<\/p>\n<p>Die elf Jahre alte Tochter der Frau war sich, sicherlich nicht zuletzt aufgrund der Aufregung, unsicher, wie sie in Italien einen Notruf absetzen kann. Das M\u00e4dchen wandte sich daher telefonisch an seinen Vater in M\u00fcnchen und schilderte ihm die Situation. Der Mann verst\u00e4ndigte daraufhin die Integrierte Leitstelle M\u00fcnchen.<\/p>\n<p>Die Einsatzkr\u00e4fte der ILS M\u00fcnchen nahmen die erforderlichen Informationen auf und vermittelten den medizinischen Notfall \u00fcber die Leitstelle in Bozen an die f\u00fcr Bibione zust\u00e4ndige Leitstelle. Von dort wurde umgehend ein Rettungswagen zu der Familie entsandt. Die Mutter wurde gemeinsam mit ihren Kindern zur weiteren medizinischen Versorgung in eine Klinik gebracht. Nach derzeitigen Informationen kann sie voraussichtlich schon bald wieder in ihre Unterkunft zur\u00fcckkehren.<\/p>\n<p>Der Einsatz zeigt einmal mehr, dass die Leitstellen auch bei Notf\u00e4llen im Ausland unterst\u00fctzen und die erforderlichen Rettungsdienststrukturen vor Ort \u00fcber die entsprechenden Partnerleitstellen erreichen k\u00f6nnen.<\/p>\n<p>(ret)<\/p>\n<p class=\"contact-headline\">R\u00fcckfragen von Medienvertretern bitte an:<\/p>\n<p class=\"contact-text\">Pressekontakt:<br \/>Feuerwehr M\u00fcnchen<br \/>Pressestelle<br \/>Telefon: 089 \/ 2353 31311<br \/>(Montag bis Donnerstag von 08:30 bis 15:00 Uhr, Freitag von 08:30 bis<br \/>12:00 Uhr)<br \/>E-Mail: <a href=\"https:\/\/www.presseportal.de\/blaulicht\/pm\/131419\/mailto:presse.feuerwehr@muenchen.de\" class=\"uri-mailto\" rel=\"nofollow noopener\" target=\"_blank\">presse.feuerwehr@muenchen.de<\/a><\/p>\n<p>Internet: <a target=\"_blank\" class=\"uri-ext outbound\" rel=\"noopener nofollow\" href=\"https:\/\/www.feuerwehr-muenchen.de\">www.feuerwehr-muenchen.de<\/a><br \/>Twitter: <a target=\"_blank\" class=\"uri-ext outbound\" rel=\"noopener nofollow\" href=\"https:\/\/www.twitter.com\/BFMuenchen\">www.twitter.com\/BFMuenchen<\/a><br \/>Facebook: <a target=\"_blank\" class=\"uri-ext outbound\" rel=\"noopener nofollow\" href=\"https:\/\/www.facebook.com\/feuerwehr.muenchen\/\">www.facebook.com\/feuerwehr.muenchen\/<\/a><br \/>LinkedIn: <a target=\"_blank\" class=\"uri-ext outbound\" rel=\"noopener nofollow\" href=\"https:\/\/www.linkedin.com\/company\/feuerwehrmuenchen\">www.linkedin.com\/company\/feuerwehrmuenchen<\/a><br \/>Instagram: <a target=\"_blank\" class=\"uri-ext outbound\" rel=\"noopener nofollow\" href=\"https:\/\/www.instagram.com\/feuerwehrmuenchen\/\">www.instagram.com\/feuerwehrmuenchen\/<\/a><\/p>\n<p class=\"originator\">Original-Content von: Feuerwehr M\u00fcnchen, \u00fcbermittelt durch news aktuell<\/p>\n<p>            <script async src=\"https:\/\/platform.twitter.com\/widgets.js\" charset=\"utf-8\"><\/script><script async src=\"\/\/www.instagram.com\/embed.js\"><\/script><\/p>\n","protected":false},"excerpt":{"rendered":"24.08.2026 \u2013 13:20 Feuerwehr M\u00fcnchen M\u00fcnchen (ots) Montag, 24. August 2026, 7.42 Uhr Hessstra\u00dfe Am Montagmorgen hat die&hellip;\n","protected":false},"author":2,"featured_media":1184682,"comment_status":"","ping_status":"","sticky":false,"template":"","format":"standard","meta":{"footnotes":"","_share_on_mastodon":"0"},"categories":[1827],"tags":[772,2918,29,985,30,1268,3908,178,180,179,181],"class_list":["post-1257379","post","type-post","status-publish","format-standard","has-post-thumbnail","category-muenchen","tag-bayern","tag-by","tag-deutschland","tag-feuerwehr","tag-germany","tag-muenchen","tag-notfallrettung","tag-presse","tag-pressemeldung","tag-pressemitteilung","tag-pressemitteilungen"],"share_on_mastodon":{"url":"https:\/\/pubeurope.com\/@de\/117150320157325432","error":""},"_links":{"self":[{"href":"https:\/\/www.europesays.com\/de\/wp-json\/wp\/v2\/posts\/1257379","targetHints":{"allow":["GET"]}}],"collection":[{"href":"https:\/\/www.europesays.com\/de\/wp-json\/wp\/v2\/posts"}],"about":[{"href":"https:\/\/www.europesays.com\/de\/wp-json\/wp\/v2\/types\/post"}],"author":[{"embeddable":true,"href":"https:\/\/www.europesays.com\/de\/wp-json\/wp\/v2\/users\/2"}],"replies":[{"embeddable":true,"href":"https:\/\/www.europesays.com\/de\/wp-json\/wp\/v2\/comments?post=1257379"}],"version-history":[{"count":0,"href":"https:\/\/www.europesays.com\/de\/wp-json\/wp\/v2\/posts\/1257379\/revisions"}],"wp:featuredmedia":[{"embeddable":true,"href":"https:\/\/www.europesays.com\/de\/wp-json\/wp\/v2\/media\/1184682"}],"wp:attachment":[{"href":"https:\/\/www.europesays.com\/de\/wp-json\/wp\/v2\/media?parent=1257379"}],"wp:term":[{"taxonomy":"category","embeddable":true,"href":"https:\/\/www.europesays.com\/de\/wp-json\/wp\/v2\/categories?post=1257379"},{"taxonomy":"post_tag","embeddable":true,"href":"https:\/\/www.europesays.com\/de\/wp-json\/wp\/v2\/tags?post=1257379"}],"curies":[{"name":"wp","href":"https:\/\/api.w.org\/{rel}","templated":true}]}}