{"id":1257388,"date":"2026-08-24T11:50:16","date_gmt":"2026-08-24T11:50:16","guid":{"rendered":"https:\/\/www.europesays.com\/de\/1257388\/"},"modified":"2026-08-24T11:50:16","modified_gmt":"2026-08-24T11:50:16","slug":"berlin-frei-koalition-steht-vor-arbeitsreichem-herbst","status":"publish","type":"post","link":"https:\/\/www.europesays.com\/de\/1257388\/","title":{"rendered":"Berlin | Frei: Koalition steht vor arbeitsreichem Herbst"},"content":{"rendered":"<p>Berlin (dpa) &#8211; Unionsfraktionschef Thorsten Frei sieht die schwarz-rote Koalition vor einem arbeitsreichen Herbst. \u00abWir haben ja bereits vor der parlamentarischen Sommerpause viele Gesetzgebungsvorhaben aufgegleist und die m\u00fcssen jetzt umgesetzt werden, in der Regel mit der Zielsetzung Ende des Jahres\u00bb, sagte der CDU-Politiker vor einer Sitzung des CDU-Pr\u00e4sidiums mit Kanzler und Parteichef Friedrich Merz in Berlin. \u00abInsofern steht uns ein arbeitsreicher Herbst bevor.\u00bb\u00a0<\/p>\n<p>Bei den Beratungen des engsten CDU-F\u00fchrungszirkels &#8211; den ersten seit Merz` R\u00fcckkehr aus dem Sommerurlaub &#8211; waren nur wenige der insgesamt 24 Mitglieder des CDU-Pr\u00e4sidiums pers\u00f6nlich anwesend, darunter neben Merz und Frei Generalsekret\u00e4rin Franziska Hoppermann sowie die stellvertretenden Parteivorsitzenden Silvia Breher, Ines Claus, Andreas Jung und Karin Prien. Zudem waren Kanzleramtschefin Nina Warken und Ina Scharrenbach (NRW) gekommen.\u00a0<\/p>\n<p>Unter anderem die Ministerpr\u00e4sidenten Hendrik W\u00fcst (NRW), Mario Voigt (Th\u00fcringen) und Daniel G\u00fcnther (Schleswig-Holstein) lie\u00dfen sich nach Angaben aus Teilnehmerkreisen zuschalten. Merz habe in der Sitzung erkl\u00e4rt, bei der Kabinettsklausur an diesem Dienstag und Mittwoch solle die Wettbewerbsf\u00e4higkeit im Mittelpunkt stehen, hie\u00df es. Die Dauer des Urlaubs von Merz habe keine Rolle gespielt. Gr\u00fcne und Linke hatten Merz vor dem Hintergrund von Hitze, Trockenheit und Waldbr\u00e4nden in den vergangenen Wochen Unt\u00e4tigkeit vorgeworfen.\u00a0<\/p>\n<p>Frei zu Sachsen-Anhalt: K\u00e4mpfen, und zwar jeden Tag<\/p>\n<p>Auf die Frage, wie die Stimmung in Sachsen-Anhalt noch gedreht werden k\u00f6nne, wo in zwei Wochen gew\u00e4hlt wird und die AfD in Umfragen weit vorne liegt, sagte Frei: \u00abDa gilt es jetzt zu k\u00e4mpfen, und zwar jeden Tag.\u00bb Es gelte, \u00abdurch gute Arbeit zu \u00fcberzeugen und das jetzt in den letzten Tagen noch mal zu intensivieren\u00bb.<\/p>\n","protected":false},"excerpt":{"rendered":"Berlin (dpa) &#8211; Unionsfraktionschef Thorsten Frei sieht die schwarz-rote Koalition vor einem arbeitsreichen Herbst. \u00abWir haben ja bereits&hellip;\n","protected":false},"author":2,"featured_media":1257389,"comment_status":"","ping_status":"","sticky":false,"template":"","format":"standard","meta":{"footnotes":"","_share_on_mastodon":"0"},"categories":[1825],"tags":[1941,1939,296,1937,31,29,30,1940,1938,2403],"class_list":["post-1257388","post","type-post","status-publish","format-standard","has-post-thumbnail","category-berlin","tag-aktuelle-nachrichten-aus-berlin","tag-aktuelle-news-aus-berlin","tag-berlin","tag-berlin-news","tag-cdu","tag-deutschland","tag-germany","tag-nachrichten-aus-berlin","tag-news-aus-berlin","tag-partei"],"share_on_mastodon":{"url":"https:\/\/pubeurope.com\/@de\/117150340000695283","error":""},"_links":{"self":[{"href":"https:\/\/www.europesays.com\/de\/wp-json\/wp\/v2\/posts\/1257388","targetHints":{"allow":["GET"]}}],"collection":[{"href":"https:\/\/www.europesays.com\/de\/wp-json\/wp\/v2\/posts"}],"about":[{"href":"https:\/\/www.europesays.com\/de\/wp-json\/wp\/v2\/types\/post"}],"author":[{"embeddable":true,"href":"https:\/\/www.europesays.com\/de\/wp-json\/wp\/v2\/users\/2"}],"replies":[{"embeddable":true,"href":"https:\/\/www.europesays.com\/de\/wp-json\/wp\/v2\/comments?post=1257388"}],"version-history":[{"count":0,"href":"https:\/\/www.europesays.com\/de\/wp-json\/wp\/v2\/posts\/1257388\/revisions"}],"wp:featuredmedia":[{"embeddable":true,"href":"https:\/\/www.europesays.com\/de\/wp-json\/wp\/v2\/media\/1257389"}],"wp:attachment":[{"href":"https:\/\/www.europesays.com\/de\/wp-json\/wp\/v2\/media?parent=1257388"}],"wp:term":[{"taxonomy":"category","embeddable":true,"href":"https:\/\/www.europesays.com\/de\/wp-json\/wp\/v2\/categories?post=1257388"},{"taxonomy":"post_tag","embeddable":true,"href":"https:\/\/www.europesays.com\/de\/wp-json\/wp\/v2\/tags?post=1257388"}],"curies":[{"name":"wp","href":"https:\/\/api.w.org\/{rel}","templated":true}]}}