{"id":1257420,"date":"2026-08-24T12:08:16","date_gmt":"2026-08-24T12:08:16","guid":{"rendered":"https:\/\/www.europesays.com\/de\/1257420\/"},"modified":"2026-08-24T12:08:16","modified_gmt":"2026-08-24T12:08:16","slug":"heizsaison-die-angst-vor-dem-teuren-winter-was-gas-kunden-genau-jetzt-tun-muessen-welt","status":"publish","type":"post","link":"https:\/\/www.europesays.com\/de\/1257420\/","title":{"rendered":"Heizsaison: Die Angst vor dem teuren Winter \u2013 Was Gas-Kunden genau jetzt tun m\u00fcssen &#8211; WELT"},"content":{"rendered":"<ol>\n<li><a href=\"https:\/\/news.google.com\/rss\/articles\/CBMi3wFBVV95cUxNbWUxaThZcUVVR1VCNlgzNi1PaGVVamlZNWVzQTNmcnExVUd1SkZJTWo0bU1HZlUzN1ItWXkyTHJQWDdpRkxrNXBMeHJQU1g4TlFUdHh5anpSWi14X3dOT3AtTTBVZFBDMURaQW1HUnczYktCR3dBVTdjQ19SX1lHeXZZWFZrbV9MckVDNmM5N2w3dHY1M1RTY1A0djFGTmFlMkhJSld4bFVWUTVtNzFIdldNUWxpQXQ2RUlGT3ktb29Yc3QzXzhSSlNveTBveDJxYzZ3Y2tOWlZmcGVsYW13?oc=5\" target=\"_blank\" rel=\"nofollow noopener\">Heizsaison: Die Angst vor dem teuren Winter \u2013 Was Gas-Kunden genau jetzt tun m\u00fcssen<\/a>&nbsp;&nbsp;WELT<\/li>\n<li><a href=\"https:\/\/news.google.com\/rss\/articles\/CBMirwFBVV95cUxPWk1ORFFXYVRQTDVHT2MzejBhOFFGX3lnUElEVmxfejdmTnItQXJic3YwZ1U2YWZLSktBWDUxbWN0SjB2MGMtOTZ4aFVKTVItODdHYmtncTA1NS05cmtMX2hGcVd4Z2gyZkt5Qy14QkIwWGI3UE1PZEdhS1V2dnZZN3FndGdQZTVzVGhtbXhaUmdLdy1aT0FnalNtczdZUk1jeVcxa0t3MmpPRl9jMnNN?oc=5\" target=\"_blank\" rel=\"nofollow noopener\">Keine Mangellage erkennbar: Wirtschaftsministerium ist zufrieden mit Gasspeicher-F\u00fcllstand<\/a>&nbsp;&nbsp;n-tv.de<\/li>\n<li><a href=\"https:\/\/news.google.com\/rss\/articles\/CBMiuwFBVV95cUxQRDJXVlBGbXJDXy1KV3VSYWJjSFREVDdaY1pncU5xWEZTSXRIMjl1ZkRXWVRvXzNFT0hzcWl6c0I4MkFTanNoRl95WGNydy1GQnpXd1RWOGFod0lZLUJ4OEVSY1lOV18xaTRGa2VyZE93X1p2akFLUHE3TUJDRVVfeHVnX3F0U3RpVktrU3pxNW5ZOUM2MnhTZXAyQzVQV2ZDaUNKMnEwa0NNdzd0c0tfa0xMckNhTlZPWFRR?oc=5\" target=\"_blank\" rel=\"nofollow noopener\">Wirtschaft &#8211; Bundeswirtschaftsministerium zufrieden mit F\u00fcllstand der deutschen Gasspeicher<\/a>&nbsp;&nbsp;Deutschlandfunk<\/li>\n<li><a href=\"https:\/\/news.google.com\/rss\/articles\/CBMi4wFBVV95cUxOUU5Zc3hSWmVmaWgzSDlfanhaUjFkbC1JU08zSndSdkpVeUpScGxZQjVDdGJ4bmhVbUdsZW45TVQxWER4QmpmazNkbXRJeG4xa2liM254ZllHdkc0cWRIb2w3Ry1vc1lCcXFFdHZlaS1sX2w4WDJid0pwQlVyNHFJQU1DUXNCaFZPZVlCem1HMHhuM1o3UnNGcnRWZ29sbGtTMkhJWE9INkZQODVfNExUQl9fajduemRPY2htOFZfdUNZSUMxbkZwa2o3TmdJeHJnQjd2WEx2T200dk56R3hnMFhtMA?oc=5\" target=\"_blank\" rel=\"nofollow noopener\">(S+) Meinung: Gas: Die Gas-Strategie der Bundesregierung? Ein milder Winter \u2013 Meinung<\/a>&nbsp;&nbsp;Spiegel<\/li>\n<li><a href=\"https:\/\/news.google.com\/rss\/articles\/CBMi9gFBVV95cUxOUEE4aXVDNkVIZVBrdGlyd21BUXJpOHNNNFNUamF5V2FfdVpLXzlPRVU1UzJhRVh4dWNfODNJV2hLRkdLMWlsYUkyWkltNWFiamdBZm45OE44TmdLclBuWl9pT2xKVjg1dUNWcGlyRTlsb2JPZzFBQlVOeWluNHljclhPNHlSQjNtR2JFRUFyS0puV1FWOGZTTnV1cTd4M0F0M1N1RVIwZmNJcmJyR0lkWE42NEc5M3E4N21ZX1o2NndtUVcxYlJsc2J3UW9nLXZaaDFITzNrVWlsYVE0U3ZwT25EcjhoWWd4NEJ2OFlJaEV4UU1id2c?oc=5\" target=\"_blank\" rel=\"nofollow noopener\">Brandenburg Berlin: Gasspeicher nur zur H\u00e4lfte gef\u00fcllt: Experten erwarten hohe Gaspreise f\u00fcr Verbraucher im Winter<\/a>&nbsp;&nbsp;tagesschau.de<\/li>\n<\/ol>\n","protected":false},"excerpt":{"rendered":"Heizsaison: Die Angst vor dem teuren Winter \u2013 Was Gas-Kunden genau jetzt tun m\u00fcssen&nbsp;&nbsp;WELT Keine Mangellage erkennbar: Wirtschaftsministerium&hellip;\n","protected":false},"author":2,"featured_media":1257421,"comment_status":"","ping_status":"","sticky":false,"template":"","format":"standard","meta":{"footnotes":"","_share_on_mastodon":"0"},"categories":[2],"tags":[29,50098,50097,30,13,59183,14,15,12,50099,45,10,8,9,11,50096,42309],"class_list":["post-1257420","post","type-post","status-publish","format-standard","has-post-thumbnail","category-deutschland","tag-deutschland","tag-energiepreise-ks","tag-gaspreise-ks","tag-germany","tag-headlines","tag-kc_makro","tag-nachrichten","tag-news","tag-schlagzeilen","tag-strompreise-ks","tag-texttospeech","tag-top-news","tag-top-meldungen","tag-topmeldungen","tag-topnews","tag-verivox","tag-wetzel-daniel"],"share_on_mastodon":{"url":"https:\/\/pubeurope.com\/@de\/117150411119421127","error":""},"_links":{"self":[{"href":"https:\/\/www.europesays.com\/de\/wp-json\/wp\/v2\/posts\/1257420","targetHints":{"allow":["GET"]}}],"collection":[{"href":"https:\/\/www.europesays.com\/de\/wp-json\/wp\/v2\/posts"}],"about":[{"href":"https:\/\/www.europesays.com\/de\/wp-json\/wp\/v2\/types\/post"}],"author":[{"embeddable":true,"href":"https:\/\/www.europesays.com\/de\/wp-json\/wp\/v2\/users\/2"}],"replies":[{"embeddable":true,"href":"https:\/\/www.europesays.com\/de\/wp-json\/wp\/v2\/comments?post=1257420"}],"version-history":[{"count":0,"href":"https:\/\/www.europesays.com\/de\/wp-json\/wp\/v2\/posts\/1257420\/revisions"}],"wp:featuredmedia":[{"embeddable":true,"href":"https:\/\/www.europesays.com\/de\/wp-json\/wp\/v2\/media\/1257421"}],"wp:attachment":[{"href":"https:\/\/www.europesays.com\/de\/wp-json\/wp\/v2\/media?parent=1257420"}],"wp:term":[{"taxonomy":"category","embeddable":true,"href":"https:\/\/www.europesays.com\/de\/wp-json\/wp\/v2\/categories?post=1257420"},{"taxonomy":"post_tag","embeddable":true,"href":"https:\/\/www.europesays.com\/de\/wp-json\/wp\/v2\/tags?post=1257420"}],"curies":[{"name":"wp","href":"https:\/\/api.w.org\/{rel}","templated":true}]}}