{"id":1257422,"date":"2026-08-24T12:09:18","date_gmt":"2026-08-24T12:09:18","guid":{"rendered":"https:\/\/www.europesays.com\/de\/1257422\/"},"modified":"2026-08-24T12:09:18","modified_gmt":"2026-08-24T12:09:18","slug":"mordfall-fabian-angeklagte-im-fall-fabian-streitet-tat-ab","status":"publish","type":"post","link":"https:\/\/www.europesays.com\/de\/1257422\/","title":{"rendered":"Mordfall Fabian: Angeklagte im Fall Fabian streitet Tat ab"},"content":{"rendered":"<p class=\"paragraph article__item\">Die Angeklagte im Mordfall Fabian hat vor dem Landgericht Rostock die Tat abgestritten. Die 30-J\u00e4hrige sagte in einer verlesenen Erkl\u00e4rung, dass sie den Fundort des Leichnams am 13. Oktober erstmals<br \/>\ngesehen habe \u2013 also drei Tage, nachdem der achtj\u00e4hrige Junge aus G\u00fcstrow laut<br \/>\nStaatsanwaltschaft get\u00f6tet wurde.\n<\/p>\n<p class=\"paragraph article__item\">Zeugen hatten im Prozess ausgesagt, dass sie<br \/>\ndie Frau an Fabians Todestag mit ihrem auff\u00e4lligen Pickup-Auto auf einem<br \/>\nFeldweg in der N\u00e4he des Fundortes gesehen h\u00e4tten. Die Angeklagte sagte,<br \/>\nsie sei am Tattag in der N\u00e4he des Fundortes bei<br \/>\n Klein Upahl spazieren gewesen. H\u00e4tte sie die Tat begangen, wie ihr<br \/>\nvorgeworfen werde, w\u00e4re sie mit Sicherheit \u00bbnicht so dumm gewesen\u00ab und<br \/>\nan Zeugen vorbeigefahren.\n<\/p>\n<p>                                    95 Seiten Papier            <\/p>\n<p class=\"paragraph article__item\">Sie verlas, sie habe die Leiche am Abend des 13.<br \/>\nOktober gefunden, als sie mit zwei unterschiedlichen Freunden<br \/>\njeweils am Fundort war. Die Freunde h\u00e4tten ihr aber eindringlich<br \/>\nabgeraten, die Polizei zu rufen, sagte die 30-J\u00e4hrige. Sie meldete den<br \/>\nFund erst am 14. Oktober.\n<\/p>\n<p class=\"paragraph article__item\">Die 30-j\u00e4hrige Frau verlas ihre Aussage von einem gro\u00dfen Stapel DIN-A4-Bl\u00e4tter. Nach zwei Stunden unterbrach der Vorsitzende Richter Holger Sch\u00fctt die<br \/>\nVerlesung f\u00fcr eine Pause. Nach Angaben der Verteidigung hatte sie zu dem<br \/>\n Zeitpunkt 50 der insgesamt 95 Seiten ihrer Erkl\u00e4rung verlesen.\n<\/p>\n<p>            Aussagen \u00fcber Beziehung zu Fabians Vater            <\/p>\n<p class=\"paragraph article__item\">W\u00e4hrend ihrer Aussage beschrieb sie unter anderem ihre Beziehung zu dem achtj\u00e4hrigen Mordopfer Fabian und dessen Vater. Sie habe sich in Fabians Vater verliebt und sei sehr schnell mit ihm zusammengezogen, sagte die 30-J\u00e4hrige. Ihr etwa gleichaltriger Sohn und Fabian h\u00e4tten sich gut verstanden. Sp\u00e4ter kam es ihren Angaben nach zu Spannungen zwischen ihr und Fabians Vater, auch weil sie nach einer ungeplanten Schwangerschaft abgetrieben habe.\n<\/p>\n<p>                            \u00a9\u00a0Lea Dohle<\/p>\n<p>\n                                        Newsletter<br \/>\n                                        Was jetzt? \u2013 Der t\u00e4gliche Morgen\u00fcberblick<\/p>\n<p class=\"newsletter-signup__text\">Starten Sie mit unserem kurzen Nachrichten-Newsletter in den Tag. Erhalten Sie zudem freitags das digitale Magazin ZEIT am Wochenende.<\/p>\n<p class=\"newsletter-signup__datapolicy\" hidden=\"\">\n            Mit Ihrer Registrierung nehmen Sie die <a href=\"https:\/\/datenschutz.zeit.de\/zon#Newsletter\" target=\"_blank\" rel=\"nofollow noopener\">Datenschutzerkl\u00e4rung<\/a> zur Kenntnis.\n        <\/p>\n<p>    Vielen Dank! Wir haben Ihnen eine E-Mail geschickt.<\/p>\n<p>Pr\u00fcfen Sie Ihr Postfach und best\u00e4tigen Sie das Newsletter-Abonnement.<\/p>\n<p class=\"paragraph article__item\">Oft schickte sie im Minutentakt Sprachnachrichten an Fabians<br \/>\n Vater, mit dem sie bis August 2025 eine vierj\u00e4hrige Beziehung f\u00fchrte.<br \/>\nIn den Chats ging es um Liebe, Trennung, Vorw\u00fcrfe der L\u00fcge und<br \/>\nEifersucht. <a href=\"https:\/\/www.zeit.de\/news\/2026-06\/09\/fall-fabian-smartphone-der-angeklagte-als-spurenquelle\" target=\"_blank\" rel=\"nofollow noopener\">Diese Sprachmemos wurden bereits in den vergangenen Prozesstagen vor Gericht abgespielt.<\/a>\n<\/p>\n<p>            K\u00fcchenrolle mit Fabians Blut            <\/p>\n<p class=\"paragraph article__item\">Sie ging in ihrer Aussage auch auf ein Beweismittel ein, welches die Ermittler in den Prozess eingef\u00fchrt hatten. Es handelt sich dabei um eine K\u00fcchenrolle mit dem Blut des toten Fabian, welche im hinteren Teil ihres Autos gefunden worden war.\u00a0<\/p>\n<p class=\"paragraph article__item\">Die Angeklagte sagte, dass sich Fabian bei einem Ausflug an einen Badesee im August 2025 leicht am Fu\u00df verletzt habe. Sie habe die kaum blutende Wunde mit einem Pflaster versorgt und mit<br \/>\neiner K\u00fcchenrolle abgetupft, ohne das Blatt von der Rolle abzurei\u00dfen.\n<\/p>\n<p class=\"paragraph article__item\">Emotional wurde die 30-J\u00e4hrige, als sie vom Tod ihres Lieblingspferdes berichtete. Der Richter unterbrach die Anh\u00f6rung nach einer halben Stunde, um der Angeklagten eine kurze Pause zu gew\u00e4hren.\n<\/p>\n<p>            Pers\u00f6nlichkeitsst\u00f6rung mit Borderline-Symptomen            <\/p>\n<p class=\"paragraph article__item\">Wegen einer <a href=\"https:\/\/www.zeit.de\/news\/2026-07\/09\/fall-fabian-therapeut-schildert-persoenlichkeitsstoerung\" target=\"_blank\" rel=\"nofollow noopener\">Pers\u00f6nlichkeitsst\u00f6rung mit Borderline-Symptomen <\/a>bezieht die Angeklagte seit Jahren eine Erwerbsunf\u00e4higkeitsrente. Weil sie f\u00fcnf Pferde besitzt, war sie auf die finanzielle Hilfe von Fabians Vater angewiesen.\n<\/p>\n<p class=\"paragraph article__item\">Die 30-j\u00e4hrige Frau soll Fabian<br \/>\n laut Anklage am 10. Oktober 2025 an einem Teich bei Klein Upahl, etwa<br \/>\n15 Kilometer s\u00fcdlich von G\u00fcstrow, erstochen <a href=\"https:\/\/www.zeit.de\/news\/2026-07\/07\/polizisten-berichten-zu-handys-und-fundort-im-fall-fabian\" target=\"_blank\" rel=\"nofollow noopener\">und den Leichnam<br \/>\nanschlie\u00dfend in Brand gesetzt haben<\/a>. Das Motiv soll mit dem Verh\u00e4ltnis der Angeklagten zu Fabians Vater und dem zeitweisen Ende dieser Beziehung zusammenh\u00e4ngen.\n<\/p>\n<p>            Letzter Verhandlungstag f\u00fcr den 10. September geplant            <\/p>\n<p class=\"paragraph article__item\">In dem seit dem 28. April laufenden<br \/>\nIndizienprozess wurden bereits zahlreiche Zeugen geh\u00f6rt und Gutachten vorgelegt. Er st\u00f6\u00dft seit Beginn auf gro\u00dfes \u00f6ffentliches Interesse und wird von hohen Sicherheitsvorkehrungen begleitet.\n<\/p>\n<p class=\"paragraph article__item\">Als letzter Verhandlungstag ist der 10.<br \/>\nSeptember terminiert. Ob dann das Urteil gesprochen oder der Prozess verl\u00e4ngert wird, ist noch offen.\n<\/p>\n<p>Mehr zum Thema<\/p>\n<p>                <a href=\"https:\/\/www.zeit.de\/zeit-verbrechen\/2026\/39\/religioeser-wahn-familie-schizophrenie-mutter-schwester\" data-ct-label=\"Religi\u00f6ser Wahn in der Familie: \u00bbWenn du das jemandem erz\u00e4hlst, kommen wir beide ins Gef\u00e4ngnis\u00ab\" data-uuid=\"cb532c3c-8b21-416d-adb4-d52db81a0cf5\" rel=\"nofollow noopener\" target=\"_blank\"><\/p>\n<p>        Z+ (abopflichtiger Inhalt);<\/p>\n<p>    Religi\u00f6ser Wahn in der Familie:<br \/>\n                        \u00bbWenn du das jemandem erz\u00e4hlst, kommen wir beide ins Gef\u00e4ngnis\u00ab<\/p>\n<p>                <\/a><\/p>\n<p>                <a href=\"https:\/\/www.zeit.de\/2026\/34\/justiz-strafverteidigerin-fehlurteile-bayern-gefaengnis-regina-rick\" data-ct-label=\"\u00bbEiskeller\u00ab-Fall: Die Rottweilerin\" data-uuid=\"e0c5b1f5-c0c4-4f81-81a7-48fe63946109\" rel=\"nofollow noopener\" target=\"_blank\"><\/p>\n<p>        Z+ (abopflichtiger Inhalt);<\/p>\n<p>    \u00bbEiskeller\u00ab-Fall:<br \/>\n                        Die Rottweilerin<\/p>\n<p>                <\/a><\/p>\n<p>                <a href=\"https:\/\/www.zeit.de\/2026\/33\/versuchter-totschlag-zwangsehe-familie-bremen-gericht\" data-ct-label=\"Versuchter Totschlag: \u00bbWir fahren jetzt in den Tod\u00ab\" data-uuid=\"3e6f5646-90bb-4f77-bc95-915e58916af1\" rel=\"nofollow noopener\" target=\"_blank\"><\/p>\n<p>        Z+ (abopflichtiger Inhalt);<\/p>\n<p>    Versuchter Totschlag:<br \/>\n                        \u00bbWir fahren jetzt in den Tod\u00ab<\/p>\n<p>                <\/a><\/p>\n","protected":false},"excerpt":{"rendered":"Die Angeklagte im Mordfall Fabian hat vor dem Landgericht Rostock die Tat abgestritten. Die 30-J\u00e4hrige sagte in einer&hellip;\n","protected":false},"author":2,"featured_media":1257423,"comment_status":"","ping_status":"","sticky":false,"template":"","format":"standard","meta":{"footnotes":"","_share_on_mastodon":"0"},"categories":[5],"tags":[587,3185,1724,13,4933,132430,14,15,19170,583,12,10,8,9,11],"class_list":["post-1257422","post","type-post","status-publish","format-standard","has-post-thumbnail","category-nachrichten","tag-ermittlung","tag-gerichtsverfahren","tag-gesellschaft","tag-headlines","tag-landgericht","tag-mordfall-fabian","tag-nachrichten","tag-news","tag-opfer","tag-rostock","tag-schlagzeilen","tag-top-news","tag-top-meldungen","tag-topmeldungen","tag-topnews"],"share_on_mastodon":{"url":"https:\/\/pubeurope.com\/@de\/117150414455037851","error":""},"_links":{"self":[{"href":"https:\/\/www.europesays.com\/de\/wp-json\/wp\/v2\/posts\/1257422","targetHints":{"allow":["GET"]}}],"collection":[{"href":"https:\/\/www.europesays.com\/de\/wp-json\/wp\/v2\/posts"}],"about":[{"href":"https:\/\/www.europesays.com\/de\/wp-json\/wp\/v2\/types\/post"}],"author":[{"embeddable":true,"href":"https:\/\/www.europesays.com\/de\/wp-json\/wp\/v2\/users\/2"}],"replies":[{"embeddable":true,"href":"https:\/\/www.europesays.com\/de\/wp-json\/wp\/v2\/comments?post=1257422"}],"version-history":[{"count":0,"href":"https:\/\/www.europesays.com\/de\/wp-json\/wp\/v2\/posts\/1257422\/revisions"}],"wp:featuredmedia":[{"embeddable":true,"href":"https:\/\/www.europesays.com\/de\/wp-json\/wp\/v2\/media\/1257423"}],"wp:attachment":[{"href":"https:\/\/www.europesays.com\/de\/wp-json\/wp\/v2\/media?parent=1257422"}],"wp:term":[{"taxonomy":"category","embeddable":true,"href":"https:\/\/www.europesays.com\/de\/wp-json\/wp\/v2\/categories?post=1257422"},{"taxonomy":"post_tag","embeddable":true,"href":"https:\/\/www.europesays.com\/de\/wp-json\/wp\/v2\/tags?post=1257422"}],"curies":[{"name":"wp","href":"https:\/\/api.w.org\/{rel}","templated":true}]}}