{"id":1257427,"date":"2026-08-24T12:13:20","date_gmt":"2026-08-24T12:13:20","guid":{"rendered":"https:\/\/www.europesays.com\/de\/1257427\/"},"modified":"2026-08-24T12:13:20","modified_gmt":"2026-08-24T12:13:20","slug":"bpol-ki-mann-beleidigt-tritt-und-kneift-polizisten-nach-platzverweis-im-bahnhof-kiel","status":"publish","type":"post","link":"https:\/\/www.europesays.com\/de\/1257427\/","title":{"rendered":"BPOL-KI: Mann beleidigt, tritt und kneift Polizisten nach Platzverweis im Bahnhof Kiel"},"content":{"rendered":"<p class=\"date\">24.08.2026 \u2013 13:07<\/p>\n<p class=\"customer\">\n                        <a class=\"story-customer\" title=\"weiter zum newsroom von Bundespolizeiinspektion Kiel\" href=\"https:\/\/www.presseportal.de\/blaulicht\/nr\/70257\" rel=\"nofollow noopener\" target=\"_blank\">Bundespolizeiinspektion Kiel<\/a>\n                    <\/p>\n<p><a data-category=\"citylink-story-view\" data-action=\"click\" data-label=\"Citylink in Meldungsansicht\" class=\"story-city event-trigger\" href=\"https:\/\/www.presseportal.de\/regional\/Kiel\" title=\"News aus Kiel \" rel=\"nofollow noopener\" target=\"_blank\">Kiel<\/a> (ots)<\/p>\n<p>Bundespolizisten erteilten einem Mann am Morgen des 22.08.2026 einen Platzverweis f\u00fcr den Bahnhof Kiel. Diesem kam er mehrfach nicht nach und beleidigte die eingesetzten Polizisten weit unter der G\u00fcrtellinie. Zudem griff er sie t\u00e4tlich antrat und versuchte sie zu kneifen.<\/p>\n<p>Am 22.08.2026 gegen 06:30 Uhr baten Sicherheitsmitarbeiter der Deutsche Bahn um Unterst\u00fctzung bei der Durchsetzung eines Bahnhofsverbotes. Ein Mann habe zuvor Passanten und Reisende angebettelt und k\u00e4me dem Verbot trotz mehrfacher Aufforderung nicht nach.<br \/>\nAuf H\u00f6he eines Fast-Food-Restaurants im Kieler Bahnhof wurde der polizeibekannte 27-j\u00e4hrige Deutsche dann durch eine Bundespolizeistreife angetroffen und darauf hingewiesen, dass das Betteln hausordnungsrechtlich im Bahnhof nicht erlaubt sei und er Bahnhof nun verlassen m\u00fcsse.<br \/>\nEr wurde auf der Stelle aggressiv und schrie die eingesetzten Polizisten an. Die Beamten f\u00fchrten ihn daraufhin am Arm aus dem Haupteingang des Bahnhofs. Dabei beleidigte er sie mehrfach in abwertender Art und Weise der untersten Kategorie.<br \/>\nDie Beamten erteilten dem 27-J\u00e4hrigen eine Platzverweis f\u00fcr den Bahnhof. Als sie den Bereich wieder verlie\u00dfen, betrat der Mann unmittelbar wieder den Bahnhof. Er wurde abermals aufgefordert, sich zu entfernen und eine Gewahrsamnahme bei Nichtbefolgung angedroht. W\u00e4hrenddessen beleidigte er die eingesetzten Bundespolizisten erneut wie bereits zuvor.<br \/>\nDanach schien er den Bereich Richtung Kiel-Gaarden verlassen zu wollen, jedoch nur um den Versuch zu starten, \u00fcber die Kaisertreppe wieder in den Bahnhof zu gelangen. Zur Durchsetzung Platzverweises wurde dann vor Ort die Ingewahrsamnahme ausgesprochen. Im Rahmen der Durchsuchung drohte er mit Schl\u00e4gen. Bei der Fesselung sperrte er sich und trat nach den Beamten. Bei der Verbringung in den Dienstwagen zur \u00dcberf\u00fchrung in das Polizeigewahrsam trat er mit voller Wucht gegen die Schiebet\u00fcr. W\u00e4hrend der Fahrt versuchte er die sichernden Beamten zu treten und zu kneifen. Ein Beamter erlitt Verletzungen am Knie, war aber weiterhin dienstf\u00e4hig.<br \/>\nDer 27-j\u00e4hrige Deutsche wurde im Anschluss gegen 07:00 Uhr an das Polizeigewahrsam \u00fcbergeben und wurde von dort am Nachmittag wieder entlassen.<br \/>\nAuf ihn kommen nun eine Reihe von Strafanzeigen in Form von t\u00e4tlichem Angriff, Widerstand gegen Vollstreckungsbeamte, K\u00f6rperverletzung, Sachbesch\u00e4digung, Bedrohung und Beleidigung zu.<\/p>\n<p>Andr\u00e9 Fischer &#8211; Pressestelle Bundespolizeiinspektion Kiel<\/p>\n<p class=\"contact-headline\">R\u00fcckfragen bitte an:<\/p>\n<p class=\"contact-text\">Bundespolizeiinspektion Kiel<br \/>Pressestelle<br \/>Andr\u00e9 Fischer<br \/>Telefon: 0431\/ 980 71 &#8211; 119<br \/>E-Mail: <a href=\"https:\/\/www.presseportal.de\/blaulicht\/pm\/70257\/mailto:presse.kiel@polizei.bund.de\" class=\"uri-mailto\" rel=\"nofollow noopener\" target=\"_blank\">presse.kiel@polizei.bund.de<\/a><br \/><a target=\"_blank\" class=\"uri-ext outbound\" rel=\"noopener nofollow\" href=\"https:\/\/www.bundespolizei.de\">www.bundespolizei.de<\/a><br \/>Twitter: @bpol_kueste<\/p>\n<p>Die Bundespolizeidirektion Bad Bramstedt gew\u00e4hrleistet als <br \/>Bundesbeh\u00f6rde die Wahrnehmung ihrer<br \/>\u00fcbertragenen Aufgaben in Schleswig-Holstein, Mecklenburg-Vorpommern <br \/>sowie auf Nord- und<br \/>Ostsee. Etwa 2.700 Mitarbeiterinnen und Mitarbeiter, darunter <br \/>Polizei- und Verwaltungsbeamte<br \/>sowie Angestellte, sorgen auf Grundlage des Bundespolizeigesetzes und<br \/>weiterer Rechtsvorschriften<br \/>im Rahmen der Gefahrenabwehr und Strafverfolgung f\u00fcr Sicherheit an <br \/>den Grenzen, auf<br \/>Bahnanlagen und auf See.<\/p>\n<p>Die nachgeordneten Bundespolizeiinspektionen in Flensburg, Kiel, <br \/>Rostock, Stralsund und Pasewalk<br \/>sowie die Bundespolizeiinspektion Kriminalit\u00e4tsbek\u00e4mpfung Rostock und<br \/>die Kr\u00e4fte der Mobilen <br \/>Kontroll- und \u00dcberwachungseinheit sind 24\/7 im Einsatz. Mit den <br \/>Bundespolizeiinspektionen See in<br \/>Neustadt in Holstein, Warnem\u00fcnde und Cuxhaven sowie der maritimen <br \/>Kriminalit\u00e4tsbek\u00e4mpfung im<br \/>Direktionsbereich See und einem eigenen Maritimen Schulungs- und <br \/>Trainingszentrum, verf\u00fcgt die<br \/>Bundepolizeidirektion Bad Bramstedt bundesweit einzigartig \u00fcber eine <br \/>maritime Einsatzkomponente.<\/p>\n<p>Die Bundespolizei See sch\u00fctzt und \u00fcberwacht Tag und Nacht die <br \/>Seegrenze (EU-Au\u00dfengrenze),<br \/>maritime kritische Infrastruktur, den Seeverkehr auf Nord- und Ostsee<br \/>mit modernen und<br \/>leistungsf\u00e4higen Einsatzschiffen und -booten.<\/p>\n<p>Weitere Informationen zur Bundespolizei und zur <br \/>Bundespolizeidirektion Bad Bramstedt erhalten Sie<br \/>unter <a target=\"_blank\" class=\"uri-ext outbound\" rel=\"noopener nofollow\" href=\"https:\/\/www.bundespolizei.de\">www.bundespolizei.de<\/a>.<\/p>\n<p class=\"originator\">Original-Content von: Bundespolizeiinspektion Kiel, \u00fcbermittelt durch news aktuell<\/p>\n","protected":false},"excerpt":{"rendered":"24.08.2026 \u2013 13:07 Bundespolizeiinspektion Kiel Kiel (ots) Bundespolizisten erteilten einem Mann am Morgen des 22.08.2026 einen Platzverweis f\u00fcr&hellip;\n","protected":false},"author":2,"featured_media":1184682,"comment_status":"","ping_status":"","sticky":false,"template":"","format":"standard","meta":{"footnotes":"","_share_on_mastodon":"0"},"categories":[1852],"tags":[3364,29,548,663,3934,30,13,691,4949,1352,14,15,121,178,180,179,181,12,1971,17990],"class_list":["post-1257427","post","type-post","status-publish","format-standard","has-post-thumbnail","category-kiel","tag-de","tag-deutschland","tag-eu","tag-europa","tag-europe","tag-germany","tag-headlines","tag-hh","tag-kiel","tag-mv","tag-nachrichten","tag-news","tag-polizei","tag-presse","tag-pressemeldung","tag-pressemitteilung","tag-pressemitteilungen","tag-schlagzeilen","tag-schleswig-holstein","tag-sh"],"share_on_mastodon":{"url":"https:\/\/pubeurope.com\/@de\/117150430647122622","error":""},"_links":{"self":[{"href":"https:\/\/www.europesays.com\/de\/wp-json\/wp\/v2\/posts\/1257427","targetHints":{"allow":["GET"]}}],"collection":[{"href":"https:\/\/www.europesays.com\/de\/wp-json\/wp\/v2\/posts"}],"about":[{"href":"https:\/\/www.europesays.com\/de\/wp-json\/wp\/v2\/types\/post"}],"author":[{"embeddable":true,"href":"https:\/\/www.europesays.com\/de\/wp-json\/wp\/v2\/users\/2"}],"replies":[{"embeddable":true,"href":"https:\/\/www.europesays.com\/de\/wp-json\/wp\/v2\/comments?post=1257427"}],"version-history":[{"count":0,"href":"https:\/\/www.europesays.com\/de\/wp-json\/wp\/v2\/posts\/1257427\/revisions"}],"wp:featuredmedia":[{"embeddable":true,"href":"https:\/\/www.europesays.com\/de\/wp-json\/wp\/v2\/media\/1184682"}],"wp:attachment":[{"href":"https:\/\/www.europesays.com\/de\/wp-json\/wp\/v2\/media?parent=1257427"}],"wp:term":[{"taxonomy":"category","embeddable":true,"href":"https:\/\/www.europesays.com\/de\/wp-json\/wp\/v2\/categories?post=1257427"},{"taxonomy":"post_tag","embeddable":true,"href":"https:\/\/www.europesays.com\/de\/wp-json\/wp\/v2\/tags?post=1257427"}],"curies":[{"name":"wp","href":"https:\/\/api.w.org\/{rel}","templated":true}]}}