{"id":1257443,"date":"2026-08-24T12:25:29","date_gmt":"2026-08-24T12:25:29","guid":{"rendered":"https:\/\/www.europesays.com\/de\/1257443\/"},"modified":"2026-08-24T12:25:29","modified_gmt":"2026-08-24T12:25:29","slug":"karlsruhe-gestohlener-hyundai-fuehrt-zu-festnahme-nach-autohaus-einbruch","status":"publish","type":"post","link":"https:\/\/www.europesays.com\/de\/1257443\/","title":{"rendered":"Karlsruhe: Gestohlener Hyundai f\u00fchrt zu Festnahme nach Autohaus-Einbruch"},"content":{"rendered":"<p class=\"mb-6 text-xs-varying md:text-m lg:text-l font-serif group-[.font-sans]:font-sans \">\n    Nach Angaben der Polizei bemerkten Zeugen am <strong class=\"font-bold\">Samstag, 22. August 2026<\/strong>, gegen 22 Uhr eine verd\u00e4chtige Person im Inneren eines Autohauses in der Rheinstra\u00dfe in Karlsruhe-M\u00fchlburg. Sie verst\u00e4ndigten umgehend die Polizei. Eintreffende Beamte \u00fcberpr\u00fcften das Gel\u00e4nde und trafen auf einen 27-j\u00e4hrigen Tatverd\u00e4chtigen, der offenbar gerade ein Fahrzeug mit einer Lades\u00e4ule verband.\n  <\/p>\n<p>            Besch\u00e4digte Scheibe und Werkzeuge in Karlsruhe-M\u00fchlburg sichergestellt<\/p>\n<p class=\"mb-6 text-xs-varying md:text-m lg:text-l font-serif group-[.font-sans]:font-sans \">\n    Die Beamten nahmen den Mann vorl\u00e4ufig fest. Bei der anschlie\u00dfenden Durchsuchung des Autohauses stellten sie eine besch\u00e4digte Scheibe an der Geb\u00e4uder\u00fcckseite sowie weitere Besch\u00e4digungen im Innenraum fest. <strong class=\"font-bold\">Nach derzeitigem Kenntnisstand entwendete der Tatverd\u00e4chtige nichts aus dem Autohaus.<\/strong>\n  <\/p>\n<p>            Polizei findet Werkzeuge und Wertgegenst\u00e4nde im Auto<\/p>\n<p class=\"mb-6 text-xs-varying md:text-m lg:text-l font-serif group-[.font-sans]:font-sans \">\n    Im Fahrzeug des 27-J\u00e4hrigen fanden die Beamten zahlreiche Werkzeuge sowie Wertgegenst\u00e4nde. Die weiteren Ermittlungen ergaben, dass das Fahrzeug des Mannes offenbar gestohlen war und er keine g\u00fcltige Fahrerlaubnis besa\u00df. Hinweise auf einen zur\u00fcckliegenden Bet\u00e4ubungsmittelkonsum f\u00fchrten zu einer Blutentnahme auf der Dienststelle. Den mutma\u00dflich gestohlenen Hyundai beschlagnahmten und schleppten die Beamten ab.\n  <\/p>\n<p class=\"mb-6 text-xs-varying md:text-m lg:text-l font-serif group-[.font-sans]:font-sans \">\n    Der 27-J\u00e4hrige muss sich nun unter anderem wegen Einbruchs, Diebstahls und Fahrens ohne Fahrerlaubnis verantworten.\n  <\/p>\n<p class=\"mb-6 text-xs-varying md:text-m lg:text-l font-serif group-[.font-sans]:font-sans \">\n    Quelle: Polizei<a href=\"https:\/\/www.presseportal.de\/blaulicht\/pm\/110972\/6338740\" rel=\"nofollow noopener\" target=\"_blank\" class=\"underline \">pr\u00e4sidium Karlsruhe. Hinwei<\/a>s: Diese Meldung wurde unterst\u00fctzt von KI erstellt.\n  <\/p>\n","protected":false},"excerpt":{"rendered":"Nach Angaben der Polizei bemerkten Zeugen am Samstag, 22. August 2026, gegen 22 Uhr eine verd\u00e4chtige Person im&hellip;\n","protected":false},"author":2,"featured_media":805161,"comment_status":"","ping_status":"","sticky":false,"template":"","format":"standard","meta":{"footnotes":"","_share_on_mastodon":"0"},"categories":[1844],"tags":[513,4890,1634,3364,29,218945,2819,514,980,30,9561,8903,1256,121],"class_list":["post-1257443","post","type-post","status-publish","format-standard","has-post-thumbnail","category-karlsruhe","tag-auto","tag-autohaus","tag-baden-wuerttemberg","tag-de","tag-deutschland","tag-drogenverdacht","tag-einbruch","tag-fahrzeug","tag-festnahme","tag-germany","tag-hyundai-motor","tag-karlsruhe","tag-kuenstliche-intelligenz","tag-polizei"],"share_on_mastodon":{"url":"https:\/\/pubeurope.com\/@de\/117150477647883219","error":""},"_links":{"self":[{"href":"https:\/\/www.europesays.com\/de\/wp-json\/wp\/v2\/posts\/1257443","targetHints":{"allow":["GET"]}}],"collection":[{"href":"https:\/\/www.europesays.com\/de\/wp-json\/wp\/v2\/posts"}],"about":[{"href":"https:\/\/www.europesays.com\/de\/wp-json\/wp\/v2\/types\/post"}],"author":[{"embeddable":true,"href":"https:\/\/www.europesays.com\/de\/wp-json\/wp\/v2\/users\/2"}],"replies":[{"embeddable":true,"href":"https:\/\/www.europesays.com\/de\/wp-json\/wp\/v2\/comments?post=1257443"}],"version-history":[{"count":0,"href":"https:\/\/www.europesays.com\/de\/wp-json\/wp\/v2\/posts\/1257443\/revisions"}],"wp:featuredmedia":[{"embeddable":true,"href":"https:\/\/www.europesays.com\/de\/wp-json\/wp\/v2\/media\/805161"}],"wp:attachment":[{"href":"https:\/\/www.europesays.com\/de\/wp-json\/wp\/v2\/media?parent=1257443"}],"wp:term":[{"taxonomy":"category","embeddable":true,"href":"https:\/\/www.europesays.com\/de\/wp-json\/wp\/v2\/categories?post=1257443"},{"taxonomy":"post_tag","embeddable":true,"href":"https:\/\/www.europesays.com\/de\/wp-json\/wp\/v2\/tags?post=1257443"}],"curies":[{"name":"wp","href":"https:\/\/api.w.org\/{rel}","templated":true}]}}