{"id":1257469,"date":"2026-08-24T12:43:19","date_gmt":"2026-08-24T12:43:19","guid":{"rendered":"https:\/\/www.europesays.com\/de\/1257469\/"},"modified":"2026-08-24T12:43:19","modified_gmt":"2026-08-24T12:43:19","slug":"laver-cup-infos-zu-spielplan-uebertragung-und-co-tennis-news","status":"publish","type":"post","link":"https:\/\/www.europesays.com\/de\/1257469\/","title":{"rendered":"Laver Cup: Infos zu Spielplan, \u00dcbertragung und Co. | Tennis News"},"content":{"rendered":"<p>Wann findet der Laver Cup 2026 statt? Alle Infos zu Spielplan, Ergebnissen, Teams, Spielern, \u00dcbertragung und Modus des Tennis-Events in London.<\/p>\n<p>Vom 25. bis 27. September 2026 trifft <strong>Team Europe<\/strong> beim Laver Cup in London auf <strong>Team World<\/strong>. Mit dabei sind unter anderem <a href=\"https:\/\/sport.sky.de\/tennis\" target=\"_blank\" rel=\"nofollow noopener\">Tennis<\/a>-Gr\u00f6\u00dfen wie <a href=\"https:\/\/sport.sky.de\/thema\/carlos-alcaraz\/10923\" target=\"_blank\" rel=\"nofollow noopener\">Carlos Alcaraz<\/a> und <a href=\"https:\/\/sport.sky.de\/thema\/alexander-zverev\/10922\" target=\"_blank\" rel=\"nofollow noopener\">Alexander Zverev<\/a>.<\/p>\n<p>\n        Laver Cup 2026: Im \u00dcberblick\n      <\/p>\n<ul class=\"sdc-article-factbox__list\">\n<li class=\"sdc-article-factbox__text\">Turnierdauer: Freitag, 25. September 2026 &#8211; Sonntag, 27. September 2026<\/li>\n<li class=\"sdc-article-factbox__text\">Austragungsort: The O2, London<\/li>\n<li class=\"sdc-article-factbox__text\">Untergrund: Hartplatz in der Halle<\/li>\n<li class=\"sdc-article-factbox__text\">Teams: Team Europe und Team World<\/li>\n<li class=\"sdc-article-factbox__text\">Anzahl der Spieler: Sechs Spieler pro Mannschaft<\/li>\n<li class=\"sdc-article-factbox__text\">Ben\u00f6tigte Punkte zum Sieg: 13 Punkte<\/li>\n<\/ul>\n<p>Alle Infos zu Termin, Austragungsort, Teams, Spielplan, Modus und \u00dcbertragung gibt es hier.<\/p>\n<p>Laver Cup 2026: Spielplan und Termine<\/p>\n<p>Der Laver Cup wird \u00fcber drei Tage und f\u00fcnf Sessions ausgetragen. Am Freitag und Samstag gibt es jeweils eine Day Session und eine Night Session. Am Sonntag f\u00e4llt in der abschlie\u00dfenden Session die Entscheidung.<\/p>\n<p>Alle Uhrzeiten beziehen sich auf die Ortszeit in London. Im September gilt sowohl in London als auch in Deutschland noch die Sommerzeit. Deutschland liegt damit <strong>eine Stunde vor London<\/strong>.<\/p>\n<p><strong>Freitag, 25. September 2026<\/strong><\/p>\n<p>Session 1, ab 13:00 Uhr Ortszeit \/ 14:00 Uhr deutscher Zeit<\/p>\n<ul>\n<li>Match 1: Einzel<\/li>\n<li>Match 2: Einzel<\/li>\n<\/ul>\n<p>Session 2, ab 19:00 Uhr Ortszeit \/ 20:00 Uhr deutscher Zeit<\/p>\n<ul>\n<li>Match 3: Einzel<\/li>\n<li>Match 4: Doppel<\/li>\n<\/ul>\n<p><strong>Samstag, 26. September 2026<\/strong><\/p>\n<p>Session 3, ab 13:00 Uhr Ortszeit \/ 14:00 Uhr deutscher Zeit<\/p>\n<ul>\n<li>Match 5: Einzel<\/li>\n<li>Match 6: Einzel<\/li>\n<\/ul>\n<p>Session 4, ab 19:00 Uhr Ortszeit \/ 20:00 Uhr deutscher Zeit<\/p>\n<ul>\n<li>Match 7: Einzel<\/li>\n<li>Match 8: Doppel<\/li>\n<\/ul>\n<p><strong>Sonntag, 27. September 2026<\/strong><\/p>\n<p>Session 5, ab 12:00 Uhr Ortszeit \/ 13:00 Uhr deutscher Zeit<\/p>\n<ul>\n<li>Match 9: Doppel<\/li>\n<li>Match 10: Einzel, falls erforderlich<\/li>\n<li>Match 11: Einzel, falls erforderlich<\/li>\n<li>Match 12: Einzel, falls erforderlich<\/li>\n<li>Entscheidungsdoppel, falls nach zw\u00f6lf Matches Gleichstand herrscht<\/li>\n<\/ul>\n<p><a href=\"https:\/\/sport.sky.de\/tennis\/spielplan-ergebnisse\" target=\"_blank\" rel=\"nofollow noopener\">Den t\u00e4glichen Spielplan gibt es hier.<\/a><\/p>\n<p>Wer \u00fcbertr\u00e4gt den Laver Cup 2026?<\/p>\n<p>Sky Sport \u00fcbertr\u00e4gt den Laver Cup 2026 <strong>live auf Sky Sport Tennis<\/strong>.<\/p>\n<p>Wann findet der Laver Cup 2026 statt?<\/p>\n<p>Der Laver Cup 2026 wird von <strong>Freitag, den 25. September, bis Sonntag, den 27. September 2026<\/strong>, ausgetragen. Das Turnier umfasst insgesamt f\u00fcnf Sessions und bis zu zw\u00f6lf regul\u00e4re Matches.<\/p>\n<p>Wo findet der Laver Cup 2026 statt?<\/p>\n<p>Austragungsort des Laver Cup 2026 ist die <strong>The O2 Arena in London<\/strong>. Damit kehrt der Wettbewerb vier Jahre nach der Ausgabe 2022 in die britische Hauptstadt zur\u00fcck. Damals absolvierte <a href=\"https:\/\/sport.sky.de\/thema\/roger-federer\/7929\" target=\"_blank\" rel=\"nofollow noopener\">Roger Federer<\/a> in London das letzte Match seiner Profikarriere.<\/p>\n<p>Die Arena liegt auf der Greenwich Peninsula im S\u00fcdosten Londons. Die n\u00e4chstgelegene Station ist <strong>North Greenwich<\/strong>, die \u00fcber die Jubilee Line erreichbar ist.<\/p>\n<p>Laver Cup 2026 Teams<\/p>\n<p>So sehen die Teams f\u00fcr den Laver Cup 2026 aus:<\/p>\n<p><strong>Team Europa:<\/strong><\/p>\n<ul>\n<li>ESP | Carlos Alcaraz &#8211; ATP Ranking Nr. 2<\/li>\n<li>GER | Alexander Zverev &#8211; ATP Ranking Nr. 3<\/li>\n<li>ITA | Flavio Cobolli &#8211; ATP Ranking Nr. 9<\/li>\n<li>NOR | Casper Ruud &#8211; ATP Ranking Nr. 14<\/li>\n<li>ESP | Rafael Jodar &#8211; ATP Ranking Nr. 15<\/li>\n<li>CZE | Jakub Mensik &#8211; ATP Ranking Nr. 17<\/li>\n<\/ul>\n<p>Team World:<\/p>\n<ul>\n<li>AUS | Alex de Minaur &#8211; ATP Ranking Nr. 7<\/li>\n<li>USA | Taylor Fritz &#8211; ATP Ranking Nr. 8<\/li>\n<li>USA | Ben Shelton &#8211; ATP Ranking Nr. 10<\/li>\n<li>KAZ | Alexander Bublik &#8211; ATP Ranking Nr. 11<\/li>\n<li>USA | Learner Tien &#8211; ATP Ranking Nr. 19<\/li>\n<li>USA | Tommy Paul &#8211; ATP Ranking Nr. 21<\/li>\n<\/ul>\n<p>Stand 12. August 2026<\/p>\n<p>Wie funktioniert der Laver Cup?<\/p>\n<p>Beim Laver Cup treten <strong>Team Europe<\/strong> und <strong>Team World<\/strong> gegeneinander an. Beide Mannschaften bestehen aus jeweils sechs Spielern. W\u00e4hrend des Turniers werden Einzel- und Doppelmatches gespielt.<\/p>\n<p>Das Punktesystem sorgt daf\u00fcr, dass die Bedeutung der Begegnungen t\u00e4glich steigt:<\/p>\n<ul>\n<li><strong>Freitag:<\/strong> Ein Punkt pro Matchsieg<\/li>\n<li><strong>Samstag:<\/strong> Zwei Punkte pro Matchsieg<\/li>\n<li><strong>Sonntag:<\/strong> Drei Punkte pro Matchsieg<\/li>\n<\/ul>\n<p>Die Mannschaft, die zuerst <strong>13 Punkte<\/strong> erreicht, gewinnt den Laver Cup. Sollte es nach den zw\u00f6lf regul\u00e4ren Matches unentschieden stehen, entscheidet ein zus\u00e4tzliches Doppel \u00fcber den Turniersieg.<\/p>\n<p>Laver Cup: Wer gewann die letzten Jahre?<\/p>\n<p>Hier findet ihr eine \u00dcbersicht der Laver-Cup-Sieger seit 2017:<\/p>\n<ul>\n<li>2025 | Chase Center, San Francisco | <strong>Team World<\/strong> &#8211; Team Europe 15:9<\/li>\n<li>2024 | Uber Arena, Berlin | <strong>Team Europe<\/strong> &#8211; Team World 13:11<\/li>\n<li>2023 | Rogers Arena, Vancouver | <strong>Team World<\/strong> &#8211; Team Europe 13:2<\/li>\n<li>2022 | The O2, London | <strong>Team World<\/strong> &#8211; Team Europe 13:8<\/li>\n<li>2021 | TD Garden, Boston | <strong>Team Europe<\/strong> &#8211; Team World 14:1<\/li>\n<li>2020 | Keine Austragung<\/li>\n<li>2019 | Palexpo, Genf | <strong>Team Europe<\/strong> &#8211; Team World 13:11<\/li>\n<li>2018 | United Center, Chicago | <strong>Team Europe<\/strong> &#8211; Team World 13:8<\/li>\n<li>2017 | O2 Arena, Prag | <strong>Team Europe<\/strong> &#8211; Team World 15:9<\/li>\n<\/ul>\n<p>In der Gesamtstatistik gewann Team Europa somit f\u00fcnf mal und Team World drei mal.<\/p>\n<p>Erlebe Tennis LIVE auf Sky Sport. Verf\u00fcgbar mit Sky und WOW<\/p>\n<p>Auf Sky Sport siehst du die ATP- und WTA-Tour, inkl. aller Matches der Nitto ATP-Finals und WTA-Finals sowie die gesamten US Open live.<\/p>\n<p><a href=\"https:\/\/sport.sky.de\/tennis\/videos\" target=\"_blank\" rel=\"nofollow noopener\"><strong>Hol dir jetzt Sky Sport &#8211; so, wie es zu dir passt! Alle Infos dazu hier.<\/strong><\/a><\/p>\n<p><a href=\"https:\/\/sport.sky.de\/tennis\/videos\" target=\"_blank\" rel=\"nofollow noopener\"><strong>Alle Highlight-Videos <\/strong>und Interviews kannst du <strong>hier<\/strong><\/a> oder in der <a href=\"https:\/\/sport.sky.de\/skysport-app\" target=\"_blank\" rel=\"nofollow noopener\"><strong>Sky Sport App kostenlos und ohne Abo<\/strong><\/a> ansehen.<\/p>\n<p><a href=\"https:\/\/sport.sky.de\/fussball\/artikel\/sky-sport-redaktion-alle-autoren\/11478233\/33896\" target=\"_blank\" rel=\"nofollow noopener\">Mehr zu den Autoren und Autorinnen auf skysport.de<\/a><\/p>\n<p>Alle weiteren wichtigen Nachrichten aus der Sportwelt gibt es im <a href=\"https:\/\/sport.sky.de\/artikel\/news-update-aktuelle-sport-news-im-ticker\/12133712\/35311\" target=\"_blank\" rel=\"nofollow noopener\">News Update<\/a> nachzulesen.<\/p>\n","protected":false},"excerpt":{"rendered":"Wann findet der Laver Cup 2026 statt? Alle Infos zu Spielplan, Ergebnissen, Teams, Spielern, \u00dcbertragung und Modus des&hellip;\n","protected":false},"author":2,"featured_media":1257470,"comment_status":"","ping_status":"","sticky":false,"template":"","format":"standard","meta":{"footnotes":"","_share_on_mastodon":"0"},"categories":[3933],"tags":[331,332,13005,80520,548,663,158,3934,3935,20798,113621,13,14,15,12,260022,4206,260018,260019,260016,260020,260017,260021,107462,64177,59644,232513],"class_list":["post-1257469","post","type-post","status-publish","format-standard","has-post-thumbnail","category-eu","tag-aktuelle-nachrichten","tag-aktuelle-news","tag-atp-tour","tag-australian-open","tag-eu","tag-europa","tag-europaeische-union","tag-europe","tag-european-union","tag-french-open","tag-grand-slam","tag-headlines","tag-nachrichten","tag-news","tag-schlagzeilen","tag-sky-sport-tennis","tag-tennis","tag-tennis-ergebnisse","tag-tennis-highlights","tag-tennis-live","tag-tennis-livestream","tag-tennis-news","tag-tennis-ranking","tag-tennisturniere","tag-us-open","tag-wimbledon","tag-wta-tour"],"share_on_mastodon":{"url":"","error":""},"_links":{"self":[{"href":"https:\/\/www.europesays.com\/de\/wp-json\/wp\/v2\/posts\/1257469","targetHints":{"allow":["GET"]}}],"collection":[{"href":"https:\/\/www.europesays.com\/de\/wp-json\/wp\/v2\/posts"}],"about":[{"href":"https:\/\/www.europesays.com\/de\/wp-json\/wp\/v2\/types\/post"}],"author":[{"embeddable":true,"href":"https:\/\/www.europesays.com\/de\/wp-json\/wp\/v2\/users\/2"}],"replies":[{"embeddable":true,"href":"https:\/\/www.europesays.com\/de\/wp-json\/wp\/v2\/comments?post=1257469"}],"version-history":[{"count":0,"href":"https:\/\/www.europesays.com\/de\/wp-json\/wp\/v2\/posts\/1257469\/revisions"}],"wp:featuredmedia":[{"embeddable":true,"href":"https:\/\/www.europesays.com\/de\/wp-json\/wp\/v2\/media\/1257470"}],"wp:attachment":[{"href":"https:\/\/www.europesays.com\/de\/wp-json\/wp\/v2\/media?parent=1257469"}],"wp:term":[{"taxonomy":"category","embeddable":true,"href":"https:\/\/www.europesays.com\/de\/wp-json\/wp\/v2\/categories?post=1257469"},{"taxonomy":"post_tag","embeddable":true,"href":"https:\/\/www.europesays.com\/de\/wp-json\/wp\/v2\/tags?post=1257469"}],"curies":[{"name":"wp","href":"https:\/\/api.w.org\/{rel}","templated":true}]}}