{"id":1257490,"date":"2026-08-24T12:56:32","date_gmt":"2026-08-24T12:56:32","guid":{"rendered":"https:\/\/www.europesays.com\/de\/1257490\/"},"modified":"2026-08-24T12:56:32","modified_gmt":"2026-08-24T12:56:32","slug":"handball-vorschau-tsv-hannover-burgdorf-umschwung-im-windschatten-sportmix","status":"publish","type":"post","link":"https:\/\/www.europesays.com\/de\/1257490\/","title":{"rendered":"Handball-Vorschau: TSV Hannover-Burgdorf: Umschwung im Windschatten | Sportmix"},"content":{"rendered":"<p><b>Bei den Zuschauer-Zahlen der <\/b><a href=\"https:\/\/sportbild.bild.de\/sportmix\/handball\/handball\/home-49760070.sport.html\" class=\"text-link\" rel=\"nofollow noopener\" target=\"_blank\"><b>Opel Handball-Bundesliga <\/b><\/a><b>wieder Platz 2 hinter der dem THW Kiel und damit Handball-Vizeweltmeister, in der Abschlusstabelle der Saison 2025\/26 reichte es f\u00fcr die TSV Hannover-Burgdorf nur zu Rang 11. Ern\u00fcchterung in Zentral-Niedersachsen. <\/b><\/p>\n<p>Eine erste Reaktion auf die Delle erfolgte bereits im Januar. Ex-Bundestrainer Christian Prokop raus, Juan Carlos Pastor rein. Der spanische Trainer hat nun seine erste komplette Vorbereitung mit seinem neuen Klub hinter sich. Daran darf er jetzt auch gemessen werden.<\/p>\n<p>Umschwung im Windschatten<\/p>\n<p>Im Grunde genommen wurde die vergangene Saison \u2013 zumindest in der Bundesliga \u2013 bereits verbockt, als sie noch nicht mal zur H\u00e4lfte absolviert war. Unzufriedenheit innerhalb des Kaders, der personell seine Schw\u00e4chen hatte. Ein wahrscheinlich zu sp\u00e4t erfolgter Trainerwechsel. <\/p>\n<p><img decoding=\"async\" width=\"992\" height=\"84\" alt=\"\" loading=\"lazy\" src=\"https:\/\/www.europesays.com\/de\/wp-content\/uploads\/2026\/08\/4d69f44362c84efb5e7a5a3bc5f869a0,bef82825.png\"   class=\"dynamic\"\/><\/p>\n<p>Foto: BILD<\/p>\n<p>Fazit des Sportchefs Sven-S\u00f6ren Christophersen: \u201eWir sind mit dem Gesamtergebnis in der Bundesliga in der letzten Saison nat\u00fcrlich nicht zufrieden. Auch im Pokal durch das Aus beim sp\u00e4teren Finalisten Bergischen HC nicht. In der European League war es okay, da sind wir knapp im Viertelfinale gescheitert. Die Gesamt-Performance in der Bundesliga hat auf jeden Fall Luft nach oben.\u201c<\/p>\n<p><b>Sein Plan f\u00fcr die neue Spielzeit: \u201eAuf uns schauen und nicht so sehr gucken, was die anderen machen.\u201c Mit drei Neuzug\u00e4ngen ging Hannover-Burgdorf die neue Saison an. Der Isl\u00e4nder Sigvaldi Gudjonsson (kam aus Kolstad\/Norwegen) verpasste den Gro\u00dfteil der Vorbereitung zwar wegen R\u00fcckenproblemen, der d\u00fcrfte den abgewanderten Marius Steinhauser (zu Rhein-Neckar L\u00f6wen) jedoch bestens ersetzen. Nationalspieler Sebastian Heymann (kam aus Mannheim) soll die schmerzhafte L\u00fccke im halblinken R\u00fcckraum schlie\u00dfen. Und Kreisl\u00e4ufer Tim Zechel wird zeigen, dass er beim SC Magdeburg die letzten Jahre zu Unrecht unter dem Radar durchflog. <\/b><\/p>\n<p>F\u00fcr die DHB-Nationalspieler Renars Uscins und Justus Fischer wird es die letzte Saison mit Hannover-Burgdorf. Uscins zieht es nach Paris, Fischer nach Kiel. Das deren Abg\u00e4nge die Niedersachsen in ein tiefes Loch schubsen, ist auszuschlie\u00dfen. <\/p>\n","protected":false},"excerpt":{"rendered":"Bei den Zuschauer-Zahlen der Opel Handball-Bundesliga wieder Platz 2 hinter der dem THW Kiel und damit Handball-Vizeweltmeister, in&hellip;\n","protected":false},"author":2,"featured_media":1257491,"comment_status":"","ping_status":"","sticky":false,"template":"","format":"standard","meta":{"footnotes":"","_share_on_mastodon":"0"},"categories":[1836],"tags":[9657,9659,3364,39208,29,11662,1932,23446,30,1391,46,5009,9661,23445,1411,542,9658,23444],"class_list":["post-1257490","post","type-post","status-publish","format-standard","has-post-thumbnail","category-hannover","tag-christian-prokop","tag-christophersen-sven-soeren","tag-de","tag-deutsche-handballnationalmannschaft","tag-deutschland","tag-dhb","tag-dyn-handball","tag-fischer-justus","tag-germany","tag-handball","tag-hannover","tag-hbl","tag-hofmann-kurt","tag-michalczik-marian","tag-niedersachsen","tag-sport-leuchtturm-hamburg","tag-tsv-hannover-burgdorf","tag-uscins-renars"],"share_on_mastodon":{"url":"https:\/\/pubeurope.com\/@de\/117150601394033714","error":""},"_links":{"self":[{"href":"https:\/\/www.europesays.com\/de\/wp-json\/wp\/v2\/posts\/1257490","targetHints":{"allow":["GET"]}}],"collection":[{"href":"https:\/\/www.europesays.com\/de\/wp-json\/wp\/v2\/posts"}],"about":[{"href":"https:\/\/www.europesays.com\/de\/wp-json\/wp\/v2\/types\/post"}],"author":[{"embeddable":true,"href":"https:\/\/www.europesays.com\/de\/wp-json\/wp\/v2\/users\/2"}],"replies":[{"embeddable":true,"href":"https:\/\/www.europesays.com\/de\/wp-json\/wp\/v2\/comments?post=1257490"}],"version-history":[{"count":0,"href":"https:\/\/www.europesays.com\/de\/wp-json\/wp\/v2\/posts\/1257490\/revisions"}],"wp:featuredmedia":[{"embeddable":true,"href":"https:\/\/www.europesays.com\/de\/wp-json\/wp\/v2\/media\/1257491"}],"wp:attachment":[{"href":"https:\/\/www.europesays.com\/de\/wp-json\/wp\/v2\/media?parent=1257490"}],"wp:term":[{"taxonomy":"category","embeddable":true,"href":"https:\/\/www.europesays.com\/de\/wp-json\/wp\/v2\/categories?post=1257490"},{"taxonomy":"post_tag","embeddable":true,"href":"https:\/\/www.europesays.com\/de\/wp-json\/wp\/v2\/tags?post=1257490"}],"curies":[{"name":"wp","href":"https:\/\/api.w.org\/{rel}","templated":true}]}}