{"id":1257524,"date":"2026-08-24T13:18:17","date_gmt":"2026-08-24T13:18:17","guid":{"rendered":"https:\/\/www.europesays.com\/de\/1257524\/"},"modified":"2026-08-24T13:18:17","modified_gmt":"2026-08-24T13:18:17","slug":"orgelmatinee-in-st-matthaeus-am-11-oktober","status":"publish","type":"post","link":"https:\/\/www.europesays.com\/de\/1257524\/","title":{"rendered":"Orgelmatin\u00e9e in St. Matth\u00e4us am 11. Oktober"},"content":{"rendered":"<p class=\"article-text\">Eine Orgelmatin\u00e9e erklingt am Sonntag, 11. Oktober, in St. Matth\u00e4us (Nu\u00dfbaumstr. 1). Beginn ist um 11.30 Uhr. In dem Konzert stehen zwei gr\u00f6\u00dfere fr\u00fch- und sp\u00e4tromantische Bearbeitungen von Chor\u00e4len des vor 350 Jahren gestorbenen Liederdichters Paul Gerhardt auf dem Programm: die dreis\u00e4tzige Sonate \u00fcber \u201eSollt ich meinem Gott nicht singen\u201d des Rotterdamer Organisten Samuel de Lange Sr. (1811-1884) und die Fantasie \u00fcber \u201eNun ruhen alle W\u00e4lder\u201d aus der 1912 entstandenen Sonate in B-Dur von WillyPoschadel(1884-1945). Organist ist Armin Becker. Der Eintritt ist frei, Spenden sind willkommen. Weitere Infos gibt es unter <a href=\"https:\/\/www.stmatthaeus.de\" class=\"auto-detected-link\" target=\"_blank\" rel=\"nofollow noopener\">www.stmatthaeus.de<\/a>.<\/p>\n","protected":false},"excerpt":{"rendered":"Eine Orgelmatin\u00e9e erklingt am Sonntag, 11. Oktober, in St. Matth\u00e4us (Nu\u00dfbaumstr. 1). Beginn ist um 11.30 Uhr. In&hellip;\n","protected":false},"author":2,"featured_media":1257525,"comment_status":"","ping_status":"","sticky":false,"template":"","format":"standard","meta":{"footnotes":"","_share_on_mastodon":"0"},"categories":[1827],"tags":[772,29,260027,30,21797,9246,2636,1268,46592],"class_list":["post-1257524","post","type-post","status-publish","format-standard","has-post-thumbnail","category-muenchen","tag-bayern","tag-deutschland","tag-evang-luth-kirche-st-matthaeus","tag-germany","tag-isarvorstadt","tag-kunst-kultur-veranstaltungen","tag-ludwigsvorstadt","tag-muenchen","tag-orgel"],"share_on_mastodon":{"url":"https:\/\/pubeurope.com\/@de\/117150685971759251","error":""},"_links":{"self":[{"href":"https:\/\/www.europesays.com\/de\/wp-json\/wp\/v2\/posts\/1257524","targetHints":{"allow":["GET"]}}],"collection":[{"href":"https:\/\/www.europesays.com\/de\/wp-json\/wp\/v2\/posts"}],"about":[{"href":"https:\/\/www.europesays.com\/de\/wp-json\/wp\/v2\/types\/post"}],"author":[{"embeddable":true,"href":"https:\/\/www.europesays.com\/de\/wp-json\/wp\/v2\/users\/2"}],"replies":[{"embeddable":true,"href":"https:\/\/www.europesays.com\/de\/wp-json\/wp\/v2\/comments?post=1257524"}],"version-history":[{"count":0,"href":"https:\/\/www.europesays.com\/de\/wp-json\/wp\/v2\/posts\/1257524\/revisions"}],"wp:featuredmedia":[{"embeddable":true,"href":"https:\/\/www.europesays.com\/de\/wp-json\/wp\/v2\/media\/1257525"}],"wp:attachment":[{"href":"https:\/\/www.europesays.com\/de\/wp-json\/wp\/v2\/media?parent=1257524"}],"wp:term":[{"taxonomy":"category","embeddable":true,"href":"https:\/\/www.europesays.com\/de\/wp-json\/wp\/v2\/categories?post=1257524"},{"taxonomy":"post_tag","embeddable":true,"href":"https:\/\/www.europesays.com\/de\/wp-json\/wp\/v2\/tags?post=1257524"}],"curies":[{"name":"wp","href":"https:\/\/api.w.org\/{rel}","templated":true}]}}