{"id":1257526,"date":"2026-08-24T13:19:15","date_gmt":"2026-08-24T13:19:15","guid":{"rendered":"https:\/\/www.europesays.com\/de\/1257526\/"},"modified":"2026-08-24T13:19:15","modified_gmt":"2026-08-24T13:19:15","slug":"wilhelm-sasnal-ausstellung-muenchen-grey-eyes-im-espace-louis-vuitton-muenchen","status":"publish","type":"post","link":"https:\/\/www.europesays.com\/de\/1257526\/","title":{"rendered":"Wilhelm Sasnal Ausstellung M\u00fcnchen: Grey Eyes im Espace Louis Vuitton &#8211; M\u00fcnchen"},"content":{"rendered":"<p data-manual=\"paragraph\" data-schema-org-speakable=\"true\" class=\"css-1ygz9cx\">Immer wieder Augen, Blicke, Sehrichtungen. Nicht immer frontal, nicht immer vollst\u00e4ndig, manchmal abgewandt, mitunter fast unsichtbar. Die Augen von Wilhelm Sasnal lenken die Blicke der Betrachtenden. Auf ungew\u00f6hnliche Perspektiven wie beim \u201eSelbstbildnis\u201c \u00fcber die behaarte Brust hinunter zu den F\u00fc\u00dfen, auf unwirkliche Details wie bei \u201ePotatoe Mountain\u201c oder auf seltsame Leerstellen wie bei der Stra\u00dfenszene. Letzteres \u00fcbrigens ein Bild voller R\u00e4tsel. Ist das davoneilende Fahrzeug ein Lkw oder ein Bus? Und das Rund am Stra\u00dfenrand, ist es ein Ersatzreifen, den der davonfahrende Lkw zur\u00fccklie\u00df, oder doch ein altmodischer Schwimmreif, den ein Kind in dem entschwindenden Bus verga\u00df?<\/p>\n","protected":false},"excerpt":{"rendered":"Immer wieder Augen, Blicke, Sehrichtungen. Nicht immer frontal, nicht immer vollst\u00e4ndig, manchmal abgewandt, mitunter fast unsichtbar. Die Augen&hellip;\n","protected":false},"author":2,"featured_media":1257527,"comment_status":"","ping_status":"","sticky":false,"template":"","format":"standard","meta":{"footnotes":"","_share_on_mastodon":"0"},"categories":[1827],"tags":[2076,2396,772,29,30,2392,2075,64369,1268,149],"class_list":["post-1257526","post","type-post","status-publish","format-standard","has-post-thumbnail","category-muenchen","tag-ausstellung","tag-ausstellung-muenchen","tag-bayern","tag-deutschland","tag-germany","tag-kultur-in-muenchen","tag-kunst","tag-louis-vuitton","tag-muenchen","tag-sueddeutsche-zeitung"],"share_on_mastodon":{"url":"https:\/\/pubeurope.com\/@de\/117150690098459617","error":""},"_links":{"self":[{"href":"https:\/\/www.europesays.com\/de\/wp-json\/wp\/v2\/posts\/1257526","targetHints":{"allow":["GET"]}}],"collection":[{"href":"https:\/\/www.europesays.com\/de\/wp-json\/wp\/v2\/posts"}],"about":[{"href":"https:\/\/www.europesays.com\/de\/wp-json\/wp\/v2\/types\/post"}],"author":[{"embeddable":true,"href":"https:\/\/www.europesays.com\/de\/wp-json\/wp\/v2\/users\/2"}],"replies":[{"embeddable":true,"href":"https:\/\/www.europesays.com\/de\/wp-json\/wp\/v2\/comments?post=1257526"}],"version-history":[{"count":0,"href":"https:\/\/www.europesays.com\/de\/wp-json\/wp\/v2\/posts\/1257526\/revisions"}],"wp:featuredmedia":[{"embeddable":true,"href":"https:\/\/www.europesays.com\/de\/wp-json\/wp\/v2\/media\/1257527"}],"wp:attachment":[{"href":"https:\/\/www.europesays.com\/de\/wp-json\/wp\/v2\/media?parent=1257526"}],"wp:term":[{"taxonomy":"category","embeddable":true,"href":"https:\/\/www.europesays.com\/de\/wp-json\/wp\/v2\/categories?post=1257526"},{"taxonomy":"post_tag","embeddable":true,"href":"https:\/\/www.europesays.com\/de\/wp-json\/wp\/v2\/tags?post=1257526"}],"curies":[{"name":"wp","href":"https:\/\/api.w.org\/{rel}","templated":true}]}}