{"id":1257538,"date":"2026-08-24T13:25:17","date_gmt":"2026-08-24T13:25:17","guid":{"rendered":"https:\/\/www.europesays.com\/de\/1257538\/"},"modified":"2026-08-24T13:25:17","modified_gmt":"2026-08-24T13:25:17","slug":"neues-schuljahr-achtung-erstklaessler-verkehrswacht-mahnt-zur-ruecksicht","status":"publish","type":"post","link":"https:\/\/www.europesays.com\/de\/1257538\/","title":{"rendered":"Neues Schuljahr: Achtung Erstkl\u00e4ssler: Verkehrswacht mahnt zur R\u00fccksicht"},"content":{"rendered":"<p class=\"paragraph article__item\">Mit Beginn des neuen Schuljahres sind in <a class=\"rtr-entity\" href=\"https:\/\/www.zeit.de\/thema\/berlin\" rel=\"nofollow noopener\" target=\"_blank\">Berlin<\/a> seit dieser Woche wieder Tausende Kinder auf Geh- und Fahrradwegen unterwegs. Mit Plakaten und Bannern ruft die Landesverkehrswacht Berlin im gesamten Stadtgebiet dazu auf, in diesen Wochen im Stra\u00dfenverkehr besonders auf Kinder R\u00fccksicht zu nehmen. An jeder der fast 400 \u00f6ffentlichen Grundschulen w\u00fcrden in den kommenden Tagen gro\u00dfe Banner aufgeh\u00e4ngt, teilte die Verkehrswacht mit. Auch an Bussen und E-Scootern gebe es Hinweise.\n<\/p>\n<p>Aktuelles<\/p>\n<p>                <a href=\"https:\/\/www.zeit.de\/digital\/2026-08\/berlin-cyberangriff-senatsverwaltung-daten-briefwahl-kai-wegner\" data-ct-label=\"Hackerangriff: Keine sensiblen Daten bei Cyberangriff auf Berliner Senat abgeflossen\" data-uuid=\"5742b76c-4e8f-47fc-b0d5-a92afb45c8cc\" rel=\"nofollow noopener\" target=\"_blank\"><\/p>\n<p>                        Hackerangriff:<br \/>\n                        Keine sensiblen Daten bei Cyberangriff auf Berliner Senat abgeflossen<\/p>\n<p>                <\/a><\/p>\n<p>                <a href=\"https:\/\/www.zeit.de\/mobilitaet\/2026-08\/kinder-strassenverkehr-unfaelle-statistik-bundesamt-gxe\" data-ct-label=\"Verkehrssicherheit: Knapp 30.000 Kinder verungl\u00fcckten 2025 im Stra\u00dfenverkehr\" data-uuid=\"3ca99baf-6556-40fa-9308-901eb6b27788\" rel=\"nofollow noopener\" target=\"_blank\"><\/p>\n<p>                        Verkehrssicherheit:<br \/>\n                        Knapp 30.000 Kinder verungl\u00fcckten 2025 im Stra\u00dfenverkehr<\/p>\n<p>                <\/a><\/p>\n<p>                <a href=\"https:\/\/www.zeit.de\/politik\/deutschland\/2026-07\/anschlag-berlin-csd-islamismus-alexander-dobrindt\" data-ct-label=\"Anschlag in Berlin: Dobrindt nennt Angriff auf CSD islamistischen Terroranschlag\" data-uuid=\"96ed480f-1829-4f69-bad8-9c7cd0a01f8d\" rel=\"nofollow noopener\" target=\"_blank\"><\/p>\n<p>                        Anschlag in Berlin:<br \/>\n                        Dobrindt nennt Angriff auf CSD islamistischen Terroranschlag<\/p>\n<p>                <\/a><\/p>\n<p class=\"paragraph article__item\">In Berlin werden den Angaben nach diese Woche rund 36.000 Erstkl\u00e4sslerinnen und Erstkl\u00e4ssler eingeschult. Die Einschulung findet am Samstag (29. August) statt.\n<\/p>\n<p class=\"paragraph article__item\">Die Kampagne wird unter anderem von der Verkehrsverwaltung, der Polizei Berlin, dem ADAC und der BVG unterst\u00fctzt. Zum Startschuss kamen auch Berlins Regierender B\u00fcrgermeister <a class=\"rtr-entity\" href=\"https:\/\/www.zeit.de\/thema\/kai-wegner\" rel=\"nofollow noopener\" target=\"_blank\">Kai Wegner<\/a>, Verkehrssenatorin Ute Bonde, und Bildungssenatorin Katharina G\u00fcnther-W\u00fcnsch. \u00abWir brauchen mehr R\u00fccksicht und mehr Miteinander im Stra\u00dfenverkehr &#8211; gerade jetzt zum Schulanfang\u00bb, sagte Wegner laut einer Mitteilung.\n<\/p>\n<p>                        Autofahrer sollen besonders aufmerksam sein            <\/p>\n<p class=\"paragraph article__item\">Schulanf\u00e4nger k\u00f6nnten Entfernungen, Geschwindigkeiten und komplexe Verkehrssituationen noch nicht so sicher einsch\u00e4tzen wie Erwachsene, so die Verkehrswacht. Deswegen sei es wichtig, zu Beginn des neuen <a class=\"rtr-entity\" href=\"https:\/\/www.zeit.de\/thema\/schuljahr\" rel=\"nofollow noopener\" target=\"_blank\">Schuljahres<\/a> besonders aufmerksam zu fahren und die Geschwindigkeit anzupassen.\n<\/p>\n<p class=\"paragraph article__item\">Zus\u00e4tzlich gebe es in Berlin mehr als 1.300 ehrenamtliche Sch\u00fclerlotsinnen und Sch\u00fclerlotsen, die t\u00e4glich Kinder beim sicheren \u00dcberqueren der Stra\u00dfe unterst\u00fctzten.\n<\/p>\n<p class=\"paragraph article__item\">Nach Angaben des Statistischen Bundesamtes verungl\u00fcckten 6- bis 14-J\u00e4hrige im vergangenen Jahr im Stra\u00dfenverkehr unter der Woche besonders h\u00e4ufig zwischen 7 und 8 Uhr &#8211; also zu einer Zeit, in der sie \u00fcblicherweise zur Schule gehen. In Berlin wurden laut Polizeiangaben im ersten Halbjahr dieses Jahres 332 Kinder bei Unf\u00e4llen verletzt, ein Kind starb.\n<\/p>\n<p class=\"paragraph article__item\">\u00a9 dpa-infocom, dpa:260824-930-574546\/2<\/p>\n","protected":false},"excerpt":{"rendered":"Mit Beginn des neuen Schuljahres sind in Berlin seit dieser Woche wieder Tausende Kinder auf Geh- und Fahrradwegen&hellip;\n","protected":false},"author":2,"featured_media":1257539,"comment_status":"","ping_status":"","sticky":false,"template":"","format":"standard","meta":{"footnotes":"","_share_on_mastodon":"0"},"categories":[1825],"tags":[296,29,101152,5980,30,2384,260028,239964,15,54184,79918],"class_list":["post-1257538","post","type-post","status-publish","format-standard","has-post-thumbnail","category-berlin","tag-berlin","tag-deutschland","tag-erstklaessler","tag-fahrradweg","tag-germany","tag-kai-wegner","tag-landesverkehrswacht","tag-neues-schuljahr","tag-news","tag-schuljahr","tag-verkehrswacht"],"share_on_mastodon":{"url":"https:\/\/pubeurope.com\/@de\/117150713666856126","error":""},"_links":{"self":[{"href":"https:\/\/www.europesays.com\/de\/wp-json\/wp\/v2\/posts\/1257538","targetHints":{"allow":["GET"]}}],"collection":[{"href":"https:\/\/www.europesays.com\/de\/wp-json\/wp\/v2\/posts"}],"about":[{"href":"https:\/\/www.europesays.com\/de\/wp-json\/wp\/v2\/types\/post"}],"author":[{"embeddable":true,"href":"https:\/\/www.europesays.com\/de\/wp-json\/wp\/v2\/users\/2"}],"replies":[{"embeddable":true,"href":"https:\/\/www.europesays.com\/de\/wp-json\/wp\/v2\/comments?post=1257538"}],"version-history":[{"count":0,"href":"https:\/\/www.europesays.com\/de\/wp-json\/wp\/v2\/posts\/1257538\/revisions"}],"wp:featuredmedia":[{"embeddable":true,"href":"https:\/\/www.europesays.com\/de\/wp-json\/wp\/v2\/media\/1257539"}],"wp:attachment":[{"href":"https:\/\/www.europesays.com\/de\/wp-json\/wp\/v2\/media?parent=1257538"}],"wp:term":[{"taxonomy":"category","embeddable":true,"href":"https:\/\/www.europesays.com\/de\/wp-json\/wp\/v2\/categories?post=1257538"},{"taxonomy":"post_tag","embeddable":true,"href":"https:\/\/www.europesays.com\/de\/wp-json\/wp\/v2\/tags?post=1257538"}],"curies":[{"name":"wp","href":"https:\/\/api.w.org\/{rel}","templated":true}]}}