{"id":1257540,"date":"2026-08-24T13:26:18","date_gmt":"2026-08-24T13:26:18","guid":{"rendered":"https:\/\/www.europesays.com\/de\/1257540\/"},"modified":"2026-08-24T13:26:18","modified_gmt":"2026-08-24T13:26:18","slug":"polizei-berlin-spranger-wirft-rheinmetall-lieferung-fehlerhafter-schutzwesten-vor","status":"publish","type":"post","link":"https:\/\/www.europesays.com\/de\/1257540\/","title":{"rendered":"Polizei Berlin: Spranger wirft Rheinmetall Lieferung fehlerhafter Schutzwesten vor"},"content":{"rendered":"<p class=\"paragraph article__item\">Berlins Innensenatorin Iris Spranger (SPD) hat wegen fehlerhafter Schutzplatten in Polizeiwesten Vorw\u00fcrfe gegen den Hersteller <a class=\"rtr-entity\" href=\"https:\/\/www.zeit.de\/thema\/rheinmetall\" rel=\"nofollow noopener\" target=\"_blank\">Rheinmetall<\/a> erhoben. \u00bbEs ist ein absolut nicht hinnehmbarer Qualit\u00e4tsmangel bei einem Produkt der Firma <a href=\"https:\/\/www.zeit.de\/politik\/deutschland\/2026-04\/bundeswehr-rheinmetall-bestellung-infanterie-ausruestung-gxe\" target=\"_blank\" rel=\"nofollow noopener\">Rheinmetall<\/a>\u00ab, sagte Spranger. Sie sprach von einem \u00bbskandal\u00f6sen Vorgang\u00ab. Mehr als 5.200 Schutzplatten in Schutzwesten gegen Sch\u00fcsse h\u00e4tten ihre Wirkung vor Ablauf der zehnj\u00e4hrigen Herstellergarantie teilweise verloren. Die Westen waren im Jahr 2017 angeschafft worden.\n<\/p>\n<p class=\"paragraph article__item\">Bei Pr\u00fcfungen und Kontrollbesch\u00fcssen kam es demnach zu Durchsch\u00fcssen. Das sei \u00bbein Versagen von Rheinmetall\u00ab. Die R\u00fcstungsfirma, die in den vergangenen Jahren von \u00f6ffentlichen Auftr\u00e4gen stark profitiert und hohe Gewinne gemacht habe, m\u00fcsse den Schaden unverz\u00fcglich ausgleichen, sagte Spranger. Dazu werde sie sich mit den Zust\u00e4ndigen bei Rheinmetall treffen, um die Durchsetzung von Schadenersatzanspr\u00fcchen zu untermauern.\n<\/p>\n<p class=\"paragraph article__item\">F\u00fcr den \u00dcbergang hat die Berliner <a class=\"rtr-entity\" href=\"https:\/\/www.zeit.de\/thema\/polizei\" rel=\"nofollow noopener\" target=\"_blank\">Polizei<\/a> laut Spranger 2.000 neue Schutzplatten f\u00fcr 1,2 Millionen Euro bestellt. Sie sollen auch gegen Beschuss mit Sturmgewehren wie Kalaschnikows sicher sein.\n<\/p>\n<p class=\"paragraph article__item\">Seit Beginn des russischen Angriffskriegs gegen die Ukraine hat Rheinmetall seine Produktionskapazit\u00e4ten stark ausgeweitet, der Aktienkurs des R\u00fcstungskonzerns stieg in den vergangenen vier Jahren um mehr als 1.200 Prozent. <a href=\"https:\/\/www.zeit.de\/politik\/2026-06\/armin-papperger-rheinmetall-vorstandsvorsitz-russland-daten\" target=\"_blank\" rel=\"nofollow noopener\">Rheinmetall-Chef Armin Papperger<\/a> rechnet erst zwischen 2035 und 2040 mit einem Abflauen der derzeit steigenden Ums\u00e4tze. Im zweiten Quartal 2026 <a href=\"https:\/\/www.zeit.de\/wirtschaft\/2026-07\/rheinmetall-quartalszahlen-unternehmenszahlen-ruestungsindustrie-aktie\" target=\"_blank\" rel=\"nofollow noopener\">steigerte sich der Betriebsgewinn auf 562 Millionen Euro<\/a>.\n<\/p>\n<p>Mehr zum Thema<\/p>\n<p>            Rheinmetall        <\/p>\n<p>                <a href=\"https:\/\/www.zeit.de\/mobilitaet\/2026-08\/ruestungsindustrie-verteidigungsausgaben-produktion-autoindustrie-studie\" data-ct-label=\"R\u00fcstungsindustrie: Dann baut das Land eben Panzer statt Autos?\" data-uuid=\"22a3e965-1f49-4cf8-86ac-847ecaa626f9\" rel=\"nofollow noopener\" target=\"_blank\"><\/p>\n<p>        Z+ (abopflichtiger Inhalt);<\/p>\n<p>    R\u00fcstungsindustrie:<br \/>\n                        Dann baut das Land eben Panzer statt Autos?<\/p>\n<p>                <\/a><\/p>\n<p>                <a href=\"https:\/\/www.zeit.de\/politik\/deutschland\/2026-05\/rheinmetall-bvb-signal-iduna-park-veranstaltung-ruestungspolitik\" data-ct-label=\"Rheinmetall: Verteidigen wie die \u00bbGelbe Wand\u00ab\" data-uuid=\"61c5c8e5-5187-4856-a4bd-659987dd90fa\" rel=\"nofollow noopener\" target=\"_blank\"><\/p>\n<p>                        Rheinmetall:<br \/>\n                        Verteidigen wie die \u00bbGelbe Wand\u00ab<\/p>\n<p>                <\/a><\/p>\n","protected":false},"excerpt":{"rendered":"Berlins Innensenatorin Iris Spranger (SPD) hat wegen fehlerhafter Schutzplatten in Polizeiwesten Vorw\u00fcrfe gegen den Hersteller Rheinmetall erhoben. \u00bbEs&hellip;\n","protected":false},"author":2,"featured_media":1257541,"comment_status":"","ping_status":"","sticky":false,"template":"","format":"standard","meta":{"footnotes":"","_share_on_mastodon":"0"},"categories":[1825],"tags":[296,29,30,21425,16,121,86569,259977,740,259976,111725],"class_list":["post-1257540","post","type-post","status-publish","format-standard","has-post-thumbnail","category-berlin","tag-berlin","tag-deutschland","tag-germany","tag-iris-spranger","tag-politik","tag-polizei","tag-polizei-berlin","tag-polizeiwesten","tag-rheinmetall","tag-schutzplatte","tag-schutzwesten"],"share_on_mastodon":{"url":"https:\/\/pubeurope.com\/@de\/117150717571180093","error":""},"_links":{"self":[{"href":"https:\/\/www.europesays.com\/de\/wp-json\/wp\/v2\/posts\/1257540","targetHints":{"allow":["GET"]}}],"collection":[{"href":"https:\/\/www.europesays.com\/de\/wp-json\/wp\/v2\/posts"}],"about":[{"href":"https:\/\/www.europesays.com\/de\/wp-json\/wp\/v2\/types\/post"}],"author":[{"embeddable":true,"href":"https:\/\/www.europesays.com\/de\/wp-json\/wp\/v2\/users\/2"}],"replies":[{"embeddable":true,"href":"https:\/\/www.europesays.com\/de\/wp-json\/wp\/v2\/comments?post=1257540"}],"version-history":[{"count":0,"href":"https:\/\/www.europesays.com\/de\/wp-json\/wp\/v2\/posts\/1257540\/revisions"}],"wp:featuredmedia":[{"embeddable":true,"href":"https:\/\/www.europesays.com\/de\/wp-json\/wp\/v2\/media\/1257541"}],"wp:attachment":[{"href":"https:\/\/www.europesays.com\/de\/wp-json\/wp\/v2\/media?parent=1257540"}],"wp:term":[{"taxonomy":"category","embeddable":true,"href":"https:\/\/www.europesays.com\/de\/wp-json\/wp\/v2\/categories?post=1257540"},{"taxonomy":"post_tag","embeddable":true,"href":"https:\/\/www.europesays.com\/de\/wp-json\/wp\/v2\/tags?post=1257540"}],"curies":[{"name":"wp","href":"https:\/\/api.w.org\/{rel}","templated":true}]}}