{"id":1257562,"date":"2026-08-24T13:41:20","date_gmt":"2026-08-24T13:41:20","guid":{"rendered":"https:\/\/www.europesays.com\/de\/1257562\/"},"modified":"2026-08-24T13:41:20","modified_gmt":"2026-08-24T13:41:20","slug":"unglueck-in-niederoesterreich-piloten-sterben-bei-kollision-zweier-kleinflugzeuge","status":"publish","type":"post","link":"https:\/\/www.europesays.com\/de\/1257562\/","title":{"rendered":"Ungl\u00fcck in Nieder\u00f6sterreich: Piloten sterben bei Kollision zweier Kleinflugzeuge"},"content":{"rendered":"<p>Ungl\u00fcck in Nieder\u00f6sterreich Piloten sterben bei Kollision zweier Kleinflugzeuge <img decoding=\"async\" class=\"Image_img__fQCi0 Image_Img_16_9__4BLfH widget-picture-inline_maximizable__t_E7h\" loading=\"eager\" fetchpriority=\"high\" src=\"https:\/\/www.europesays.com\/de\/wp-content\/uploads\/2026\/08\/HANDOUT-24-08-2026-Oesterreich-Krems-Rauch-steigt-am-Unfallort-in-der-Naehe-des-Flugplatzes-Krems-Gn.webp\" alt=\"HANDOUT-24-08-2026-Oesterreich-Krems-Rauch-steigt-am-Unfallort-in-der-Naehe-des-Flugplatzes-Krems-Gneixendorf-auf-Bei-dem-Unfall-mit-zwei-Kleinflugzeugen-sind-beide-Piloten-ums-Leben-gekommen-Die-beiden-Maschinen-stiessen-in-der-Luft-zusammen-und-stuerzten-in-Gneixendorf-bei-Krems-an-der-Donau-ab\"\/>In Gneixendorf bei Krems an der Donau ereignete sich ein t\u00f6dlicher Unfall. (Foto: dpa)<\/p>\n<p class=\"Typography_text-m__XI0da Typography_weight-bold__uT6mq storyline_lead_text_leadtext__q_wg8\">In der N\u00e4he der \u00f6sterreichischen Stadt Krems steigt gerade ein Schleppflugzeug auf, als eine weitere Maschine startet. Es kommt zu einer Kollision. Beide Piloten kommen ums Leben. <\/p>\n<p class=\"Typography_text-default__P3otY Typography_weight-normal__pqUbH storyline_paragraph_p__qSR5N\">Bei einem Unfall mit zwei Kleinflugzeugen in \u00d6sterreich sind beide Piloten ums Leben gekommen. Die Maschinen stie\u00dfen in der Luft zusammen und st\u00fcrzten in Gneixendorf bei Krems an der Donau ab, wie ein Sprecher der nieder\u00f6sterreichischen Polizei best\u00e4tigte. <\/p>\n<p class=\"Typography_text-default__P3otY Typography_weight-normal__pqUbH storyline_paragraph_p__qSR5N\">Der Unfall passierte in der N\u00e4he des Flugplatzes Krems-Langenlois. Eines der beiden Kleinflugzeuge hatte einen Segelflieger in die H\u00f6he gezogen, wie der Sprecher schilderte. W\u00e4hrenddessen war das zweite Kleinflugzeug gestartet. Kurz danach krachten die beiden Maschinen ineinander.<\/p>\n<p class=\"Typography_text-default__P3otY Typography_weight-normal__pqUbH storyline_paragraph_p__qSR5N\">Der Segelflieger war demnach nicht in den Unfall involviert und konnte sicher landen. Die abgest\u00fcrzten Piloten seien nach ersten Erkenntnissen alleine in ihren Flugzeugen unterwegs gewesen, berichtete die Nachrichtenagentur APA.<\/p>\n<p class=\"Typography_text-s__wu_cm Typography_weight-normal__pqUbH Typography_color-darkgrey__sZEnP article-detail-footer_source__KslPc\">Quelle: ntv.de, lar\/dpa<\/p>\n","protected":false},"excerpt":{"rendered":"Ungl\u00fcck in Nieder\u00f6sterreich Piloten sterben bei Kollision zweier Kleinflugzeuge In Gneixendorf bei Krems an der Donau ereignete sich&hellip;\n","protected":false},"author":2,"featured_media":1257563,"comment_status":"","ping_status":"","sticky":false,"template":"","format":"standard","meta":{"footnotes":"","_share_on_mastodon":"0"},"categories":[3],"tags":[13,984,1746,14,15,1433,121,12,10,8,9,11,13536,103,104],"class_list":["post-1257562","post","type-post","status-publish","format-standard","has-post-thumbnail","category-welt","tag-headlines","tag-international","tag-luftfahrt","tag-nachrichten","tag-news","tag-oesterreich","tag-polizei","tag-schlagzeilen","tag-top-news","tag-top-meldungen","tag-topmeldungen","tag-topnews","tag-ungluecke","tag-welt","tag-world"],"share_on_mastodon":{"url":"https:\/\/pubeurope.com\/@de\/117150778271870150","error":""},"_links":{"self":[{"href":"https:\/\/www.europesays.com\/de\/wp-json\/wp\/v2\/posts\/1257562","targetHints":{"allow":["GET"]}}],"collection":[{"href":"https:\/\/www.europesays.com\/de\/wp-json\/wp\/v2\/posts"}],"about":[{"href":"https:\/\/www.europesays.com\/de\/wp-json\/wp\/v2\/types\/post"}],"author":[{"embeddable":true,"href":"https:\/\/www.europesays.com\/de\/wp-json\/wp\/v2\/users\/2"}],"replies":[{"embeddable":true,"href":"https:\/\/www.europesays.com\/de\/wp-json\/wp\/v2\/comments?post=1257562"}],"version-history":[{"count":0,"href":"https:\/\/www.europesays.com\/de\/wp-json\/wp\/v2\/posts\/1257562\/revisions"}],"wp:featuredmedia":[{"embeddable":true,"href":"https:\/\/www.europesays.com\/de\/wp-json\/wp\/v2\/media\/1257563"}],"wp:attachment":[{"href":"https:\/\/www.europesays.com\/de\/wp-json\/wp\/v2\/media?parent=1257562"}],"wp:term":[{"taxonomy":"category","embeddable":true,"href":"https:\/\/www.europesays.com\/de\/wp-json\/wp\/v2\/categories?post=1257562"},{"taxonomy":"post_tag","embeddable":true,"href":"https:\/\/www.europesays.com\/de\/wp-json\/wp\/v2\/tags?post=1257562"}],"curies":[{"name":"wp","href":"https:\/\/api.w.org\/{rel}","templated":true}]}}