{"id":1257586,"date":"2026-08-24T13:54:14","date_gmt":"2026-08-24T13:54:14","guid":{"rendered":"https:\/\/www.europesays.com\/de\/1257586\/"},"modified":"2026-08-24T13:54:14","modified_gmt":"2026-08-24T13:54:14","slug":"ueberfall-karlsruhe-unbekannte-rauben-seniorin-schmuck-im-wert-von-tausend-euro","status":"publish","type":"post","link":"https:\/\/www.europesays.com\/de\/1257586\/","title":{"rendered":"\u00dcberfall Karlsruhe: Unbekannte rauben Seniorin Schmuck im Wert von tausend Euro"},"content":{"rendered":"<p class=\"mb-6 text-xs-varying md:text-m lg:text-l font-serif group-[.font-sans]:font-sans \">\n    Nach aktuellem Stand der Ermittlungen der Kriminalpolizei <a href=\"https:\/\/www.ka-news.de\/karlsruhe\" target=\"_self\" class=\"underline \" rel=\"nofollow noopener\">Karlsruhe<\/a> \u00fcberfielen zwei bislang unbekannte Frauen am<strong class=\"font-bold\"> Samstag, 22. August 2026<\/strong>, eine 81-j\u00e4hrige Frau in der Wichernstra\u00dfe in Karlsruhe. Die T\u00e4terinnen erbeuteten dabei Schmuck im vierstelligen Wert. Die Gesch\u00e4digte erlitt durch den \u00dcbergriff leichte Verletzungen.\n  <\/p>\n<p>            \u00dcberfall in der Wichernstra\u00dfe in Karlsruhe<\/p>\n<p class=\"mb-6 text-xs-varying md:text-m lg:text-l font-serif group-[.font-sans]:font-sans \">\n    Laut Polizeibericht war die 81-J\u00e4hrige gegen 17 Uhr zu Fu\u00df in der Wichernstra\u00dfe unterwegs. Auf H\u00f6he der Hausnummer 6 liefen ihr zwei Frauen entgegen, die pl\u00f6tzlich auf sie zugingen. Sie versuchten, ihr <strong class=\"font-bold\">Schmuck gewaltsam von den Armen und den Fingern zu entrei\u00dfen<\/strong>, und erbeuteten dabei offenbar einen Armreif im vierstelligen Wert.\n  <\/p>\n<p class=\"mb-6 text-xs-varying md:text-m lg:text-l font-serif group-[.font-sans]:font-sans \">\n    Anschlie\u00dfend entfernten sich die beiden T\u00e4terinnen in einem dunklen Fahrzeug, das ein Mann gesteuert haben soll. Trotz umfangreicher Fahndungsma\u00dfnahmen im Bereich des Tatortes konnten weder das Fahrzeug noch seine Insassen ausfindig gemacht werden.\n  <\/p>\n<p>            Polizei sucht Zeuegn<\/p>\n<p class=\"mb-6 text-xs-varying md:text-m lg:text-l font-serif group-[.font-sans]:font-sans \">\n    Eine der T\u00e4terinnen soll etwa 50 Jahre alt sein und schulterlange, braune Haare getragen haben. Ihre Statur wird als normal beschrieben. Zur zweiten T\u00e4terin und zum Fahrer des Fluchtfahrzeugs liegen bislang keine n\u00e4heren Beschreibungen vor.\n  <\/p>\n<p class=\"mb-6 text-xs-varying md:text-m lg:text-l font-serif group-[.font-sans]:font-sans \">\n    Die Kriminalpolizei Karlsruhe hat die Ermittlungen \u00fcbernommen. Personen, die Angaben zu den beiden T\u00e4terinnen, dem Fahrer oder dem dunklen Fahrzeug machen k\u00f6nnen, erreichen die Ermittler unter der Telefonnummer <a href=\"https:\/\/www.ka-news.de\/karlsruhe\/blaulicht\/tel:021666555\" rel=\"nofollow noopener\" target=\"_blank\" class=\"underline \">021 666 5555<\/a>.\n  <\/p>\n<p class=\"mb-6 text-xs-varying md:text-m lg:text-l font-serif group-[.font-sans]:font-sans \">\n    Quelle: Polizei<a href=\"https:\/\/www.presseportal.de\/blaulicht\/pm\/110972\/6338683\" rel=\"nofollow noopener\" target=\"_blank\" class=\"underline \">pr\u00e4sidium Karlsruhe. Hinwei<\/a>s: Diese Meldung wurde unterst\u00fctzt von KI erstellt.\n  <\/p>\n","protected":false},"excerpt":{"rendered":"Nach aktuellem Stand der Ermittlungen der Kriminalpolizei Karlsruhe \u00fcberfielen zwei bislang unbekannte Frauen am Samstag, 22. August 2026,&hellip;\n","protected":false},"author":2,"featured_media":541969,"comment_status":"","ping_status":"","sticky":false,"template":"","format":"standard","meta":{"footnotes":"","_share_on_mastodon":"0"},"categories":[1844],"tags":[1634,3364,29,514,30,8903,983,1256,121,2399,5310,150197],"class_list":["post-1257586","post","type-post","status-publish","format-standard","has-post-thumbnail","category-karlsruhe","tag-baden-wuerttemberg","tag-de","tag-deutschland","tag-fahrzeug","tag-germany","tag-karlsruhe","tag-kripo","tag-kuenstliche-intelligenz","tag-polizei","tag-schmuck","tag-ueberfall","tag-wichernstrasse"],"share_on_mastodon":{"url":"https:\/\/pubeurope.com\/@de\/117150827713409814","error":""},"_links":{"self":[{"href":"https:\/\/www.europesays.com\/de\/wp-json\/wp\/v2\/posts\/1257586","targetHints":{"allow":["GET"]}}],"collection":[{"href":"https:\/\/www.europesays.com\/de\/wp-json\/wp\/v2\/posts"}],"about":[{"href":"https:\/\/www.europesays.com\/de\/wp-json\/wp\/v2\/types\/post"}],"author":[{"embeddable":true,"href":"https:\/\/www.europesays.com\/de\/wp-json\/wp\/v2\/users\/2"}],"replies":[{"embeddable":true,"href":"https:\/\/www.europesays.com\/de\/wp-json\/wp\/v2\/comments?post=1257586"}],"version-history":[{"count":0,"href":"https:\/\/www.europesays.com\/de\/wp-json\/wp\/v2\/posts\/1257586\/revisions"}],"wp:featuredmedia":[{"embeddable":true,"href":"https:\/\/www.europesays.com\/de\/wp-json\/wp\/v2\/media\/541969"}],"wp:attachment":[{"href":"https:\/\/www.europesays.com\/de\/wp-json\/wp\/v2\/media?parent=1257586"}],"wp:term":[{"taxonomy":"category","embeddable":true,"href":"https:\/\/www.europesays.com\/de\/wp-json\/wp\/v2\/categories?post=1257586"},{"taxonomy":"post_tag","embeddable":true,"href":"https:\/\/www.europesays.com\/de\/wp-json\/wp\/v2\/tags?post=1257586"}],"curies":[{"name":"wp","href":"https:\/\/api.w.org\/{rel}","templated":true}]}}