{"id":1257653,"date":"2026-08-24T14:38:21","date_gmt":"2026-08-24T14:38:21","guid":{"rendered":"https:\/\/www.europesays.com\/de\/1257653\/"},"modified":"2026-08-24T14:38:21","modified_gmt":"2026-08-24T14:38:21","slug":"fortuna-duesseldorf-fabian-schleusener-verraet-wie-es-im-team-aussieht-sport","status":"publish","type":"post","link":"https:\/\/www.europesays.com\/de\/1257653\/","title":{"rendered":"Fortuna D\u00fcsseldorf: Fabian Schleusener verr\u00e4t, wie es im Team aussieht | Sport"},"content":{"rendered":"<p><a class=\"skip-content skip-content--link\" href=\"#in-content-skip-link-target-v-0-0\">TTS-Player \u00fcberspringen\u21b5<\/a><a id=\"in-content-skip-link-target-v-0-0\" class=\"skip-content--target-link-hidden skip-content skip-content--target-link\" href=\"#in-content-skip-link-target-v-0-0\">Artikel weiterlesen<\/a><\/p>\n<p data-21134c99=\"0-2333\"><b>Erst der Abstieg und dann mit drei Pleiten in die Saison gestartet \u2013 <\/b><a href=\"https:\/\/www.bild.de\/sport\/fussball\/fortuna-duesseldorf\/startseite-fortuna-duesseldorf-31148850.bild.html\" class=\"text-link\" rel=\"nofollow noopener\" target=\"_blank\"><b>Fortuna D\u00fcsseldorf <\/b><\/a><b>steht vor dem dritten Heimspiel in Folge am Freitag gegen den VfB Stuttgart II (19 Uhr\/live MagentaSport) schon mit dem R\u00fccken nach zwei Niederlagen zum Start der 3. Liga zur Wand.<\/b><\/p>\n<p data-21134c99=\"0-2333\">Ausgerechnet das j\u00fcngste Pokal-Aus gegen starke Freiburger vor gut 27.000 Zuschauern h\u00e4lt jetzt als Mutmacher her. Vieles sah in der Tat besser aus als zuvor beim 1:2 in Mannheim und dem schlimmen 0:2 gegen Hoffenheim\u00a0II. Doch am Ende stand es 1:5 gegen den Bundesligisten \u2013 und das v\u00f6llig verdient.<\/p>\n<p>Umbruch gewaltig<\/p>\n<p data-21134c99=\"0-2333\">Trotzdem f\u00fchrte Alexander Ende (46) das Positive an: \u201eWir waren bis zur 70. Minute drin im Spiel.\u201c Vieles hat sich noch nicht gefunden nach dem gewaltigen Umbruch nach dem Abstieg. Der Trainer: \u201e16 neue Spieler, unterschiedliche Trainingseinstiege \u2013 der Prozess l\u00e4uft noch. Wenn wir zwei, drei Spiele weiter sind, wird sich ein anderes Bild ergeben.\u201c S<a href=\"https:\/\/www.bild.de\/sport\/fussball\/3-liga\/home-15770732.bild.html\" class=\"text-link\" rel=\"nofollow noopener\" target=\"_blank\">onst droht D\u00fcsseldorf erst mal im Keller der Drittklassigkeit zu versinken.<\/a><\/p>\n<p data-21134c99=\"0-2333\">Gegen Freiburg traf erneut Fabian Schleusener (34), wie schon in Mannheim, und ist damit aktuell einziger Torsch\u00fctze im Ende-Kader. Der Knipser gew\u00e4hrt einen Blick in die aktuelle Fortuna-Seele und verr\u00e4t, wie es im Team aussieht: \u201eDie Mannschaft sehnt sich nach einem Sieg. Wir versuchen Woche f\u00fcr Woche, dahinzukommen, diesen Dreier einzufahren.\u201c Der Ende-Schwur: \u201eWir wollen Freitag ergebnistechnisch in die Spur zur\u00fcck!\u201c Sonst droht die Stimmung am Rhein zu kippen.<\/p>\n<p>Hendrix f\u00fchlt mit Fans<\/p>\n<p data-21134c99=\"0-2333\">Jorrit Hendrix (31) bekommt das nat\u00fcrlich mit: \u201eWir f\u00fchlen diese Emotionalit\u00e4t, die Entt\u00e4uschung. Das bekommt man mit. Das geht uns richtig zu Herzen und tut uns weh. Trotzdem versuchen wir es jede Woche, es umzudrehen.\u201c Nur dabei muss Fortuna gegen den VfB II auf den gesperrten Kapit\u00e4n Hendrix (sah gegen Hoffenheim Rot und ist in der Liga f\u00fcr die beiden n\u00e4chsten Spiele gesperrt) verzichten.<\/p>\n<p>Mehr zum Thema<\/p>\n<p data-21134c99=\"0-2333\">Daf\u00fcr k\u00f6nnte dann erstmals Erik Wekesser (29) im Kader stehen. Fortuna und der Linksverteidiger waren sich schon einig. Jetzt einigte er sich mit seinem bisherigen Klub Lautern \u00fcber eine Abfindung, weil er am Rhein deutlich weniger verdienen wird als beim Zweitligisten. Dort hatte er noch Vertrag bis 2028. Fortuna soll keine Abl\u00f6se zahlen m\u00fcssen. Wekesser: \u201eIch kann es kaum erwarten, hier loszulegen.\u201c<\/p>\n","protected":false},"excerpt":{"rendered":"TTS-Player \u00fcberspringen\u21b5Artikel weiterlesen Erst der Abstieg und dann mit drei Pleiten in die Saison gestartet \u2013 Fortuna D\u00fcsseldorf&hellip;\n","protected":false},"author":2,"featured_media":1257654,"comment_status":"","ping_status":"","sticky":false,"template":"","format":"standard","meta":{"footnotes":"","_share_on_mastodon":"0"},"categories":[1831],"tags":[7974,13054,5876,3364,29,3405,3132,347,30,7662,7762,16484,1209,97560,819,260041,784],"class_list":["post-1257653","post","type-post","status-publish","format-standard","has-post-thumbnail","category-duesseldorf","tag-1-fc-kaiserslautern","tag-abstieg","tag-aufstieg","tag-de","tag-deutschland","tag-duesseldorf","tag-fortuna-duesseldorf","tag-fussball","tag-germany","tag-hendrix-jorrit","tag-hochrainer-sebastian","tag-joerg-zschoche","tag-nordrhein-westfalen","tag-schleusener-fabian","tag-sport-leuchtturm-essen","tag-wekesser-erik","tag-zweite-bundesliga"],"share_on_mastodon":{"url":"","error":""},"_links":{"self":[{"href":"https:\/\/www.europesays.com\/de\/wp-json\/wp\/v2\/posts\/1257653","targetHints":{"allow":["GET"]}}],"collection":[{"href":"https:\/\/www.europesays.com\/de\/wp-json\/wp\/v2\/posts"}],"about":[{"href":"https:\/\/www.europesays.com\/de\/wp-json\/wp\/v2\/types\/post"}],"author":[{"embeddable":true,"href":"https:\/\/www.europesays.com\/de\/wp-json\/wp\/v2\/users\/2"}],"replies":[{"embeddable":true,"href":"https:\/\/www.europesays.com\/de\/wp-json\/wp\/v2\/comments?post=1257653"}],"version-history":[{"count":0,"href":"https:\/\/www.europesays.com\/de\/wp-json\/wp\/v2\/posts\/1257653\/revisions"}],"wp:featuredmedia":[{"embeddable":true,"href":"https:\/\/www.europesays.com\/de\/wp-json\/wp\/v2\/media\/1257654"}],"wp:attachment":[{"href":"https:\/\/www.europesays.com\/de\/wp-json\/wp\/v2\/media?parent=1257653"}],"wp:term":[{"taxonomy":"category","embeddable":true,"href":"https:\/\/www.europesays.com\/de\/wp-json\/wp\/v2\/categories?post=1257653"},{"taxonomy":"post_tag","embeddable":true,"href":"https:\/\/www.europesays.com\/de\/wp-json\/wp\/v2\/tags?post=1257653"}],"curies":[{"name":"wp","href":"https:\/\/api.w.org\/{rel}","templated":true}]}}