{"id":1257702,"date":"2026-08-24T15:07:16","date_gmt":"2026-08-24T15:07:16","guid":{"rendered":"https:\/\/www.europesays.com\/de\/1257702\/"},"modified":"2026-08-24T15:07:16","modified_gmt":"2026-08-24T15:07:16","slug":"faltbares-iphone-bericht-zitiert-zufriedene-apple-mitarbeiter","status":"publish","type":"post","link":"https:\/\/www.europesays.com\/de\/1257702\/","title":{"rendered":"Faltbares iPhone: Bericht zitiert zufriedene Apple-Mitarbeiter"},"content":{"rendered":"<p>Das <a href=\"https:\/\/www.heise.de\/thema\/iPhone\" rel=\"external noopener nofollow\" target=\"_blank\">iPhone<\/a>-Event naht und damit drehen die Ger\u00fcchtek\u00f6che traditionell auch ihre Herdplatten hoch: Jetzt gibt es angebliche erste Nutzerstimmen zu einem m\u00f6glichen faltbaren iPhone. Die US-Finanznachrichtenagentur Bloomberg st\u00fctzt ihren Bericht auf anonyme Quellen bei Apple \u2013 offenbar Mitarbeiter, die das iPhone Ultra oder iPhone Fold bereits erproben konnten. Das iPhone-Event wird f\u00fcr Anfang September erwartet.<\/p>\n<p>        Weiterlesen nach der Anzeige<\/p>\n<p>Erwartungsgem\u00e4\u00df ist in Nutzerstimmen aus dem Unternehmen keine Kritik am Ger\u00e4t zu h\u00f6ren. Vielmehr sch\u00e4rft <a href=\"https:\/\/www.bloomberg.com\/news\/newsletters\/2026-08-23\/apple-s-foldable-iphone-details-retail-store-changes-for-new-home-products-mt5vjf61\" rel=\"external noopener nofollow\" target=\"_blank\">der Bericht von Mark Gurman <\/a>das Bild, das die Ger\u00fcchtek\u00fcche seit Wochen und Monaten von einem faltbaren iPhone zeichnet.<\/p>\n<p>Handlich und robust \u2013 finden angeblich die Apple-Mitarbeiter<\/p>\n<p>Den Angaben zufolge soll es trotz des Faltmechanismus sehr handlich sein und gut in die Hosentasche passen. Das Au\u00dfendisplay des Ger\u00e4tes messe 5,5 Zoll. Lob gibt es auch f\u00fcr die Stabilit\u00e4t des Scharniers \u2013 angeblich ein Punkt, der Apple lange abwarten lie\u00df, auch ein Foldable auf den Markt zu bringen, w\u00e4hrend Mitbewerber wie Samsung schon mehrere Generationen ver\u00f6ffentlicht haben. Fr\u00fchere Berichte hatten noch <a href=\"https:\/\/www.heise.de\/news\/iPhone-Ultra-Produktion-trotz-Schwierigkeiten-on-track-11343714.html\" rel=\"nofollow noopener\" target=\"_blank\">Haltbarkeitsbedenken beim Klappscharnier<\/a> erw\u00e4hnt, die Apple sehr ernst genommen hatte. Apples Klappvorrichtung habe sich bislang als robust erwiesen, hei\u00dft es.<\/p>\n<p>Und dann ist da die Software: Die Vorteile des ausgeklappten Innendisplays, das etwa 7,8 Zoll messen soll, kommen nat\u00fcrlich nur zum Tragen, wenn es auch in der Nutzung einen Mehrwert bringt. Der Bericht spricht von iPad-\u00e4hnlichen App-Anordnungen, was weiterhin nicht die Frage beantwortet, wie es um m\u00f6gliche Multitasking-F\u00e4higkeiten des Ger\u00e4ts steht. Fest stehe aber wohl, dass es auf die Nutzung im Querformat optimiert sein soll. Das aufgeklappte Display eigne sich \u00fcberdies sehr gut als Sucher beim Fotografieren. Bereits im Juli hatte sich best\u00e4tigt, dass die <a href=\"https:\/\/www.heise.de\/news\/Erstes-iPhone-Foldable-Produktion-laeuft-Spekulationen-um-Verfuegbarkeit-11359252.html\" rel=\"nofollow noopener\" target=\"_blank\">Massenproduktion des iPhone Ultra<\/a> angeblich planm\u00e4\u00dfig bei Foxconn angelaufen ist.<\/p>\n<p>Touch ID statt Face ID<\/p>\n<p>Der Bericht st\u00fctzt auch bisherige Mutma\u00dfungen, dass das Kamerasystem mit Haupt- und Ultraweitwinkel ausgestattet sein soll \u2013 damit fehle eine Telelinse, trotz der <a href=\"https:\/\/www.heise.de\/news\/Dank-Apple-Foldables-werden-laut-Marktforscher-bald-teurer-11355006.html\" rel=\"nofollow noopener\" target=\"_blank\">hohen Preiskategorie des Foldables<\/a>, in der sich das Ultra bewegen wird. Auch beim biometrischen Scanner agiere Apple pragmatisch und verwende Touch ID f\u00fcr Fingerabdr\u00fccke anstatt von Face ID (Gesichtsscan). Dies w\u00e4re eine Abkehr vom aktuellen iPhone-Standard. In der Developer-Beta von iOS 27 tauchten zudem <a href=\"https:\/\/www.heise.de\/news\/Hardware-Geruechte-7-Zoll-Display-fuers-Jubilaeums-iPhone-Doppelakku-fuers-Ultra-11373769.html\" rel=\"nofollow noopener\" target=\"_blank\">Hinweise auf einen Doppelakku im iPhone Ultra<\/a> auf \u2013 pro Falth\u00e4lfte soll eine eigene Batterie verbaut sein.<\/p>\n<p>        Weiterlesen nach der Anzeige<\/p>\n<p>Preislich verortet auch Gurman das Ger\u00e4t im 2000-US-Dollar-Segment \u2013 wohlgemerkt: als Ab-Preis. Europ\u00e4er k\u00f6nnten <a href=\"https:\/\/www.channelnews.com.au\/exclusive-apple-to-show-iphone-fold-but-wont-ship-australia-faces-months-long-wait\/\" rel=\"external noopener nofollow\" target=\"_blank\">laut eines Berichts der australischen Channel News<\/a> aber unfreiwillig mehr Bedenkzeit erhalten. Angeblich soll Apple das Ger\u00e4t zun\u00e4chst in den USA herausbringen und erst sp\u00e4ter im Rest der Welt.<\/p>\n<p>        Lesen Sie auchMehr anzeigenWeniger anzeigen<\/p>\n<p>(<a class=\"redakteurskuerzel__link\" href=\"https:\/\/www.heise.de\/news\/mailto:mki@heise.de\" title=\"Malte Kirchner\" rel=\"nofollow noopener\" target=\"_blank\">mki<\/a>)<\/p>\n<p>\n      Dieser Link ist leider nicht mehr g\u00fcltig.\n    <\/p>\n<p>Links zu verschenkten Artikeln werden ung\u00fcltig,<br \/>\n      wenn diese \u00e4lter als 7\u00a0Tage sind oder zu oft aufgerufen wurden.\n    <\/p>\n<p><strong>Sie ben\u00f6tigen ein heise+ Paket, um diesen Artikel zu lesen. Jetzt eine Woche unverbindlich testen \u2013 ohne Verpflichtung!<\/strong><\/p>\n","protected":false},"excerpt":{"rendered":"Das iPhone-Event naht und damit drehen die Ger\u00fcchtek\u00f6che traditionell auch ihre Herdplatten hoch: Jetzt gibt es angebliche erste&hellip;\n","protected":false},"author":2,"featured_media":1257703,"comment_status":"","ping_status":"","sticky":false,"template":"","format":"standard","meta":{"footnotes":"","_share_on_mastodon":"0"},"categories":[135],"tags":[231,29,30,11172,1274,5553,1273,15640,190,189,769,194,191,193,192],"class_list":["post-1257702","post","type-post","status-publish","format-standard","has-post-thumbnail","category-wissenschaft-technik","tag-apple","tag-deutschland","tag-germany","tag-hardware","tag-ios","tag-iphone","tag-mobiles","tag-mobilfunk","tag-science","tag-science-technology","tag-smartphone","tag-technik","tag-technology","tag-wissenschaft","tag-wissenschaft-technik"],"share_on_mastodon":{"url":"https:\/\/pubeurope.com\/@de\/117151114604380181","error":""},"_links":{"self":[{"href":"https:\/\/www.europesays.com\/de\/wp-json\/wp\/v2\/posts\/1257702","targetHints":{"allow":["GET"]}}],"collection":[{"href":"https:\/\/www.europesays.com\/de\/wp-json\/wp\/v2\/posts"}],"about":[{"href":"https:\/\/www.europesays.com\/de\/wp-json\/wp\/v2\/types\/post"}],"author":[{"embeddable":true,"href":"https:\/\/www.europesays.com\/de\/wp-json\/wp\/v2\/users\/2"}],"replies":[{"embeddable":true,"href":"https:\/\/www.europesays.com\/de\/wp-json\/wp\/v2\/comments?post=1257702"}],"version-history":[{"count":0,"href":"https:\/\/www.europesays.com\/de\/wp-json\/wp\/v2\/posts\/1257702\/revisions"}],"wp:featuredmedia":[{"embeddable":true,"href":"https:\/\/www.europesays.com\/de\/wp-json\/wp\/v2\/media\/1257703"}],"wp:attachment":[{"href":"https:\/\/www.europesays.com\/de\/wp-json\/wp\/v2\/media?parent=1257702"}],"wp:term":[{"taxonomy":"category","embeddable":true,"href":"https:\/\/www.europesays.com\/de\/wp-json\/wp\/v2\/categories?post=1257702"},{"taxonomy":"post_tag","embeddable":true,"href":"https:\/\/www.europesays.com\/de\/wp-json\/wp\/v2\/tags?post=1257702"}],"curies":[{"name":"wp","href":"https:\/\/api.w.org\/{rel}","templated":true}]}}