{"id":1257740,"date":"2026-08-24T15:31:16","date_gmt":"2026-08-24T15:31:16","guid":{"rendered":"https:\/\/www.europesays.com\/de\/1257740\/"},"modified":"2026-08-24T15:31:16","modified_gmt":"2026-08-24T15:31:16","slug":"neuer-sammelband-einmischen-gegen-rechts-erschienen-blickfeld","status":"publish","type":"post","link":"https:\/\/www.europesays.com\/de\/1257740\/","title":{"rendered":"Neuer Sammelband \u201eEinmischen gegen Rechts\u201c erschienen &#8211; blickfeld"},"content":{"rendered":"<p class=\"wp-block-paragraph\">\u201eWer sich f\u00fcr <strong>Einmischen gegen Rechts<\/strong> entscheidet, muss sich zun\u00e4chst mit den <strong>Strategien rechter Akteur:innen<\/strong> auseinandersetzen\u201c, sagen die <strong>Herausgeber:innen um Florian Monstadt und Ren\u00e9 Breiwe<\/strong>. Beide sind wissenschaftliche Mitarbeiter am <strong><a href=\"https:\/\/ifb.uni-wuppertal.de\/de\/\" target=\"_blank\" rel=\"noreferrer noopener nofollow\">Institut f\u00fcr Bildungsforschung<\/a><\/strong> der Bergischen Universit\u00e4t Wuppertal.<\/p>\n<p class=\"wp-block-paragraph\">Aus genau diesem Grund umfasst ihr <strong>Sammelband<\/strong>, den sie ankn\u00fcpfend an die <strong>universit\u00e4ts\u00fcbergreifende Veranstaltungsreihe \u201eEINMISCHEN\u201c<\/strong> mit Kolleg:innen aus Freiburg, Siegen, Duisburg und Essen herausgeben, unterschiedliche Forschungs- und Themenfelder. <strong>Einmischen gegen Rechts<\/strong> sei eine Aufgabe, die Bildung, Erziehung, Care-Arbeit und Wissenschaft gemeinsam angehen und dauerhaft institutionell verankern m\u00fcssten.<\/p>\n<p>Kultur extrem rechten Denkens<\/p>\n<p class=\"wp-block-paragraph\">\u201eEs hat sich eine feste <strong>Kultur extrem rechten Denkens<\/strong> etabliert, der es gelingt, Menschen nachhaltig zu binden und neue Generationen fu\u0308r diese Ideologie zu gewinnen\u201c, so das Autor:innen-Kollektiv. Im Bereich Bildung w\u00fcrde sich die Beobachtung einer intensivierten Einflussnahme besonders offenbaren. Beispiele daf\u00fcr seien <strong>gezielte Desinformationen im digitalen Raum<\/strong> oder <strong>Angriffe auf diskriminierungskritische Ans\u00e4tze<\/strong>.<\/p>\n<p class=\"wp-block-paragraph\">Der <strong>Sammelband <\/strong>widmet sich unter anderem der Analyse, wie extrem rechte Netzwerke und Akteur:innen <strong>soziale Medien<\/strong> nutzen, um <strong>kulturelle Deutungsmacht<\/strong> zu gewinnen, wie <strong>Verschw\u00f6rungserz\u00e4hlungen <\/strong>in Familien, Partnerschaften, Freundschaften und am Arbeitsplatz wirken, wie der Kampf um den <strong>Begriff \u201eNeutralit\u00e4t\u201c<\/strong> von <strong>autorit\u00e4ren Kr\u00e4ften<\/strong> gef\u00fchrt wird und <strong>demokratisches Engagement<\/strong> somit auch rechtlich unter Druck ger\u00e4t und was es bedeutet, wenn \u2013 wie im Fall der Sozialen Arbeit \u2013 ganze Professionen samt ihrer Adressatinnen und Strukturen \u00fcber <strong>rechte Kampagnen<\/strong> diskreditiert, isoliert und entpolitisiert werden.<\/p>\n<p>Unterst\u00fctze die CampusZeitung blickfeld<\/p>\n<p><strong>Schon ein kleiner Beitrag hilft uns, unseren Job noch besser zu machen!<\/strong> So kannst du uns unterst\u00fctzen:<\/p>\n<p>Abo per <a class=\"gofollow\" data-track=\"MTIsMCwxMA==\" href=\"https:\/\/steadyhq.com\/de\/blickfeld-wuppertal\" rel=\"noopener noreferrer nofollow\" target=\"_blank\">Steady<\/a>, <a class=\"gofollow\" data-track=\"MTIsMCwxMA==\" href=\"https:\/\/www.paypal.me\/blickfeldwtal\" rel=\"noopener noreferrer nofollow\" target=\"_blank\">Einmalzahlung<\/a> oder <a class=\"gofollow\" data-track=\"MTIsMCwxMA==\" href=\"https:\/\/www.blickfeld-wuppertal.de\/anzeigen-abo\/werbeanzeige-schalten\" rel=\"noopener noreferrer nofollow\" target=\"_blank\">Anzeige<\/a><\/p>\n<p>Damit wir unser Engagement ausbauen k\u00f6nnen, ist eure Unterst\u00fctzung gefragt &#8211; f\u00fcr mehr Recherchen und Berichte.<\/p>\n<p><strong>Ihr k\u00f6nnt uns mit einem monatlichen oder einmaligen Beitrag unterst\u00fctzen oder eine Anzeige schalten.<\/strong><\/p>\n<p><a class=\"gofollow\" data-track=\"MTIsMCwxMA==\" href=\"https:\/\/steadyhq.com\/de\/blickfeld-wuppertal\" rel=\"noopener noreferrer nofollow\" target=\"_blank\">Abo per Steady<\/a> | <a class=\"gofollow\" data-track=\"MTIsMCwxMA==\" href=\"https:\/\/www.paypal.me\/blickfeldwtal\" rel=\"noopener noreferrer nofollow\" target=\"_blank\">Einmalzahlung mit PayPal<\/a> | <a class=\"gofollow\" data-track=\"MTIsMCwxMA==\" href=\"https:\/\/www.blickfeld-wuppertal.de\/anzeigen-abo\/werbeanzeige-schalten\" rel=\"noopener noreferrer nofollow\" target=\"_blank\">Anzeige schalten<\/a><\/p>\n<p>Zur CampusZeitung blickfeld:<\/p>\n<p>Seit 2011 versorgen wir als <a class=\"gofollow\" data-track=\"MTIsMCwxMA==\" href=\"https:\/\/www.blickfeld-wuppertal.de\/ueber-uns\" rel=\"noopener noreferrer nofollow\" target=\"_blank\">unabh\u00e4ngiges Medium an der Bergischen Universit\u00e4t Wuppertal<\/a> die Studierenden, Mitarbeiter\/-innen und alle Interessierten aus dem Bergischen St\u00e4dtedreieck und dar\u00fcber hinaus mit Nachrichten vom Campus und aus dem Tal. Unsere <strong>Unabh\u00e4ngigkeit<\/strong> ist unsere st\u00e4rkste Eigenschaft. Wir sind weder eine Zeitung des Allgemeinen Studierendenausschusses (AStA) noch eine Publikation unter der Schirmherrschaft der Universit\u00e4t. Damit sind wir keinen fremden Interessen verpflichtet, k\u00f6nnen frei Themen w\u00e4hlen und dabei auch unbequem werden. <a class=\"gofollow\" data-track=\"MTIsMCwxMA==\" href=\"https:\/\/www.blickfeld-wuppertal.de\/ueber-uns\" rel=\"noopener noreferrer nofollow\" target=\"_blank\">Mehr \u00fcber uns &#8230;<\/a><\/p>\n<p>Gemeinsame Handlungsrichtung<\/p>\n<p class=\"wp-block-paragraph\">Aus den im Band versammelten Befunden lasse sich <strong>keine einzelne Gegenstrategie<\/strong> ableiten. Den Herausgeber:innen geht es vielmehr darum, eine <strong>gemeinsame Handlungsrichtung<\/strong> auszuloten. Neben ihrem Aufruf nach <strong>institutioneller statt individueller Absicherung<\/strong>, z\u00e4hlen sie dazu auch diese Schritte: rechte Vorgehensweisen erkennen, demokratische Positionen verteidigen, empirisches Wissen ernst nehmen, Forschung und Praxis verzahnen und Formate f\u00fcr Medienbildung entwickeln, die digitale Umgebungen als eigenes Wirkungsfeld adressieren. \u00bb<a href=\"https:\/\/www.blickfeld-wuppertal.de\/ueber-uns\/blickfeld-redaktion\" rel=\"nofollow noopener\" target=\"_blank\">red<\/a>\u00ab<\/p>\n<p>Zum Sammelband \u201eEinmischen gegen Rechts\u201c<\/p>\n<p class=\"wp-block-paragraph\">\u201eEinmischen gegen Rechts\u201c ist erschienen im <strong>Barbara Budrich Verlag<\/strong> und steht als <strong>Open-Access-Dokument<\/strong> zum freien Download zur Verf\u00fcgung.<\/p>\n","protected":false},"excerpt":{"rendered":"\u201eWer sich f\u00fcr Einmischen gegen Rechts entscheidet, muss sich zun\u00e4chst mit den Strategien rechter Akteur:innen auseinandersetzen\u201c, sagen die&hellip;\n","protected":false},"author":2,"featured_media":190966,"comment_status":"","ping_status":"","sticky":false,"template":"","format":"standard","meta":{"footnotes":"","_share_on_mastodon":"0"},"categories":[1840],"tags":[3364,29,14967,597,30,121645,1209,770,16375,4418],"class_list":["post-1257740","post","type-post","status-publish","format-standard","has-post-thumbnail","category-wuppertal","tag-de","tag-deutschland","tag-engagement","tag-forschung","tag-germany","tag-institut-fuer-bildungsforschung","tag-nordrhein-westfalen","tag-rechtsextremismus","tag-red","tag-wuppertal"],"share_on_mastodon":{"url":"https:\/\/pubeurope.com\/@de\/117151209139092009","error":""},"_links":{"self":[{"href":"https:\/\/www.europesays.com\/de\/wp-json\/wp\/v2\/posts\/1257740","targetHints":{"allow":["GET"]}}],"collection":[{"href":"https:\/\/www.europesays.com\/de\/wp-json\/wp\/v2\/posts"}],"about":[{"href":"https:\/\/www.europesays.com\/de\/wp-json\/wp\/v2\/types\/post"}],"author":[{"embeddable":true,"href":"https:\/\/www.europesays.com\/de\/wp-json\/wp\/v2\/users\/2"}],"replies":[{"embeddable":true,"href":"https:\/\/www.europesays.com\/de\/wp-json\/wp\/v2\/comments?post=1257740"}],"version-history":[{"count":0,"href":"https:\/\/www.europesays.com\/de\/wp-json\/wp\/v2\/posts\/1257740\/revisions"}],"wp:featuredmedia":[{"embeddable":true,"href":"https:\/\/www.europesays.com\/de\/wp-json\/wp\/v2\/media\/190966"}],"wp:attachment":[{"href":"https:\/\/www.europesays.com\/de\/wp-json\/wp\/v2\/media?parent=1257740"}],"wp:term":[{"taxonomy":"category","embeddable":true,"href":"https:\/\/www.europesays.com\/de\/wp-json\/wp\/v2\/categories?post=1257740"},{"taxonomy":"post_tag","embeddable":true,"href":"https:\/\/www.europesays.com\/de\/wp-json\/wp\/v2\/tags?post=1257740"}],"curies":[{"name":"wp","href":"https:\/\/api.w.org\/{rel}","templated":true}]}}