{"id":1257854,"date":"2026-08-24T16:43:25","date_gmt":"2026-08-24T16:43:25","guid":{"rendered":"https:\/\/www.europesays.com\/de\/1257854\/"},"modified":"2026-08-24T16:43:25","modified_gmt":"2026-08-24T16:43:25","slug":"berlins-spitzenkandidaten-treffen-sich-bei-skandal-moschee-nur-cdu-macht-nicht-mit-politik","status":"publish","type":"post","link":"https:\/\/www.europesays.com\/de\/1257854\/","title":{"rendered":"Berlins Spitzenkandidaten treffen sich bei Skandal-Moschee \u2013\u00a0nur CDU macht nicht mit | Politik"},"content":{"rendered":"<p><a class=\"skip-content skip-content--link\" href=\"#in-content-skip-link-target-v-0-0\">TTS-Player \u00fcberspringen\u21b5<\/a><a id=\"in-content-skip-link-target-v-0-0\" class=\"skip-content--target-link-hidden skip-content skip-content--target-link\" href=\"#in-content-skip-link-target-v-0-0\">Artikel weiterlesen<\/a><\/p>\n<p data-83f060b9=\"0-2696\">Berlin \u2013 <b>Elefantenrunden haben Hochkonjunktur. Aber d\u00fcrfen Spitzenkandidaten vor der Berlin-Wahl (20. September) \u00fcberall hingehen? Die Hauptstadt-CDU boykottiert eine Einladung des Rates der Imame beim Verein Neuk\u00f6llner Begegnungsst\u00e4tte (NBS). Denn der tauchte im fr\u00fcheren Verfassungsschutzbericht auf und betreibt die umstrittene Dar-as-Salam-Moschee. \u201eUnfassbar naiv und gef\u00e4hrlich\u201c sei die Teilnahme, kanzelt die Union die Konkurrenz von SPD, Gr\u00fcnen, Linken und FDP ab.<\/b><\/p>\n<p data-83f060b9=\"0-2696\">Eine Linie, die auch Neuk\u00f6llns B\u00fcrgermeister <a href=\"https:\/\/www.bild.de\/politik\/inland\/neukoellns-buergermeister-hikel-er-kaempfte-gegen-clan-gewalt-die-spd-laesst-ihn-nun-fallen-691061290166cd59ef999939\" class=\"text-link\" rel=\"nofollow noopener\" target=\"_blank\">Martin Hikel<\/a> (40, SPD) zieht: \u201eIch war immer vorsichtig bei solchen Einladungen. Mit einer Teilnahme tr\u00e4gt man dazu bei, dass muslimbruderschaftsnahe Organisationen normalisiert werden. Immerhin ist sie eine islamistische Organisation, deren verl\u00e4ngerter bewaffneter Arm die Hamas im Nahen Osten ist.\u201c<\/p>\n<p>Gericht untersagte Erw\u00e4hnung<\/p>\n<p data-83f060b9=\"0-2696\">Der <a href=\"https:\/\/www.bild.de\/themen\/organisationen\/verfassungsschutz\/politik-nachrichten-news-fotos-videos-21195430.bild.html\" class=\"text-link\" rel=\"nofollow noopener\" target=\"_blank\">Berliner Verfassungsschutz<\/a> f\u00fchrte NBS bis 2016 als Teil eines der Muslimbruderschaft nahestehenden Geflechts. Gewalt als unmittelbares Mittel wird zwar abgelehnt. Sogenannte legalistische Islamisten wollen aber Staat und Gesellschaft schleichend nach ihren Vorstellungen umbauen. Sie entfalten eine \u201edesintegrative Wirkung\u201c, hei\u00dft es im Islamismus-Monitor 2026.<\/p>\n<p>\u201eCDU bekommt kalte F\u00fc\u00dfe\u201c<\/p>\n<p data-83f060b9=\"0-2696\">Das h\u00e4lt Spitzenpolitiker der Hauptstadt aber nicht ab. \u201eWenn die CDU schon kalte F\u00fc\u00dfe bekommt, wenn es um die direkte Konfrontation mit fragw\u00fcrdigen Organisationen geht, ist das nur peinlich\u201c, kontert FDP-Generalsekret\u00e4r Peter Langer (34). <\/p>\n<p data-83f060b9=\"0-2696\">Gr\u00fcnen-Spitzenfrau <a href=\"https:\/\/www.bild.de\/politik\/inland\/wirtschaft\/indianerhaeuptling-gruene-jarasch-entschuldigt-sich-fuer-kindheitserinnerung-75812076.bild.html\" class=\"text-link\" rel=\"nofollow noopener\" target=\"_blank\">Bettina Jarasch<\/a> (57) bleibt auch bei ihrer Zusage: \u201eGerade, wer Islamismus und Radikalisierung glaubw\u00fcrdig bek\u00e4mpfen will, braucht muslimische Partner und sollte den Dialog dort suchen, wo demokratische Grunds\u00e4tze gelebt werden.\u201c Der NBS werde seit 2018 nicht vom Verfassungsschutz erw\u00e4hnt. <\/p>\n<p data-83f060b9=\"0-2696\">ABER: Nach BILD-Informationen wurde die Erw\u00e4hnung nur aus formalen Gr\u00fcnden vom Oberverwaltungsgericht untersagt \u2013\u00a0eine Unbedenklichkeitserkl\u00e4rung war das keinesfalls. Eine weitere Beobachtung wurde nicht untersagt.<\/p>\n<p><img decoding=\"async\" width=\"992\" height=\"558\" alt=\"Vorsitzender und Imam der NBS ist Mohamed Sabri. Er hat in der \u00d6ffentlichkeit Selbstmordattentate, Terror und antisemitische Vorf\u00e4lle verurteilt\" loading=\"lazy\" src=\"https:\/\/www.europesays.com\/de\/wp-content\/uploads\/2026\/08\/f579e5a0db44e1d9ea77c42221d1fe59,3e700079.jpeg\"   class=\"landscape\"\/><\/p>\n<p class=\"fig__caption__text\">Vorsitzender und Imam der NBS ist Mohamed Sabri. Er hat \u00f6ffentlich Selbstmordattentate, Terror und antisemitische Vorf\u00e4lle verurteilt<\/p>\n<p>Foto: Ufuk Ucta<\/p>\n<p data-83f060b9=\"0-2696\">F\u00fcr die Linke ist der Fall kurz und knapp erkl\u00e4rt: \u201eDer <a href=\"https:\/\/www.bild.de\/politik\/inland\/csu-forderung-imame-in-deutschland-ausbilden-698315968e80b703b0c28cdf\" class=\"text-link\" rel=\"nofollow noopener\" target=\"_blank\">Rat der Imame<\/a> hat uns zu einem Gespr\u00e4ch zur Zukunft Berlins eingeladen und wir freuen uns, in den Dialog zu kommen.\u201c SPD-Spitzenkandidat <a href=\"https:\/\/www.bild.de\/politik\/inland\/steffen-krach-vor-russischem-haus-in-berlin-hier-koennen-wir-enteignen-liebe-linke-6a780bcb0e3689919ec755c5\" class=\"text-link\" rel=\"nofollow noopener\" target=\"_blank\">Steffen Krach<\/a>: \u201eWenn die CDU als einzige von f\u00fcnf Parteien an einer Diskussion nicht teilnehmen will, die von der Leiterin eines muslimischen Kindergartens moderiert wird, der regelm\u00e4\u00dfig mit j\u00fcdischen und evangelischen Tr\u00e4gern zusammenarbeitet, dann finde ich das unverantwortlich.\u201c Die AfD wurde nicht angefragt.<\/p>\n<p data-83f060b9=\"0-2696\">CDU-Spitzenkandidat <a href=\"https:\/\/www.bild.de\/politik\/inland\/interview-rundgang-mit-stefan-evers-cdu-ist-berlin-noch-zu-retten-6a5bb3d5918c0212ca51988f\" class=\"text-link\" rel=\"nofollow noopener\" target=\"_blank\">Stefan Evers <\/a>(46) wird am Freitag bei der Elefantenrunde der Neuk\u00f6llner Moschee fehlen: \u201eMit Islamisten diskutiert man nicht \u00fcber Demokratie.\u201c<\/p>\n","protected":false},"excerpt":{"rendered":"TTS-Player \u00fcberspringen\u21b5Artikel weiterlesen Berlin \u2013 Elefantenrunden haben Hochkonjunktur. Aber d\u00fcrfen Spitzenkandidaten vor der Berlin-Wahl (20. September) \u00fcberall hingehen?&hellip;\n","protected":false},"author":2,"featured_media":1257855,"comment_status":"","ping_status":"","sticky":false,"template":"","format":"standard","meta":{"footnotes":"","_share_on_mastodon":"0"},"categories":[2],"tags":[150,712,296,31,29,536,187,30,13,555,2117,556,14,15,12,184,10,8,9,11,6799],"class_list":["post-1257854","post","type-post","status-publish","format-standard","has-post-thumbnail","category-deutschland","tag-alternative-fuer-deutschland","tag-antisemitismus","tag-berlin","tag-cdu","tag-deutschland","tag-die-linke","tag-fdp","tag-germany","tag-headlines","tag-islam","tag-islamische-moschee","tag-islamismus","tag-nachrichten","tag-news","tag-schlagzeilen","tag-spd","tag-top-news","tag-top-meldungen","tag-topmeldungen","tag-topnews","tag-wahlkampf"],"share_on_mastodon":{"url":"https:\/\/pubeurope.com\/@de\/117151493879971325","error":""},"_links":{"self":[{"href":"https:\/\/www.europesays.com\/de\/wp-json\/wp\/v2\/posts\/1257854","targetHints":{"allow":["GET"]}}],"collection":[{"href":"https:\/\/www.europesays.com\/de\/wp-json\/wp\/v2\/posts"}],"about":[{"href":"https:\/\/www.europesays.com\/de\/wp-json\/wp\/v2\/types\/post"}],"author":[{"embeddable":true,"href":"https:\/\/www.europesays.com\/de\/wp-json\/wp\/v2\/users\/2"}],"replies":[{"embeddable":true,"href":"https:\/\/www.europesays.com\/de\/wp-json\/wp\/v2\/comments?post=1257854"}],"version-history":[{"count":0,"href":"https:\/\/www.europesays.com\/de\/wp-json\/wp\/v2\/posts\/1257854\/revisions"}],"wp:featuredmedia":[{"embeddable":true,"href":"https:\/\/www.europesays.com\/de\/wp-json\/wp\/v2\/media\/1257855"}],"wp:attachment":[{"href":"https:\/\/www.europesays.com\/de\/wp-json\/wp\/v2\/media?parent=1257854"}],"wp:term":[{"taxonomy":"category","embeddable":true,"href":"https:\/\/www.europesays.com\/de\/wp-json\/wp\/v2\/categories?post=1257854"},{"taxonomy":"post_tag","embeddable":true,"href":"https:\/\/www.europesays.com\/de\/wp-json\/wp\/v2\/tags?post=1257854"}],"curies":[{"name":"wp","href":"https:\/\/api.w.org\/{rel}","templated":true}]}}