{"id":1257856,"date":"2026-08-24T16:44:19","date_gmt":"2026-08-24T16:44:19","guid":{"rendered":"https:\/\/www.europesays.com\/de\/1257856\/"},"modified":"2026-08-24T16:44:19","modified_gmt":"2026-08-24T16:44:19","slug":"automobilindustrie-alle-muessen-mitziehen-vw-chef-fordert-gefolgschaft-der-mitarbeiter","status":"publish","type":"post","link":"https:\/\/www.europesays.com\/de\/1257856\/","title":{"rendered":"Automobilindustrie: \u201eAlle m\u00fcssen mitziehen\u201c \u2013 VW-Chef fordert Gefolgschaft der Mitarbeiter"},"content":{"rendered":"<p>Volkswagen-Chef Oliver Blume stimmt die Belegschaft auf harte Einschnitte ein. Angesichts einer \u201eMega-Krise\u201c der Autoindustrie fordert er Geschlossenheit und sieht den Konzern vor entscheidenden Jahren.<\/p>\n<p class=\"is-first-paragraph\" data-external=\"Article.FirstParagraph\">Volkswagen-Konzernchef Oliver Blume hat mit Blick auf enorme Herausforderungen f\u00fcr den Autobauer an den Zusammenhalt aller Mitarbeiter appelliert. \u201eAuf die n\u00e4chsten Wochen kommt es an: Alle m\u00fcssen mitziehen. Wir haben den gr\u00f6\u00dften Transformationsplan in der Geschichte des Volkswagen-Konzerns aufgesetzt\u201c,<a class=\"is-link c-block-items__link is-external c-link--rich-text-renderer\" href=\"https:\/\/www.bild.de\/politik\/inland\/9-betriebsversammlungen-in-7-tagen-woche-der-wahrheit-bei-volkswagen-6a893883c3692834ff6d904c\" target=\"_blank\" title=\"Link wird in einem neuen Tab ge\u00f6ffnet\" rel=\"nofollow noopener\" data-internal-tracking-enabled=\"true\" data-internal-tracking=\"{&quot;action&quot;:&quot;click&quot;,&quot;label&quot;:&quot;link&quot;,&quot;name&quot;:&quot;Inline Element&quot;,&quot;data&quot;:{&quot;source&quot;:&quot;&quot;,&quot;target&quot;:&quot;https:\/\/www.bild.de\/politik\/inland\/9-betriebsversammlungen-in-7-tagen-woche-der-wahrheit-bei-volkswagen-6a893883c3692834ff6d904c&quot;,&quot;trackingName&quot;:&quot;&quot;,&quot;trackingLabel&quot;:&quot;&quot;}}\"> sagte Blume der \u201eBild am Sonntag\u201c<\/a>. Die Zeitung sprach dabei gar von einem \u201eShowdown\u201c.<\/p>\n<p>Die n\u00e4chsten Jahre seien entscheidend, wer im Rennen bleibe und wer an die Spitze fahre. Es gebe enormen Spardruck, der auf einem fundamentalen Marktwandel und globalen Verwerfungen zur\u00fcckzuf\u00fchren sei. Die weltweite Autoindustrie sei in einer Mega-Krise. \u201eUnd der Volkswagen-Konzern ist mittendrin. Geopolitik, Handelsbarrieren, Regulatorik, schwache M\u00e4rkte und massiver Wettbewerb fordern alle\u201c, erkl\u00e4rte Blume.<\/p>\n<p>In der kommenden Woche gibt es der \u201eBams\u201c zufolge eine Reihe von au\u00dferordentlichen Betriebsversammlungen. Blume will am Dienstag in Wolfsburg sowie am Mittwoch in Emden und Zwickau pers\u00f6nlich daran teilnehmen. Die Versammlungen finden vor dem Hintergrund eines umfassenden Sparkurses statt. Die Arbeitnehmerseite habe vor den Werksferien Details zu den Sparpl\u00e4nen und Entlassungen verlangt. Blume hatte zuletzt von weltweit rund 50.000 abzubauenden Stellen gesprochen, um die Gemeinkosten auf ein \u201ewettbewerbsf\u00e4higes Niveau\u201c zu senken.<\/p>\n<p>Blume war bereits am Dienstag aus einem Interview mit den Worten zitiert worden, bei Volkswagen gebe es dringenden Handlungsbedarf. Die Lage sei mehr als kritisch. Die Rendite von 3,8 Prozent sei im gegenw\u00e4rtigen Umfeld zwar solide, reiche aber nicht aus, um dauerhaft ausreichende Mittel f\u00fcr neue Technologien und Produkte zu erwirtschaften. Der Konzern sei \u00fcberdimensioniert, zu langsam und zu kompliziert. Nach fr\u00fcheren Berichten stehen unter anderem die VW-Standorte Emden, Hannover, Zwickau und Neckarsulm besonders im Fokus der Sparpl\u00e4ne.<\/p>\n<p>In der Diskussion um die Wettbewerbsf\u00e4higkeit der deutschen Autoindustrie wird inzwischen auch die 35-Stunden-Woche infrage gestellt. Die passe nicht mehr in die Zeit, hatte Ministerpr\u00e4sident Michael Kretschmer (CDU) vor etwa einem Monat im Interview mit dem Deutschlandfunk gesagt. R\u00f6sler kontert: \u201eDie Belastung durch Schichtarbeit ist hoch.\u201c Die Besch\u00e4ftigten in Zwickau zeigten sich mit Sonderschichten und Schichtverl\u00e4ngerungen flexibel und arbeiteten tats\u00e4chlich h\u00e4ufig 39 Stunden pro Woche und mehr. Eine Anhebung der Wochenarbeitszeit w\u00fcrde zudem dazu f\u00fchren, dass weniger Personal gebraucht werde und mehr Menschen ihre Arbeit verlieren, betont er.<\/p>\n<p>Reuters\/dpa\/kami<\/p>\n","protected":false},"excerpt":{"rendered":"Volkswagen-Chef Oliver Blume stimmt die Belegschaft auf harte Einschnitte ein. Angesichts einer \u201eMega-Krise\u201c der Autoindustrie fordert er Geschlossenheit&hellip;\n","protected":false},"author":2,"featured_media":1257857,"comment_status":"","ping_status":"","sticky":false,"template":"","format":"standard","meta":{"footnotes":"","_share_on_mastodon":"0"},"categories":[5],"tags":[22370,13,147146,14,15,250153,110,6443,12,45,10,8,9,11,373,603],"class_list":["post-1257856","post","type-post","status-publish","format-standard","has-post-thumbnail","category-nachrichten","tag-blume","tag-headlines","tag-ig-metall-industriegewerkschaft-metall-ks","tag-nachrichten","tag-news","tag-newsos-import-welt","tag-newsteam","tag-oliver","tag-schlagzeilen","tag-texttospeech","tag-top-news","tag-top-meldungen","tag-topmeldungen","tag-topnews","tag-volkswagen","tag-vw"],"share_on_mastodon":{"url":"https:\/\/pubeurope.com\/@de\/117151496136344419","error":""},"_links":{"self":[{"href":"https:\/\/www.europesays.com\/de\/wp-json\/wp\/v2\/posts\/1257856","targetHints":{"allow":["GET"]}}],"collection":[{"href":"https:\/\/www.europesays.com\/de\/wp-json\/wp\/v2\/posts"}],"about":[{"href":"https:\/\/www.europesays.com\/de\/wp-json\/wp\/v2\/types\/post"}],"author":[{"embeddable":true,"href":"https:\/\/www.europesays.com\/de\/wp-json\/wp\/v2\/users\/2"}],"replies":[{"embeddable":true,"href":"https:\/\/www.europesays.com\/de\/wp-json\/wp\/v2\/comments?post=1257856"}],"version-history":[{"count":0,"href":"https:\/\/www.europesays.com\/de\/wp-json\/wp\/v2\/posts\/1257856\/revisions"}],"wp:featuredmedia":[{"embeddable":true,"href":"https:\/\/www.europesays.com\/de\/wp-json\/wp\/v2\/media\/1257857"}],"wp:attachment":[{"href":"https:\/\/www.europesays.com\/de\/wp-json\/wp\/v2\/media?parent=1257856"}],"wp:term":[{"taxonomy":"category","embeddable":true,"href":"https:\/\/www.europesays.com\/de\/wp-json\/wp\/v2\/categories?post=1257856"},{"taxonomy":"post_tag","embeddable":true,"href":"https:\/\/www.europesays.com\/de\/wp-json\/wp\/v2\/tags?post=1257856"}],"curies":[{"name":"wp","href":"https:\/\/api.w.org\/{rel}","templated":true}]}}