{"id":1257877,"date":"2026-08-24T16:56:16","date_gmt":"2026-08-24T16:56:16","guid":{"rendered":"https:\/\/www.europesays.com\/de\/1257877\/"},"modified":"2026-08-24T16:56:16","modified_gmt":"2026-08-24T16:56:16","slug":"messerangriff-in-heilsbronn-bundesgerichtshof-hebt-urteil-auf","status":"publish","type":"post","link":"https:\/\/www.europesays.com\/de\/1257877\/","title":{"rendered":"Messerangriff in Heilsbronn: Bundesgerichtshof hebt Urteil auf"},"content":{"rendered":"<p>Der Bundesgerichtshof in Karlsruhe hat das Urteil im Fall eines lebensgef\u00e4hrlichen Messerangriffs in Heilsbronn im Landkreis Ansbach aufgehoben. Auf BR-Anfrage wies das Gericht auf einen m\u00f6glichen Fehler in der Strafzumessung durch das Landgericht Ansbach hin, also bei der konkreten Strafe f\u00fcr den Verurteilten. Der Fall wurde an eine andere Strafkammer des Landgerichts zur\u00fcckverwiesen.<\/p>\n<p>41-J\u00e4hriger mit mehreren Messerstichen schwer verletzt<\/p>\n<p>Im Februar 2025 hatte ein damals 26-j\u00e4hriger T\u00fcrke versucht, einen 41-J\u00e4hrigen vor seiner Wohnungst\u00fcr in Heilsbronn im Landkreis Ansbach mit mehreren Messerstichen zu t\u00f6ten. Zun\u00e4chst fl\u00fcchtete der Mann, wenige Wochen nach der Tat konnte er in Gro\u00dfbritannien festgenommen werden.<\/p>\n<p>Die Staatsanwaltschaft sprach schnell von einem organisierten Auftragsmord. Das genaue Motiv wurde allerdings auch w\u00e4hrend des Prozesses nicht gekl\u00e4rt, da sich m\u00f6gliche Hinterm\u00e4nner in der T\u00fcrkei befinden. Das Opfer, ein Mitarbeiter in<a href=\"https:\/\/www.br.de\/nachrichten\/bayern\/prozess-um-versuchten-auftragsmord-war-fitnessmarke-das-ziel,V3YI8Ns\" rel=\"nofollow noopener\" target=\"_blank\"> leitender Funktion der Fitnessmarke TEVEO<\/a>, \u00fcberlebte den Angriff nur knapp. <\/p>\n<p>26-J\u00e4hriger gesteht zum Prozessauftakt<\/p>\n<p>Der 26-J\u00e4hrige hatte die Tat direkt zu Prozessbeginn gestanden. Gemeinsam mit einem Komplizen, den er aus Kindheitstagen aus der T\u00fcrkei kenne, habe er den Angriff geplant und ihn anschlie\u00dfend umgesetzt. Er gab an, vorher bedroht worden zu sein, sollte er den Auftrag nicht ausf\u00fchren. Der Auftraggeber befand sich nach Informationen der Staatsanwaltschaft in Frankreich. Der Auftrag selbst komme wohl aus der t\u00fcrkischen Stadt Bursa, wie der Verurteilte w\u00e4hrend des Prozesses angab. Der zweite T\u00e4ter hat sich demnach in die T\u00fcrkei abgesetzt.<\/p>\n<p>Verteidiger legte erfolgreich Revision ein<\/p>\n<p>Der T\u00e4ter wurde im Dezember vergangenen Jahres wegen versuchten Mordes zu 13 Jahren und sechs Monaten Haft verurteilt. Sein Verteidiger legte daraufhin Revision beim Bundesgerichtshof ein. Seiner Meinung nach hat der T\u00e4ter die Tat noch rechtzeitig bewusst abgebrochen. Er pl\u00e4dierte auf sechs Jahre Haft. Nun kommt der Fall nochmals vor Gericht.<\/p>\n<p>Strafma\u00df sei neu zu bewerten<\/p>\n<p>Laut einer Sprecherin des Landgerichts Ansbach stehen allerdings der Schuldspruch, der Tathergang und die Einordnung als versuchter Mord fest. Allein in der Strafzumessung habe nach Pr\u00fcfung des Bundesgerichtshofs hinsichtlich eines Arguments eine neue Bewertung zu erfolgen. Mit einer gro\u00dfen Ver\u00e4nderung des Strafma\u00dfes sei nicht zu rechnen. Dennoch meinte die Sprecherin des Landgerichts Ansbach: &#8222;Nat\u00fcrlich ist unser Bestreben, nicht aufgehoben zu werden. Es ist dramatisch, wenn sowas passiert.&#8220;<\/p>\n<ul>\n<li>\u00dcber das Thema berichtet auch <a href=\"https:\/\/www.flz.de\/bundesgerichtshof-hebt-urteil-auf-neuer-prozess-zu-messerangriff-in-heilsbronn\/cnt-id-ps-45909681-5a62-410b-9b8a-d4f80e6b2da5\" rel=\"nofollow noopener\" target=\"_blank\">FLZ.de<\/a> (externer Link, m\u00f6glicherweise Bezahl-Inhalt) <\/li>\n<\/ul>\n<p>Es werde auch keinen neuen gro\u00dfangelegten Prozess geben, sondern lediglich eine wohl kurz andauernde Verhandlung, so die Sprecherin. Ob der Gesch\u00e4digte zu diesem Termin erscheinen muss, ist noch nicht klar. Wann die Verhandlung stattfindet, ist ebenfalls noch nicht bekannt.<\/p>\n","protected":false},"excerpt":{"rendered":"Der Bundesgerichtshof in Karlsruhe hat das Urteil im Fall eines lebensgef\u00e4hrlichen Messerangriffs in Heilsbronn im Landkreis Ansbach aufgehoben.&hellip;\n","protected":false},"author":2,"featured_media":1257878,"comment_status":"","ping_status":"","sticky":false,"template":"","format":"standard","meta":{"footnotes":"","_share_on_mastodon":"0"},"categories":[1844],"tags":[1634,6644,3364,29,30,8903,260074,2841,4156,1269,1243],"class_list":["post-1257877","post","type-post","status-publish","format-standard","has-post-thumbnail","category-karlsruhe","tag-baden-wuerttemberg","tag-bundesgerichtshof","tag-de","tag-deutschland","tag-germany","tag-karlsruhe","tag-landgericht-ansbach","tag-messerangriff","tag-mittelfranken","tag-prozess","tag-urteil"],"share_on_mastodon":{"url":"https:\/\/pubeurope.com\/@de\/117151543484603682","error":""},"_links":{"self":[{"href":"https:\/\/www.europesays.com\/de\/wp-json\/wp\/v2\/posts\/1257877","targetHints":{"allow":["GET"]}}],"collection":[{"href":"https:\/\/www.europesays.com\/de\/wp-json\/wp\/v2\/posts"}],"about":[{"href":"https:\/\/www.europesays.com\/de\/wp-json\/wp\/v2\/types\/post"}],"author":[{"embeddable":true,"href":"https:\/\/www.europesays.com\/de\/wp-json\/wp\/v2\/users\/2"}],"replies":[{"embeddable":true,"href":"https:\/\/www.europesays.com\/de\/wp-json\/wp\/v2\/comments?post=1257877"}],"version-history":[{"count":0,"href":"https:\/\/www.europesays.com\/de\/wp-json\/wp\/v2\/posts\/1257877\/revisions"}],"wp:featuredmedia":[{"embeddable":true,"href":"https:\/\/www.europesays.com\/de\/wp-json\/wp\/v2\/media\/1257878"}],"wp:attachment":[{"href":"https:\/\/www.europesays.com\/de\/wp-json\/wp\/v2\/media?parent=1257877"}],"wp:term":[{"taxonomy":"category","embeddable":true,"href":"https:\/\/www.europesays.com\/de\/wp-json\/wp\/v2\/categories?post=1257877"},{"taxonomy":"post_tag","embeddable":true,"href":"https:\/\/www.europesays.com\/de\/wp-json\/wp\/v2\/tags?post=1257877"}],"curies":[{"name":"wp","href":"https:\/\/api.w.org\/{rel}","templated":true}]}}